{"id":13421,"date":"2020-07-30T12:03:52","date_gmt":"2020-07-30T10:03:52","guid":{"rendered":"https:\/\/www.tuseichholzremmighausen.de\/wordpress\/?p=13421"},"modified":"2020-09-11T20:38:04","modified_gmt":"2020-09-11T18:38:04","slug":"verletzung-verhindert-zehnkampf-quali","status":"publish","type":"post","link":"https:\/\/www.tuseichholzremmighausen.de\/wordpress\/archives\/13421","title":{"rendered":"Verletzung verhindert Zehnkampf-Quali"},"content":{"rendered":"<p>Mit gro\u00dfen Erwartungen war Gerrit Gr\u00f6ne von der LG Lippe-S\u00fcd mit seinem Trainer Klaus Brand zu einem Zehnkampf extra nach Wiesbaden gereist, um die <strong>Qualifikation f\u00fcr die deutschen Mehrkampfmeisterschaften<\/strong> in Vaterstetten zu schaffen. Seine gute Form hatte sich schon beim \u201eCorona-Re-Start-Mehrkampf\u201c in Blomberg gezeigt, also er mit sehr guten Leistungen auf insgesamt 5649 Punkte gekommen war &#8211; es fehlten also f\u00fcr den U18-Athleten nur noch 151 P\u00fcnktchen aus 10 Disziplinen zum gr\u00f6\u00dften Wettkampf seiner bisherigen Karriere. Als dann am 25.\/26.7. ein Mehrkampfmeeting in Wiesbaden angeboten wurde, nutzten Trainer und Athlet die Ferientage und trainierten t\u00e4glich Technik-Einheiten im Blomberger Stadion, um die durchaus m\u00f6gliche Qualifikation noch zu erreichen.<\/p>\n<p><a href=\"https:\/\/i0.wp.com\/www.tuseichholzremmighausen.de\/wordpress\/wp-content\/uploads\/2020\/07\/LG-Sued_072020_02.jpg?ssl=1\"><img data-recalc-dims=\"1\" loading=\"lazy\" decoding=\"async\" data-attachment-id=\"13420\" data-permalink=\"https:\/\/www.tuseichholzremmighausen.de\/wordpress\/archives\/13421\/lg-sued_072020_02\" data-orig-file=\"https:\/\/i0.wp.com\/www.tuseichholzremmighausen.de\/wordpress\/wp-content\/uploads\/2020\/07\/LG-Sued_072020_02.jpg?fit=450%2C600&amp;ssl=1\" data-orig-size=\"450,600\" data-comments-opened=\"0\" data-image-meta=\"{&quot;aperture&quot;:&quot;2.2&quot;,&quot;credit&quot;:&quot;&quot;,&quot;camera&quot;:&quot;iPhone 6&quot;,&quot;caption&quot;:&quot;&quot;,&quot;created_timestamp&quot;:&quot;1595679122&quot;,&quot;copyright&quot;:&quot;&quot;,&quot;focal_length&quot;:&quot;4.15&quot;,&quot;iso&quot;:&quot;32&quot;,&quot;shutter_speed&quot;:&quot;0.00073313&quot;,&quot;title&quot;:&quot;&quot;,&quot;orientation&quot;:&quot;1&quot;}\" data-image-title=\"LG-Sued_072020_02\" data-image-description=\"\" data-image-caption=\"\" data-large-file=\"https:\/\/i0.wp.com\/www.tuseichholzremmighausen.de\/wordpress\/wp-content\/uploads\/2020\/07\/LG-Sued_072020_02.jpg?fit=450%2C600&amp;ssl=1\" class=\"alignleft size-full wp-image-13420\" src=\"https:\/\/i0.wp.com\/www.tuseichholzremmighausen.de\/wordpress\/wp-content\/uploads\/2020\/07\/LG-Sued_072020_02.jpg?resize=450%2C600&#038;ssl=1\" alt=\"\" width=\"450\" height=\"600\" srcset=\"https:\/\/i0.wp.com\/www.tuseichholzremmighausen.de\/wordpress\/wp-content\/uploads\/2020\/07\/LG-Sued_072020_02.jpg?w=450&amp;ssl=1 450w, https:\/\/i0.wp.com\/www.tuseichholzremmighausen.de\/wordpress\/wp-content\/uploads\/2020\/07\/LG-Sued_072020_02.jpg?resize=225%2C300&amp;ssl=1 225w\" sizes=\"auto, (max-width: 450px) 100vw, 450px\" \/><\/a><\/p>\n<p>Dort bekamen beide unerwartet Unterst\u00fctzung: Anne und Ulf Restle, die seit 20 Jahren mit dem SV Wiesbaden das Trainingslager der LG Lippe-S\u00fcd auf Norderney mit besuchen, kamen ins Stadion und luden zu einer tollen chinesischen Reispfanne am Abend ein.<\/p>\n<p>Doch der Wettkampf verlief nicht nach Plan. Schon in der ersten Disziplin, dem 100m-Lauf, bekam Gerrit mit 1,6m Gegenwind alles Andere als ideale Bedingungen gegen die Mehrkampf-Elite aus der Frankfurter Region: Mit 11,83s fehlten gleich 3\/10s. Im Weitsprung kam Gerrit mit 5,85m auf 1cm an seine Bestleistung heran, im Kugelsto\u00df entsprachen die 12,17m seinen M\u00f6glichkeiten. Im Hochsprung platzte dann der Knoten. Hatte er bisher nur 1,61m stehen, \u00fcbersprang Gerrit nun bis 1,68m alle H\u00f6hen im ersten Versuch und schaffte sogar noch die 1,72m. Mit dieser Steigerung um 11cm im Kopf lief er dann \u00fcber 400m mit 54,52s eine sehr gute Zeit und schloss den ersten Tag mit 3039 Punkten ab. Damit war man wieder in der Spur.<\/p>\n<p>Leider ging es nicht so weiter. Schon beim Einlaufen am zweiten Tag klagte Gerrit \u00fcber eine Knochenhautreizung am rechten Bein. Zwar qu\u00e4lte er sich noch mit starken 15,72s \u00fcber die 110mH\u00fcrden, doch nach dem Diskuswurf mit 31,08m wurden die Schmerzen zu gro\u00df. Noch vor dem Stabhochsprung, der nach den Trainingseindr\u00fccken entscheidende Punkte h\u00e4tte bringen sollen, musste abgebrochen werden, und Trainer und Athlet mussten sich entt\u00e4uscht auf den langen Weg zur\u00fcck ins Lipperland machen.<\/p>\n<p>Schade! Seit etlichen Jahren w\u00e4re Gerrit Gr\u00f6ne wieder der erste Zehnkampf-Starter aus Lippe bei Deutschen Meisterschaften gewesen, doch so etwas l\u00e4sst sich im Sport und besonders in einer so aufw\u00e4ndigen Disziplin eben immer nur bedingt planen. Da mit Manuel David, Hauke Herlemann und Enno Tennstedt sich aber weitere leistungsstarke U18-Athleten immer weiter entwickelt haben, nimmt Trainer Klaus Brand nun die Meisterschaften im n\u00e4chsten Jahr in den Blick. Darauf darf man heute schon gespannt sein\u2026.<\/p>\n<p>gez.: Klaus Brand<\/p>\n<p>&nbsp;<\/p>\n<p>&nbsp;<\/p>\n","protected":false},"excerpt":{"rendered":"<p>Mit gro\u00dfen Erwartungen war Gerrit Gr\u00f6ne von der LG Lippe-S\u00fcd mit seinem Trainer Klaus Brand zu einem Zehnkampf extra nach<\/p>\n","protected":false},"author":46,"featured_media":13419,"comment_status":"closed","ping_status":"open","sticky":false,"template":"","format":"standard","meta":{"colormag_page_container_layout":"default_layout","colormag_page_sidebar_layout":"default_layout","_jetpack_memberships_contains_paid_content":false,"footnotes":"","jetpack_publicize_message":"","jetpack_publicize_feature_enabled":true,"jetpack_social_post_already_shared":true,"jetpack_social_options":{"image_generator_settings":{"template":"highway","default_image_id":0,"font":"","enabled":false},"version":2}},"categories":[157,60,162],"tags":[],"class_list":["post-13421","post","type-post","status-publish","format-standard","has-post-thumbnail","hentry","category-archiv","category-tul-aktuell","category-tus-aktuell"],"jetpack_publicize_connections":[],"jetpack_featured_media_url":"https:\/\/i0.wp.com\/www.tuseichholzremmighausen.de\/wordpress\/wp-content\/uploads\/2020\/07\/LG-Sued_072020_01.jpg?fit=800%2C445&ssl=1","jetpack_sharing_enabled":true,"_links":{"self":[{"href":"https:\/\/www.tuseichholzremmighausen.de\/wordpress\/wp-json\/wp\/v2\/posts\/13421","targetHints":{"allow":["GET"]}}],"collection":[{"href":"https:\/\/www.tuseichholzremmighausen.de\/wordpress\/wp-json\/wp\/v2\/posts"}],"about":[{"href":"https:\/\/www.tuseichholzremmighausen.de\/wordpress\/wp-json\/wp\/v2\/types\/post"}],"author":[{"embeddable":true,"href":"https:\/\/www.tuseichholzremmighausen.de\/wordpress\/wp-json\/wp\/v2\/users\/46"}],"replies":[{"embeddable":true,"href":"https:\/\/www.tuseichholzremmighausen.de\/wordpress\/wp-json\/wp\/v2\/comments?post=13421"}],"version-history":[{"count":0,"href":"https:\/\/www.tuseichholzremmighausen.de\/wordpress\/wp-json\/wp\/v2\/posts\/13421\/revisions"}],"wp:featuredmedia":[{"embeddable":true,"href":"https:\/\/www.tuseichholzremmighausen.de\/wordpress\/wp-json\/wp\/v2\/media\/13419"}],"wp:attachment":[{"href":"https:\/\/www.tuseichholzremmighausen.de\/wordpress\/wp-json\/wp\/v2\/media?parent=13421"}],"wp:term":[{"taxonomy":"category","embeddable":true,"href":"https:\/\/www.tuseichholzremmighausen.de\/wordpress\/wp-json\/wp\/v2\/categories?post=13421"},{"taxonomy":"post_tag","embeddable":true,"href":"https:\/\/www.tuseichholzremmighausen.de\/wordpress\/wp-json\/wp\/v2\/tags?post=13421"}],"curies":[{"name":"wp","href":"https:\/\/api.w.org\/{rel}","templated":true}]}}