{"id":13424,"date":"2020-07-30T14:31:35","date_gmt":"2020-07-30T12:31:35","guid":{"rendered":"https:\/\/www.tuseichholzremmighausen.de\/wordpress\/?p=13424"},"modified":"2020-09-11T20:38:04","modified_gmt":"2020-09-11T18:38:04","slug":"platzprobleme-behoben","status":"publish","type":"post","link":"https:\/\/www.tuseichholzremmighausen.de\/wordpress\/archives\/13424","title":{"rendered":"Platzprobleme behoben!"},"content":{"rendered":"<p>Die Vorbereitungen laufen . . . .<\/p>\n<p>In der Sporthalle Eichholz tut sich was. Die Platzprobleme zur Unterbringung der Sportger\u00e4te wurden jetzt behoben. In einer konzentrierten Aktion, unter Leitung des Vorsitzenden Thorsten Bewersdorff, wurde eine neue Zwischenwand eingebaut um die Abstellm\u00f6glichkeiten zu vergr\u00f6\u00dfern.<\/p>\n<p><a href=\"https:\/\/i0.wp.com\/www.tuseichholzremmighausen.de\/wordpress\/wp-content\/uploads\/2020\/07\/halle_eichholz_01.jpg?ssl=1\"><img data-recalc-dims=\"1\" loading=\"lazy\" decoding=\"async\" data-attachment-id=\"13425\" data-permalink=\"https:\/\/www.tuseichholzremmighausen.de\/wordpress\/archives\/13424\/halle_eichholz_01\" data-orig-file=\"https:\/\/i0.wp.com\/www.tuseichholzremmighausen.de\/wordpress\/wp-content\/uploads\/2020\/07\/halle_eichholz_01.jpg?fit=1200%2C497&amp;ssl=1\" data-orig-size=\"1200,497\" data-comments-opened=\"0\" data-image-meta=\"{&quot;aperture&quot;:&quot;0&quot;,&quot;credit&quot;:&quot;&quot;,&quot;camera&quot;:&quot;&quot;,&quot;caption&quot;:&quot;&quot;,&quot;created_timestamp&quot;:&quot;0&quot;,&quot;copyright&quot;:&quot;&quot;,&quot;focal_length&quot;:&quot;0&quot;,&quot;iso&quot;:&quot;0&quot;,&quot;shutter_speed&quot;:&quot;0&quot;,&quot;title&quot;:&quot;&quot;,&quot;orientation&quot;:&quot;0&quot;}\" data-image-title=\"halle_eichholz_01\" data-image-description=\"\" data-image-caption=\"\" data-large-file=\"https:\/\/i0.wp.com\/www.tuseichholzremmighausen.de\/wordpress\/wp-content\/uploads\/2020\/07\/halle_eichholz_01.jpg?fit=800%2C331&amp;ssl=1\" class=\"alignleft size-full wp-image-13425\" src=\"https:\/\/i0.wp.com\/www.tuseichholzremmighausen.de\/wordpress\/wp-content\/uploads\/2020\/07\/halle_eichholz_01.jpg?resize=800%2C331&#038;ssl=1\" alt=\"\" width=\"800\" height=\"331\" srcset=\"https:\/\/i0.wp.com\/www.tuseichholzremmighausen.de\/wordpress\/wp-content\/uploads\/2020\/07\/halle_eichholz_01.jpg?w=1200&amp;ssl=1 1200w, https:\/\/i0.wp.com\/www.tuseichholzremmighausen.de\/wordpress\/wp-content\/uploads\/2020\/07\/halle_eichholz_01.jpg?resize=600%2C249&amp;ssl=1 600w, https:\/\/i0.wp.com\/www.tuseichholzremmighausen.de\/wordpress\/wp-content\/uploads\/2020\/07\/halle_eichholz_01.jpg?resize=300%2C124&amp;ssl=1 300w, https:\/\/i0.wp.com\/www.tuseichholzremmighausen.de\/wordpress\/wp-content\/uploads\/2020\/07\/halle_eichholz_01.jpg?resize=1024%2C424&amp;ssl=1 1024w, https:\/\/i0.wp.com\/www.tuseichholzremmighausen.de\/wordpress\/wp-content\/uploads\/2020\/07\/halle_eichholz_01.jpg?resize=768%2C318&amp;ssl=1 768w\" sizes=\"auto, (max-width: 800px) 100vw, 800px\" \/><\/a><\/p>\n<p>Das alte Abstellr\u00e4umchen wurde mit Hilfe der TuL-Abteilung entfernt. Nun sind alle Sportger\u00e4te leicht zug\u00e4nglich und gut sortiert untergebracht und der Auf\/Abbau f\u00fcr einen \u00dcbungsbetrieb funktioniert reibungslos.<\/p>\n<p>Vielen Dank an die flei\u00dfigen Helfer.<\/p>\n<p><a href=\"https:\/\/i0.wp.com\/www.tuseichholzremmighausen.de\/wordpress\/wp-content\/uploads\/2020\/07\/halle_eichholz_02.jpg?ssl=1\"><img data-recalc-dims=\"1\" loading=\"lazy\" decoding=\"async\" data-attachment-id=\"13426\" data-permalink=\"https:\/\/www.tuseichholzremmighausen.de\/wordpress\/archives\/13424\/halle_eichholz_02\" data-orig-file=\"https:\/\/i0.wp.com\/www.tuseichholzremmighausen.de\/wordpress\/wp-content\/uploads\/2020\/07\/halle_eichholz_02.jpg?fit=1200%2C386&amp;ssl=1\" data-orig-size=\"1200,386\" data-comments-opened=\"0\" data-image-meta=\"{&quot;aperture&quot;:&quot;0&quot;,&quot;credit&quot;:&quot;&quot;,&quot;camera&quot;:&quot;&quot;,&quot;caption&quot;:&quot;&quot;,&quot;created_timestamp&quot;:&quot;0&quot;,&quot;copyright&quot;:&quot;&quot;,&quot;focal_length&quot;:&quot;0&quot;,&quot;iso&quot;:&quot;0&quot;,&quot;shutter_speed&quot;:&quot;0&quot;,&quot;title&quot;:&quot;&quot;,&quot;orientation&quot;:&quot;0&quot;}\" data-image-title=\"halle_eichholz_02\" data-image-description=\"\" data-image-caption=\"\" data-large-file=\"https:\/\/i0.wp.com\/www.tuseichholzremmighausen.de\/wordpress\/wp-content\/uploads\/2020\/07\/halle_eichholz_02.jpg?fit=800%2C257&amp;ssl=1\" class=\"alignleft size-full wp-image-13426\" src=\"https:\/\/i0.wp.com\/www.tuseichholzremmighausen.de\/wordpress\/wp-content\/uploads\/2020\/07\/halle_eichholz_02.jpg?resize=800%2C257&#038;ssl=1\" alt=\"\" width=\"800\" height=\"257\" srcset=\"https:\/\/i0.wp.com\/www.tuseichholzremmighausen.de\/wordpress\/wp-content\/uploads\/2020\/07\/halle_eichholz_02.jpg?w=1200&amp;ssl=1 1200w, https:\/\/i0.wp.com\/www.tuseichholzremmighausen.de\/wordpress\/wp-content\/uploads\/2020\/07\/halle_eichholz_02.jpg?resize=600%2C193&amp;ssl=1 600w, https:\/\/i0.wp.com\/www.tuseichholzremmighausen.de\/wordpress\/wp-content\/uploads\/2020\/07\/halle_eichholz_02.jpg?resize=300%2C97&amp;ssl=1 300w, https:\/\/i0.wp.com\/www.tuseichholzremmighausen.de\/wordpress\/wp-content\/uploads\/2020\/07\/halle_eichholz_02.jpg?resize=1024%2C329&amp;ssl=1 1024w, https:\/\/i0.wp.com\/www.tuseichholzremmighausen.de\/wordpress\/wp-content\/uploads\/2020\/07\/halle_eichholz_02.jpg?resize=768%2C247&amp;ssl=1 768w\" sizes=\"auto, (max-width: 800px) 100vw, 800px\" \/><\/a><\/p>\n","protected":false},"excerpt":{"rendered":"<p>Die Vorbereitungen laufen . . . . In der Sporthalle Eichholz tut sich was. Die Platzprobleme zur Unterbringung der Sportger\u00e4te<\/p>\n","protected":false},"author":46,"featured_media":13427,"comment_status":"closed","ping_status":"open","sticky":false,"template":"","format":"standard","meta":{"colormag_page_container_layout":"default_layout","colormag_page_sidebar_layout":"default_layout","_jetpack_memberships_contains_paid_content":false,"footnotes":"","jetpack_publicize_message":"","jetpack_publicize_feature_enabled":true,"jetpack_social_post_already_shared":true,"jetpack_social_options":{"image_generator_settings":{"template":"highway","default_image_id":0,"font":"","enabled":false},"version":2}},"categories":[157,60,162,211],"tags":[],"class_list":["post-13424","post","type-post","status-publish","format-standard","has-post-thumbnail","hentry","category-archiv","category-tul-aktuell","category-tus-aktuell","category-vorstand"],"jetpack_publicize_connections":[],"jetpack_featured_media_url":"https:\/\/i0.wp.com\/www.tuseichholzremmighausen.de\/wordpress\/wp-content\/uploads\/2020\/07\/halle_eichholz_titel.jpg?fit=800%2C445&ssl=1","jetpack_sharing_enabled":true,"_links":{"self":[{"href":"https:\/\/www.tuseichholzremmighausen.de\/wordpress\/wp-json\/wp\/v2\/posts\/13424","targetHints":{"allow":["GET"]}}],"collection":[{"href":"https:\/\/www.tuseichholzremmighausen.de\/wordpress\/wp-json\/wp\/v2\/posts"}],"about":[{"href":"https:\/\/www.tuseichholzremmighausen.de\/wordpress\/wp-json\/wp\/v2\/types\/post"}],"author":[{"embeddable":true,"href":"https:\/\/www.tuseichholzremmighausen.de\/wordpress\/wp-json\/wp\/v2\/users\/46"}],"replies":[{"embeddable":true,"href":"https:\/\/www.tuseichholzremmighausen.de\/wordpress\/wp-json\/wp\/v2\/comments?post=13424"}],"version-history":[{"count":0,"href":"https:\/\/www.tuseichholzremmighausen.de\/wordpress\/wp-json\/wp\/v2\/posts\/13424\/revisions"}],"wp:featuredmedia":[{"embeddable":true,"href":"https:\/\/www.tuseichholzremmighausen.de\/wordpress\/wp-json\/wp\/v2\/media\/13427"}],"wp:attachment":[{"href":"https:\/\/www.tuseichholzremmighausen.de\/wordpress\/wp-json\/wp\/v2\/media?parent=13424"}],"wp:term":[{"taxonomy":"category","embeddable":true,"href":"https:\/\/www.tuseichholzremmighausen.de\/wordpress\/wp-json\/wp\/v2\/categories?post=13424"},{"taxonomy":"post_tag","embeddable":true,"href":"https:\/\/www.tuseichholzremmighausen.de\/wordpress\/wp-json\/wp\/v2\/tags?post=13424"}],"curies":[{"name":"wp","href":"https:\/\/api.w.org\/{rel}","templated":true}]}}