{"id":13587,"date":"2020-08-25T12:23:05","date_gmt":"2020-08-25T10:23:05","guid":{"rendered":"https:\/\/www.tuseichholzremmighausen.de\/wordpress\/?p=13587"},"modified":"2020-09-11T20:38:04","modified_gmt":"2020-09-11T18:38:04","slug":"naroz-abschied-auf-in-die-neue-saison","status":"publish","type":"post","link":"https:\/\/www.tuseichholzremmighausen.de\/wordpress\/archives\/13587","title":{"rendered":"Naroz Abschied \u201eAuf in die neue Saison!\u201c"},"content":{"rendered":"<p><strong>Abbruch 19\/20 &#8211; Abschluss \u2013 Auflagen \u2013 Abschied \u2013 Auf in die neue Saison 20\/21<\/strong><\/p>\n<p>Nach dem packenden Testspiel gegen die Kreisauswahl Lemgo trafen sich die Juniorinnen mit ihren Betreuern, Eltern und treuen Fans zum gemeinsamen Essen. Nat\u00fcrlich unter Einhaltung der aktuellen Auflagen und Hygienebestimmungen war es auch ein Akt des Saison Abschlusses f\u00fcr die unvollendete Saison 19\/20. <img data-recalc-dims=\"1\" loading=\"lazy\" decoding=\"async\" data-attachment-id=\"13590\" data-permalink=\"https:\/\/www.tuseichholzremmighausen.de\/wordpress\/archives\/13587\/fb_juniorinnen_200823\" data-orig-file=\"https:\/\/i0.wp.com\/www.tuseichholzremmighausen.de\/wordpress\/wp-content\/uploads\/2020\/08\/fb_juniorinnen_200823.jpg?fit=1200%2C800&amp;ssl=1\" data-orig-size=\"1200,800\" data-comments-opened=\"0\" data-image-meta=\"{&quot;aperture&quot;:&quot;4.5&quot;,&quot;credit&quot;:&quot;Rolf Gehrke&quot;,&quot;camera&quot;:&quot;Canon EOS 80D&quot;,&quot;caption&quot;:&quot;&quot;,&quot;created_timestamp&quot;:&quot;1598110221&quot;,&quot;copyright&quot;:&quot;RGehrke2019&quot;,&quot;focal_length&quot;:&quot;35&quot;,&quot;iso&quot;:&quot;400&quot;,&quot;shutter_speed&quot;:&quot;0.005&quot;,&quot;title&quot;:&quot;&quot;,&quot;orientation&quot;:&quot;1&quot;}\" data-image-title=\"fb_juniorinnen_200823\" data-image-description=\"\" data-image-caption=\"\" data-large-file=\"https:\/\/i0.wp.com\/www.tuseichholzremmighausen.de\/wordpress\/wp-content\/uploads\/2020\/08\/fb_juniorinnen_200823.jpg?fit=800%2C534&amp;ssl=1\" class=\"alignnone size-medium wp-image-13590\" src=\"https:\/\/i0.wp.com\/www.tuseichholzremmighausen.de\/wordpress\/wp-content\/uploads\/2020\/08\/fb_juniorinnen_200823.jpg?resize=300%2C200&#038;ssl=1\" alt=\"\" width=\"300\" height=\"200\" srcset=\"https:\/\/i0.wp.com\/www.tuseichholzremmighausen.de\/wordpress\/wp-content\/uploads\/2020\/08\/fb_juniorinnen_200823.jpg?resize=300%2C200&amp;ssl=1 300w, https:\/\/i0.wp.com\/www.tuseichholzremmighausen.de\/wordpress\/wp-content\/uploads\/2020\/08\/fb_juniorinnen_200823.jpg?resize=600%2C400&amp;ssl=1 600w, https:\/\/i0.wp.com\/www.tuseichholzremmighausen.de\/wordpress\/wp-content\/uploads\/2020\/08\/fb_juniorinnen_200823.jpg?resize=1024%2C683&amp;ssl=1 1024w, https:\/\/i0.wp.com\/www.tuseichholzremmighausen.de\/wordpress\/wp-content\/uploads\/2020\/08\/fb_juniorinnen_200823.jpg?resize=768%2C512&amp;ssl=1 768w, https:\/\/i0.wp.com\/www.tuseichholzremmighausen.de\/wordpress\/wp-content\/uploads\/2020\/08\/fb_juniorinnen_200823.jpg?w=1200&amp;ssl=1 1200w\" sizes=\"auto, (max-width: 300px) 100vw, 300px\" \/><\/p>\n<p>Die Eltern bedankten sich f\u00fcr vorbildliches Engagement beim Betreuerteam (Andreas, Naroz Tobi, Madleen) und der Presseabteilung (Rolf).&nbsp;&nbsp;Schon l\u00e4nger ist dar\u00fcber hinaus bekannt, dass Coach Naroz sein Trainerengagement aus privaten und beruflichen Gr\u00fcnden beenden muss.<img data-recalc-dims=\"1\" loading=\"lazy\" decoding=\"async\" data-attachment-id=\"13591\" data-permalink=\"https:\/\/www.tuseichholzremmighausen.de\/wordpress\/archives\/13587\/fb_juniorinnen_200823_02\" data-orig-file=\"https:\/\/i0.wp.com\/www.tuseichholzremmighausen.de\/wordpress\/wp-content\/uploads\/2020\/08\/fb_juniorinnen_200823_02.jpg?fit=1200%2C800&amp;ssl=1\" data-orig-size=\"1200,800\" data-comments-opened=\"0\" data-image-meta=\"{&quot;aperture&quot;:&quot;5&quot;,&quot;credit&quot;:&quot;Rolf Gehrke&quot;,&quot;camera&quot;:&quot;Canon EOS 80D&quot;,&quot;caption&quot;:&quot;&quot;,&quot;created_timestamp&quot;:&quot;1598110287&quot;,&quot;copyright&quot;:&quot;RGehrke2019&quot;,&quot;focal_length&quot;:&quot;35&quot;,&quot;iso&quot;:&quot;400&quot;,&quot;shutter_speed&quot;:&quot;0.003125&quot;,&quot;title&quot;:&quot;&quot;,&quot;orientation&quot;:&quot;1&quot;}\" data-image-title=\"fb_juniorinnen_200823_02\" data-image-description=\"\" data-image-caption=\"\" data-large-file=\"https:\/\/i0.wp.com\/www.tuseichholzremmighausen.de\/wordpress\/wp-content\/uploads\/2020\/08\/fb_juniorinnen_200823_02.jpg?fit=800%2C534&amp;ssl=1\" class=\"alignnone size-medium wp-image-13591\" src=\"https:\/\/i0.wp.com\/www.tuseichholzremmighausen.de\/wordpress\/wp-content\/uploads\/2020\/08\/fb_juniorinnen_200823_02.jpg?resize=300%2C200&#038;ssl=1\" alt=\"\" width=\"300\" height=\"200\" srcset=\"https:\/\/i0.wp.com\/www.tuseichholzremmighausen.de\/wordpress\/wp-content\/uploads\/2020\/08\/fb_juniorinnen_200823_02.jpg?resize=300%2C200&amp;ssl=1 300w, https:\/\/i0.wp.com\/www.tuseichholzremmighausen.de\/wordpress\/wp-content\/uploads\/2020\/08\/fb_juniorinnen_200823_02.jpg?resize=600%2C400&amp;ssl=1 600w, https:\/\/i0.wp.com\/www.tuseichholzremmighausen.de\/wordpress\/wp-content\/uploads\/2020\/08\/fb_juniorinnen_200823_02.jpg?resize=1024%2C683&amp;ssl=1 1024w, https:\/\/i0.wp.com\/www.tuseichholzremmighausen.de\/wordpress\/wp-content\/uploads\/2020\/08\/fb_juniorinnen_200823_02.jpg?resize=768%2C512&amp;ssl=1 768w, https:\/\/i0.wp.com\/www.tuseichholzremmighausen.de\/wordpress\/wp-content\/uploads\/2020\/08\/fb_juniorinnen_200823_02.jpg?w=1200&amp;ssl=1 1200w\" sizes=\"auto, (max-width: 300px) 100vw, 300px\" \/><\/p>\n<p>Die M\u00e4dels bedankten sich mit einer Collage bei Naroz. Fotos, Zeichnungen, Spr\u00fcche und allerlei Individuelles aus der gemeinsamen Zeit. Ein kurzes Sichten der ersten Buchseiten machte allen deutlich: der Abschied von den Juniorinnen f\u00e4llt Naroz sichtlich nicht leicht!<img data-recalc-dims=\"1\" loading=\"lazy\" decoding=\"async\" data-attachment-id=\"13592\" data-permalink=\"https:\/\/www.tuseichholzremmighausen.de\/wordpress\/archives\/13587\/fb_juniorinnen_200823_03\" data-orig-file=\"https:\/\/i0.wp.com\/www.tuseichholzremmighausen.de\/wordpress\/wp-content\/uploads\/2020\/08\/fb_juniorinnen_200823_03.jpg?fit=1200%2C800&amp;ssl=1\" data-orig-size=\"1200,800\" data-comments-opened=\"0\" data-image-meta=\"{&quot;aperture&quot;:&quot;4&quot;,&quot;credit&quot;:&quot;Rolf Gehrke&quot;,&quot;camera&quot;:&quot;Canon EOS 80D&quot;,&quot;caption&quot;:&quot;&quot;,&quot;created_timestamp&quot;:&quot;1598110330&quot;,&quot;copyright&quot;:&quot;RGehrke2019&quot;,&quot;focal_length&quot;:&quot;35&quot;,&quot;iso&quot;:&quot;400&quot;,&quot;shutter_speed&quot;:&quot;0.003125&quot;,&quot;title&quot;:&quot;&quot;,&quot;orientation&quot;:&quot;1&quot;}\" data-image-title=\"fb_juniorinnen_200823_03\" data-image-description=\"\" data-image-caption=\"\" data-large-file=\"https:\/\/i0.wp.com\/www.tuseichholzremmighausen.de\/wordpress\/wp-content\/uploads\/2020\/08\/fb_juniorinnen_200823_03.jpg?fit=800%2C534&amp;ssl=1\" class=\"alignnone size-medium wp-image-13592\" src=\"https:\/\/i0.wp.com\/www.tuseichholzremmighausen.de\/wordpress\/wp-content\/uploads\/2020\/08\/fb_juniorinnen_200823_03.jpg?resize=300%2C200&#038;ssl=1\" alt=\"\" width=\"300\" height=\"200\" srcset=\"https:\/\/i0.wp.com\/www.tuseichholzremmighausen.de\/wordpress\/wp-content\/uploads\/2020\/08\/fb_juniorinnen_200823_03.jpg?resize=300%2C200&amp;ssl=1 300w, https:\/\/i0.wp.com\/www.tuseichholzremmighausen.de\/wordpress\/wp-content\/uploads\/2020\/08\/fb_juniorinnen_200823_03.jpg?resize=600%2C400&amp;ssl=1 600w, https:\/\/i0.wp.com\/www.tuseichholzremmighausen.de\/wordpress\/wp-content\/uploads\/2020\/08\/fb_juniorinnen_200823_03.jpg?resize=1024%2C683&amp;ssl=1 1024w, https:\/\/i0.wp.com\/www.tuseichholzremmighausen.de\/wordpress\/wp-content\/uploads\/2020\/08\/fb_juniorinnen_200823_03.jpg?resize=768%2C512&amp;ssl=1 768w, https:\/\/i0.wp.com\/www.tuseichholzremmighausen.de\/wordpress\/wp-content\/uploads\/2020\/08\/fb_juniorinnen_200823_03.jpg?w=1200&amp;ssl=1 1200w\" sizes=\"auto, (max-width: 300px) 100vw, 300px\" \/><\/p>\n<p>Der Erfolgscoach h\u00e4tte sicher gerne einen weiteren Stern auf dem Trikot der M\u00e4dels leuchten sehen. Aber in diesem Jahr ist ja bekanntlich alles anders\u2026 &nbsp;Daf\u00fcr hatte er sich etwas ganz Besonderes f\u00fcr \u201eseine M\u00e4dels\u201c einfallen lassen: Naroz \u00fcberreichte einen kompletten Trikotsatz (Deutsche Verm\u00f6gensberatung Naroz \u00d6zmen).<img data-recalc-dims=\"1\" loading=\"lazy\" decoding=\"async\" data-attachment-id=\"13589\" data-permalink=\"https:\/\/www.tuseichholzremmighausen.de\/wordpress\/archives\/13587\/fb_juniorinnen_200823_07\" data-orig-file=\"https:\/\/i0.wp.com\/www.tuseichholzremmighausen.de\/wordpress\/wp-content\/uploads\/2020\/08\/fb_juniorinnen_200823_07.jpg?fit=1200%2C1800&amp;ssl=1\" data-orig-size=\"1200,1800\" data-comments-opened=\"0\" data-image-meta=\"{&quot;aperture&quot;:&quot;11&quot;,&quot;credit&quot;:&quot;Rolf Gehrke&quot;,&quot;camera&quot;:&quot;Canon EOS 80D&quot;,&quot;caption&quot;:&quot;&quot;,&quot;created_timestamp&quot;:&quot;1598110587&quot;,&quot;copyright&quot;:&quot;RGehrke2019&quot;,&quot;focal_length&quot;:&quot;35&quot;,&quot;iso&quot;:&quot;400&quot;,&quot;shutter_speed&quot;:&quot;0.0125&quot;,&quot;title&quot;:&quot;&quot;,&quot;orientation&quot;:&quot;1&quot;}\" data-image-title=\"fb_juniorinnen_200823_07\" data-image-description=\"\" data-image-caption=\"\" data-large-file=\"https:\/\/i0.wp.com\/www.tuseichholzremmighausen.de\/wordpress\/wp-content\/uploads\/2020\/08\/fb_juniorinnen_200823_07.jpg?fit=683%2C1024&amp;ssl=1\" class=\"alignnone size-medium wp-image-13589\" src=\"https:\/\/i0.wp.com\/www.tuseichholzremmighausen.de\/wordpress\/wp-content\/uploads\/2020\/08\/fb_juniorinnen_200823_07.jpg?resize=200%2C300&#038;ssl=1\" alt=\"\" width=\"200\" height=\"300\" srcset=\"https:\/\/i0.wp.com\/www.tuseichholzremmighausen.de\/wordpress\/wp-content\/uploads\/2020\/08\/fb_juniorinnen_200823_07.jpg?resize=200%2C300&amp;ssl=1 200w, https:\/\/i0.wp.com\/www.tuseichholzremmighausen.de\/wordpress\/wp-content\/uploads\/2020\/08\/fb_juniorinnen_200823_07.jpg?resize=600%2C900&amp;ssl=1 600w, https:\/\/i0.wp.com\/www.tuseichholzremmighausen.de\/wordpress\/wp-content\/uploads\/2020\/08\/fb_juniorinnen_200823_07.jpg?resize=683%2C1024&amp;ssl=1 683w, https:\/\/i0.wp.com\/www.tuseichholzremmighausen.de\/wordpress\/wp-content\/uploads\/2020\/08\/fb_juniorinnen_200823_07.jpg?resize=768%2C1152&amp;ssl=1 768w, https:\/\/i0.wp.com\/www.tuseichholzremmighausen.de\/wordpress\/wp-content\/uploads\/2020\/08\/fb_juniorinnen_200823_07.jpg?resize=1024%2C1536&amp;ssl=1 1024w, https:\/\/i0.wp.com\/www.tuseichholzremmighausen.de\/wordpress\/wp-content\/uploads\/2020\/08\/fb_juniorinnen_200823_07.jpg?w=1200&amp;ssl=1 1200w\" sizes=\"auto, (max-width: 200px) 100vw, 200px\" \/><\/p>\n<p>Auf in die neue Saison!<img data-recalc-dims=\"1\" loading=\"lazy\" decoding=\"async\" data-attachment-id=\"13593\" data-permalink=\"https:\/\/www.tuseichholzremmighausen.de\/wordpress\/archives\/13587\/fb_juniorinnen_200823_05\" data-orig-file=\"https:\/\/i0.wp.com\/www.tuseichholzremmighausen.de\/wordpress\/wp-content\/uploads\/2020\/08\/fb_juniorinnen_200823_05.jpg?fit=1200%2C800&amp;ssl=1\" data-orig-size=\"1200,800\" data-comments-opened=\"0\" data-image-meta=\"{&quot;aperture&quot;:&quot;10&quot;,&quot;credit&quot;:&quot;Rolf Gehrke&quot;,&quot;camera&quot;:&quot;Canon EOS 80D&quot;,&quot;caption&quot;:&quot;&quot;,&quot;created_timestamp&quot;:&quot;1598110394&quot;,&quot;copyright&quot;:&quot;RGehrke2019&quot;,&quot;focal_length&quot;:&quot;35&quot;,&quot;iso&quot;:&quot;400&quot;,&quot;shutter_speed&quot;:&quot;0.02&quot;,&quot;title&quot;:&quot;&quot;,&quot;orientation&quot;:&quot;1&quot;}\" data-image-title=\"fb_juniorinnen_200823_05\" data-image-description=\"\" data-image-caption=\"\" data-large-file=\"https:\/\/i0.wp.com\/www.tuseichholzremmighausen.de\/wordpress\/wp-content\/uploads\/2020\/08\/fb_juniorinnen_200823_05.jpg?fit=800%2C534&amp;ssl=1\" class=\"alignnone size-medium wp-image-13593\" src=\"https:\/\/i0.wp.com\/www.tuseichholzremmighausen.de\/wordpress\/wp-content\/uploads\/2020\/08\/fb_juniorinnen_200823_05.jpg?resize=300%2C200&#038;ssl=1\" alt=\"\" width=\"300\" height=\"200\" srcset=\"https:\/\/i0.wp.com\/www.tuseichholzremmighausen.de\/wordpress\/wp-content\/uploads\/2020\/08\/fb_juniorinnen_200823_05.jpg?resize=300%2C200&amp;ssl=1 300w, https:\/\/i0.wp.com\/www.tuseichholzremmighausen.de\/wordpress\/wp-content\/uploads\/2020\/08\/fb_juniorinnen_200823_05.jpg?resize=600%2C400&amp;ssl=1 600w, https:\/\/i0.wp.com\/www.tuseichholzremmighausen.de\/wordpress\/wp-content\/uploads\/2020\/08\/fb_juniorinnen_200823_05.jpg?resize=1024%2C683&amp;ssl=1 1024w, https:\/\/i0.wp.com\/www.tuseichholzremmighausen.de\/wordpress\/wp-content\/uploads\/2020\/08\/fb_juniorinnen_200823_05.jpg?resize=768%2C512&amp;ssl=1 768w, https:\/\/i0.wp.com\/www.tuseichholzremmighausen.de\/wordpress\/wp-content\/uploads\/2020\/08\/fb_juniorinnen_200823_05.jpg?w=1200&amp;ssl=1 1200w\" sizes=\"auto, (max-width: 300px) 100vw, 300px\" \/><\/p>\n<p>Die Vorstellung der neuen Trikots mit Mannschaftsfoto ist f\u00fcr den Saisonauftakt im September geplant.<\/p>\n","protected":false},"excerpt":{"rendered":"<p>Naroz Abschied \u201eAuf in die neue Saison!\u201c<\/p>\n","protected":false},"author":16,"featured_media":13588,"comment_status":"closed","ping_status":"open","sticky":false,"template":"","format":"standard","meta":{"colormag_page_container_layout":"default_layout","colormag_page_sidebar_layout":"default_layout","_jetpack_memberships_contains_paid_content":false,"footnotes":"","jetpack_publicize_message":"","jetpack_publicize_feature_enabled":true,"jetpack_social_post_already_shared":true,"jetpack_social_options":{"image_generator_settings":{"template":"highway","default_image_id":0,"font":"","enabled":false},"version":2}},"categories":[157,207,205,158],"tags":[],"class_list":["post-13587","post","type-post","status-publish","format-standard","has-post-thumbnail","hentry","category-archiv","category-b-juniorinnen","category-c-juniorinnen","category-fb-jugend-aktuell"],"jetpack_publicize_connections":[],"jetpack_featured_media_url":"https:\/\/i0.wp.com\/www.tuseichholzremmighausen.de\/wordpress\/wp-content\/uploads\/2020\/08\/fb_juniorinnen_200823_08.jpg?fit=1200%2C800&ssl=1","jetpack_sharing_enabled":true,"_links":{"self":[{"href":"https:\/\/www.tuseichholzremmighausen.de\/wordpress\/wp-json\/wp\/v2\/posts\/13587","targetHints":{"allow":["GET"]}}],"collection":[{"href":"https:\/\/www.tuseichholzremmighausen.de\/wordpress\/wp-json\/wp\/v2\/posts"}],"about":[{"href":"https:\/\/www.tuseichholzremmighausen.de\/wordpress\/wp-json\/wp\/v2\/types\/post"}],"author":[{"embeddable":true,"href":"https:\/\/www.tuseichholzremmighausen.de\/wordpress\/wp-json\/wp\/v2\/users\/16"}],"replies":[{"embeddable":true,"href":"https:\/\/www.tuseichholzremmighausen.de\/wordpress\/wp-json\/wp\/v2\/comments?post=13587"}],"version-history":[{"count":0,"href":"https:\/\/www.tuseichholzremmighausen.de\/wordpress\/wp-json\/wp\/v2\/posts\/13587\/revisions"}],"wp:featuredmedia":[{"embeddable":true,"href":"https:\/\/www.tuseichholzremmighausen.de\/wordpress\/wp-json\/wp\/v2\/media\/13588"}],"wp:attachment":[{"href":"https:\/\/www.tuseichholzremmighausen.de\/wordpress\/wp-json\/wp\/v2\/media?parent=13587"}],"wp:term":[{"taxonomy":"category","embeddable":true,"href":"https:\/\/www.tuseichholzremmighausen.de\/wordpress\/wp-json\/wp\/v2\/categories?post=13587"},{"taxonomy":"post_tag","embeddable":true,"href":"https:\/\/www.tuseichholzremmighausen.de\/wordpress\/wp-json\/wp\/v2\/tags?post=13587"}],"curies":[{"name":"wp","href":"https:\/\/api.w.org\/{rel}","templated":true}]}}