{"id":14117,"date":"2020-10-22T12:55:21","date_gmt":"2020-10-22T10:55:21","guid":{"rendered":"https:\/\/www.tuseichholzremmighausen.de\/wordpress\/?p=14117"},"modified":"2020-10-22T12:55:21","modified_gmt":"2020-10-22T10:55:21","slug":"der-fc-st-pauli-war-da","status":"publish","type":"post","link":"https:\/\/www.tuseichholzremmighausen.de\/wordpress\/archives\/14117","title":{"rendered":"Der FC St. Pauli war da"},"content":{"rendered":"<p><span style=\"font-size: 12pt\">Auch in diesem Jahr hat Peter Herbrechtsmeier den FC St. Pauli nach Detmold geholt. Vom 19.10. bis 21.10.2020 fand das Rabaukencamp beim TuS Eichholz Remmighausen statt. Bei kaltem Herbstwetter waren wieder viele Kinder aus verschiedenen Vereinen zu Gast auf unserem Platz. Um 09:30 Uhr trafen sich die Trainer von St. Pauli und alle M\u00e4dchen und Jungen zur Begr\u00fc\u00dfung auf dem Platz.<img data-recalc-dims=\"1\" loading=\"lazy\" decoding=\"async\" data-attachment-id=\"14170\" data-permalink=\"https:\/\/www.tuseichholzremmighausen.de\/wordpress\/archives\/14117\/img-20201021-wa0078\" data-orig-file=\"https:\/\/i0.wp.com\/www.tuseichholzremmighausen.de\/wordpress\/wp-content\/uploads\/2020\/10\/IMG-20201021-WA0078-e1603312040950.jpg?fit=800%2C450&amp;ssl=1\" data-orig-size=\"800,450\" data-comments-opened=\"0\" data-image-meta=\"{&quot;aperture&quot;:&quot;0&quot;,&quot;credit&quot;:&quot;&quot;,&quot;camera&quot;:&quot;&quot;,&quot;caption&quot;:&quot;&quot;,&quot;created_timestamp&quot;:&quot;0&quot;,&quot;copyright&quot;:&quot;&quot;,&quot;focal_length&quot;:&quot;0&quot;,&quot;iso&quot;:&quot;0&quot;,&quot;shutter_speed&quot;:&quot;0&quot;,&quot;title&quot;:&quot;&quot;,&quot;orientation&quot;:&quot;0&quot;}\" data-image-title=\"IMG-20201021-WA0078\" data-image-description=\"\" data-image-caption=\"\" data-large-file=\"https:\/\/i0.wp.com\/www.tuseichholzremmighausen.de\/wordpress\/wp-content\/uploads\/2020\/10\/IMG-20201021-WA0078-e1603312040950.jpg?fit=800%2C450&amp;ssl=1\" class=\"alignnone size-large wp-image-14170\" src=\"https:\/\/i0.wp.com\/www.tuseichholzremmighausen.de\/wordpress\/wp-content\/uploads\/2020\/10\/IMG-20201021-WA0078-e1603312016659-1024x576.jpg?resize=800%2C450&#038;ssl=1\" alt=\"\" width=\"800\" height=\"450\" \/> Zu Beginn gab es ein Aufw\u00e4rmspiel, anschlie\u00dfend wurde in Kleingruppen an 5 verschiedenen Stationen trainiert und gespielt. &#8211; Spiel 6 vs 6 &#8211; Torschuss und Zweikampf &#8211; Funino &#8211; Ballgef\u00fchl, Kontrolle und Dribbling &#8211; Torwarttraining<img data-recalc-dims=\"1\" loading=\"lazy\" decoding=\"async\" data-attachment-id=\"14171\" data-permalink=\"https:\/\/www.tuseichholzremmighausen.de\/wordpress\/archives\/14117\/img-20201021-wa0079\" data-orig-file=\"https:\/\/i0.wp.com\/www.tuseichholzremmighausen.de\/wordpress\/wp-content\/uploads\/2020\/10\/IMG-20201021-WA0079-e1603311987792.jpg?fit=800%2C450&amp;ssl=1\" data-orig-size=\"800,450\" data-comments-opened=\"0\" data-image-meta=\"{&quot;aperture&quot;:&quot;0&quot;,&quot;credit&quot;:&quot;&quot;,&quot;camera&quot;:&quot;&quot;,&quot;caption&quot;:&quot;&quot;,&quot;created_timestamp&quot;:&quot;0&quot;,&quot;copyright&quot;:&quot;&quot;,&quot;focal_length&quot;:&quot;0&quot;,&quot;iso&quot;:&quot;0&quot;,&quot;shutter_speed&quot;:&quot;0&quot;,&quot;title&quot;:&quot;&quot;,&quot;orientation&quot;:&quot;0&quot;}\" data-image-title=\"IMG-20201021-WA0079\" data-image-description=\"\" data-image-caption=\"\" data-large-file=\"https:\/\/i0.wp.com\/www.tuseichholzremmighausen.de\/wordpress\/wp-content\/uploads\/2020\/10\/IMG-20201021-WA0079-e1603311987792.jpg?fit=800%2C450&amp;ssl=1\" class=\"alignnone size-large wp-image-14171\" src=\"https:\/\/i0.wp.com\/www.tuseichholzremmighausen.de\/wordpress\/wp-content\/uploads\/2020\/10\/IMG-20201021-WA0079-e1603311969516-1024x576.jpg?resize=800%2C450&#038;ssl=1\" alt=\"\" width=\"800\" height=\"450\" \/><\/span><\/p>\n<p><span style=\"font-size: 12pt\">Jeden Mittag stand ein warmes Mittagessen bereit. Dank klarer Regeln hat das Essen super geklappt. Nach dem Essen gab es eine Pause, die nat\u00fcrlich zum Kicken genutzt wurde. Das Trainerteam hatte wenige B\u00e4lle zur Verf\u00fcgung gestellt und somit hatten die Kinder sich in kleinen Gruppen zusammen getan.<\/span><\/p>\n<p><span style=\"font-size: 12pt\">An den Nachmittagen wurden verschiedene Turniere gespielt.<\/span><\/p>\n<p><span style=\"font-size: 12pt;font-family: georgia, palatino, serif\">Montag: Ajax Turnier (wechselnde Teams) <\/span><\/p>\n<p><span style=\"font-family: georgia, palatino, serif;font-size: 12pt\">Dienstag: Champions League (gleichbleibende Teams, mit Auf- und Absteigen)<\/span><\/p>\n<p><span style=\"font-family: georgia, palatino, serif;font-size: 12pt\">Mittwoch: Mini WM (wechselnde Teams)<img data-recalc-dims=\"1\" loading=\"lazy\" decoding=\"async\" class=\"alignnone size-large wp-image-14115\" src=\"https:\/\/i0.wp.com\/www.tuseichholzremmighausen.de\/wordpress\/wp-content\/uploads\/2020\/10\/IMG_20201021_142108-scaled-e1603310374624-1024x576.jpg?resize=800%2C450&#038;ssl=1\" alt=\"\" width=\"800\" height=\"450\" \/><\/span><\/p>\n<p><span style=\"font-size: 12pt\">Nach dem am Ende gemeinsam aufger\u00e4umt wurde, haben sich alle Kinder und Trainer am Mittelkreis getroffen und sich mit St. Pauli Rufen verabschiedet.<\/span><\/p>\n<p><span style=\"font-size: 12pt\">Am letzten Camptag gab es f\u00fcr jede\/n Spieler\/in eine Urkunde und ein Poster.<img data-recalc-dims=\"1\" loading=\"lazy\" decoding=\"async\" data-attachment-id=\"14104\" data-permalink=\"https:\/\/www.tuseichholzremmighausen.de\/wordpress\/archives\/14117\/img_1707\" data-orig-file=\"https:\/\/i0.wp.com\/www.tuseichholzremmighausen.de\/wordpress\/wp-content\/uploads\/2020\/10\/IMG_1707-scaled-e1603309787213.jpg?fit=800%2C449&amp;ssl=1\" data-orig-size=\"800,449\" data-comments-opened=\"0\" data-image-meta=\"{&quot;aperture&quot;:&quot;0&quot;,&quot;credit&quot;:&quot;&quot;,&quot;camera&quot;:&quot;&quot;,&quot;caption&quot;:&quot;&quot;,&quot;created_timestamp&quot;:&quot;0&quot;,&quot;copyright&quot;:&quot;&quot;,&quot;focal_length&quot;:&quot;0&quot;,&quot;iso&quot;:&quot;0&quot;,&quot;shutter_speed&quot;:&quot;0&quot;,&quot;title&quot;:&quot;&quot;,&quot;orientation&quot;:&quot;0&quot;}\" data-image-title=\"IMG_1707\" data-image-description=\"\" data-image-caption=\"\" data-large-file=\"https:\/\/i0.wp.com\/www.tuseichholzremmighausen.de\/wordpress\/wp-content\/uploads\/2020\/10\/IMG_1707-scaled-e1603309787213.jpg?fit=800%2C449&amp;ssl=1\" class=\"alignnone size-large wp-image-14104\" src=\"https:\/\/i0.wp.com\/www.tuseichholzremmighausen.de\/wordpress\/wp-content\/uploads\/2020\/10\/IMG_1707-scaled-e1603309766765-1024x575.jpg?resize=800%2C449&#038;ssl=1\" alt=\"\" width=\"800\" height=\"449\" \/><\/span><\/p>\n<p><span style=\"font-size: 12pt\">\u201eHerzlichen Dank St. Pauli\u201c \u2013 alle hatten wieder sehr viel Spa\u00df!!!<\/span><\/p>\n<p><span style=\"font-size: large\"><span style=\"font-size: 12pt\">Wir bedanken uns bei Peter, der wieder daf\u00fcr gesorgt hat, dass das St. Pauli Rabaukencamp beim TuS Eichholz Remmighausen stattfinden konnte!<\/span><img data-recalc-dims=\"1\" loading=\"lazy\" decoding=\"async\" data-attachment-id=\"14137\" data-permalink=\"https:\/\/www.tuseichholzremmighausen.de\/wordpress\/archives\/14117\/img_20201021_160506\" data-orig-file=\"https:\/\/i0.wp.com\/www.tuseichholzremmighausen.de\/wordpress\/wp-content\/uploads\/2020\/10\/IMG_20201021_160506-scaled-e1603314455276.jpg?fit=800%2C451&amp;ssl=1\" data-orig-size=\"800,451\" data-comments-opened=\"0\" data-image-meta=\"{&quot;aperture&quot;:&quot;0&quot;,&quot;credit&quot;:&quot;&quot;,&quot;camera&quot;:&quot;&quot;,&quot;caption&quot;:&quot;&quot;,&quot;created_timestamp&quot;:&quot;0&quot;,&quot;copyright&quot;:&quot;&quot;,&quot;focal_length&quot;:&quot;0&quot;,&quot;iso&quot;:&quot;0&quot;,&quot;shutter_speed&quot;:&quot;0&quot;,&quot;title&quot;:&quot;&quot;,&quot;orientation&quot;:&quot;0&quot;}\" data-image-title=\"IMG_20201021_160506\" data-image-description=\"\" data-image-caption=\"\" data-large-file=\"https:\/\/i0.wp.com\/www.tuseichholzremmighausen.de\/wordpress\/wp-content\/uploads\/2020\/10\/IMG_20201021_160506-scaled-e1603314455276.jpg?fit=800%2C451&amp;ssl=1\" class=\"alignnone size-large wp-image-14137\" src=\"https:\/\/i0.wp.com\/www.tuseichholzremmighausen.de\/wordpress\/wp-content\/uploads\/2020\/10\/IMG_20201021_160506-scaled-e1603314437252-1024x577.jpg?resize=800%2C451&#038;ssl=1\" alt=\"\" width=\"800\" height=\"451\" \/><\/span><\/p>\n<p><img data-recalc-dims=\"1\" loading=\"lazy\" decoding=\"async\" data-attachment-id=\"14101\" data-permalink=\"https:\/\/www.tuseichholzremmighausen.de\/wordpress\/archives\/14117\/img_1700\" data-orig-file=\"https:\/\/i0.wp.com\/www.tuseichholzremmighausen.de\/wordpress\/wp-content\/uploads\/2020\/10\/IMG_1700-scaled-e1603309605356.jpg?fit=800%2C450&amp;ssl=1\" data-orig-size=\"800,450\" data-comments-opened=\"0\" data-image-meta=\"{&quot;aperture&quot;:&quot;0&quot;,&quot;credit&quot;:&quot;&quot;,&quot;camera&quot;:&quot;&quot;,&quot;caption&quot;:&quot;&quot;,&quot;created_timestamp&quot;:&quot;0&quot;,&quot;copyright&quot;:&quot;&quot;,&quot;focal_length&quot;:&quot;0&quot;,&quot;iso&quot;:&quot;0&quot;,&quot;shutter_speed&quot;:&quot;0&quot;,&quot;title&quot;:&quot;&quot;,&quot;orientation&quot;:&quot;0&quot;}\" data-image-title=\"IMG_1700\" data-image-description=\"\" data-image-caption=\"\" data-large-file=\"https:\/\/i0.wp.com\/www.tuseichholzremmighausen.de\/wordpress\/wp-content\/uploads\/2020\/10\/IMG_1700-scaled-e1603309605356.jpg?fit=800%2C450&amp;ssl=1\" class=\"alignnone size-large wp-image-14101\" src=\"https:\/\/i0.wp.com\/www.tuseichholzremmighausen.de\/wordpress\/wp-content\/uploads\/2020\/10\/IMG_1700-scaled-e1603309577306-1024x576.jpg?resize=800%2C450&#038;ssl=1\" alt=\"\" width=\"800\" height=\"450\" \/><\/p>\n","protected":false},"excerpt":{"rendered":"<p>Auch in diesem Jahr hat Peter Herbrechtsmeier den FC St. Pauli nach Detmold geholt. Vom 19.10. bis 21.10.2020 fand das<\/p>\n","protected":false},"author":49,"featured_media":14111,"comment_status":"closed","ping_status":"open","sticky":false,"template":"","format":"standard","meta":{"colormag_page_container_layout":"default_layout","colormag_page_sidebar_layout":"default_layout","_jetpack_memberships_contains_paid_content":false,"footnotes":"","jetpack_publicize_message":"","jetpack_publicize_feature_enabled":true,"jetpack_social_post_already_shared":true,"jetpack_social_options":{"image_generator_settings":{"template":"highway","default_image_id":0,"font":"","enabled":false},"version":2}},"categories":[157,158],"tags":[],"class_list":["post-14117","post","type-post","status-publish","format-standard","has-post-thumbnail","hentry","category-archiv","category-fb-jugend-aktuell"],"jetpack_publicize_connections":[],"jetpack_featured_media_url":"https:\/\/i0.wp.com\/www.tuseichholzremmighausen.de\/wordpress\/wp-content\/uploads\/2020\/10\/IMG_1720-scaled-e1603310156645.jpg?fit=800%2C451&ssl=1","jetpack_sharing_enabled":true,"_links":{"self":[{"href":"https:\/\/www.tuseichholzremmighausen.de\/wordpress\/wp-json\/wp\/v2\/posts\/14117","targetHints":{"allow":["GET"]}}],"collection":[{"href":"https:\/\/www.tuseichholzremmighausen.de\/wordpress\/wp-json\/wp\/v2\/posts"}],"about":[{"href":"https:\/\/www.tuseichholzremmighausen.de\/wordpress\/wp-json\/wp\/v2\/types\/post"}],"author":[{"embeddable":true,"href":"https:\/\/www.tuseichholzremmighausen.de\/wordpress\/wp-json\/wp\/v2\/users\/49"}],"replies":[{"embeddable":true,"href":"https:\/\/www.tuseichholzremmighausen.de\/wordpress\/wp-json\/wp\/v2\/comments?post=14117"}],"version-history":[{"count":0,"href":"https:\/\/www.tuseichholzremmighausen.de\/wordpress\/wp-json\/wp\/v2\/posts\/14117\/revisions"}],"wp:featuredmedia":[{"embeddable":true,"href":"https:\/\/www.tuseichholzremmighausen.de\/wordpress\/wp-json\/wp\/v2\/media\/14111"}],"wp:attachment":[{"href":"https:\/\/www.tuseichholzremmighausen.de\/wordpress\/wp-json\/wp\/v2\/media?parent=14117"}],"wp:term":[{"taxonomy":"category","embeddable":true,"href":"https:\/\/www.tuseichholzremmighausen.de\/wordpress\/wp-json\/wp\/v2\/categories?post=14117"},{"taxonomy":"post_tag","embeddable":true,"href":"https:\/\/www.tuseichholzremmighausen.de\/wordpress\/wp-json\/wp\/v2\/tags?post=14117"}],"curies":[{"name":"wp","href":"https:\/\/api.w.org\/{rel}","templated":true}]}}