{"id":14310,"date":"2021-01-26T20:29:04","date_gmt":"2021-01-26T19:29:04","guid":{"rendered":"https:\/\/www.tuseichholzremmighausen.de\/wordpress\/?p=14310"},"modified":"2021-01-27T21:08:19","modified_gmt":"2021-01-27T20:08:19","slug":"der-tus-verlaengert-die-zusammenarbeit-mit-dem-erfolgreichen-trainerteam-der-1-mannschaft","status":"publish","type":"post","link":"https:\/\/www.tuseichholzremmighausen.de\/wordpress\/archives\/14310","title":{"rendered":"Der TuS verl\u00e4ngert die Zusammenarbeit mit dem erfolgreichen Trainerteam der 1. Mannschaft"},"content":{"rendered":"<div class=\"\">Mit gro\u00dfer Freude durfte die gr\u00fcn-wei\u00dfe TuS-Familie die Leistungen verfolgen die unsere 1.Mannschaft in den letzten Jahren verfolgen. So zeigt die Leistungskurve seit \u00dcbername des Trainerteams Hosch\/Barkowski steil nach oben. I<span class=\"\">n der verk\u00fcrzten Saison 2019\/2020&nbsp;<\/span>gelang der Aufstieg in das Kreisoberhaus und das absolut leistungsgerecht und verdient.<\/div>\n<div class=\"\">&nbsp;<\/div>\n<div class=\"\">Ebenso gro\u00dfe Freude macht uns also die Mitteilung das wir die Vertr\u00e4ge mit dem Trainerteam Hosch\/Barkowski vorzeitig verl\u00e4ngert haben. Ein so motiviertes und qualifiziertes Trainerteam unterst\u00fctzt den eingeschlagenen Weg der sportlichen F\u00fchrung enorm. Ein zweik\u00f6pfiges Trainerteam jeweils mit B-Lizenz unterstreicht unsere langfristige Ambitionen.<\/div>\n<div class=\"\">&nbsp;<\/div>\n<div class=\"\">Dies beton auch Fu\u00dfball-Obmann Mohamed Ben Ayed:&nbsp;<\/div>\n<div class=\"\"><span class=\"\" style=\"color: #000000;\">&nbsp;<\/span><\/div>\n<div class=\"\"><span class=\"\" style=\"color: #000000;\">Unser Trainerteam macht extrem gute Arbeit. Der oberste Grundsatz den wir uns als sportliche F\u00fchrung gegeben haben lautet &nbsp;\u201eGute Arbeit muss belohnt werden!\u201c<\/span><\/div>\n<div class=\"\">Tim Hosch und Marco Barkowski arbeiten sehr hart auf und neben dem Platz. F\u00fcr uns gibt es keinen Grund mit den beiden nicht zu verl\u00e4ngern, ganz im Gegenteil. &nbsp;Wir, der TuS Eichholz-Remmighausen wollen weiter mit dem jungen Trainerteam weiter unsere Ziele verfolgen. Wir sind auf einem sehr guten Weg. Die junge Mannschaft entwickelt sich stetig und daran wollen wir weiter gemeinsam arbeiten.&nbsp;<\/div>\n<div class=\"\">&nbsp;<\/div>\n<div class=\"\">In die gleiche Kerbe schl\u00e4gt auch das Trainerteam Hosch\/Barkowski:<\/div>\n<div class=\"\">&nbsp;<\/div>\n<div class=\"\">\n<div class=\"\">Die Vertragsverl\u00e4ngerung stand f\u00fcr mich eigentlich zu keinem Zeitpunkt in Frage: Wir sind gemeinsam nach einer gef\u00fchlten Ewigkeit zur\u00fcck in das Kreisoberhaus aufgestiegen, haben eine sehr junge und talentierte Mannschaft und der Verein modernisiert sich stetig weiter, was sich ab Sommer auch mit dem neuen Kunstrasenplatz und dem erneuerten Vereinsheim abbildet. Sportlich genie\u00dfen mein Co-Trainer und ich das vollste Vertrauen und arbeiten eng mit der sportlichen F\u00fchrung um Mo Ben-Ayed zusammen. Sportlich werden wir den eingeschlagenen \u2013 leistungsorientierten &#8211; Weg weitergehen. Dazu m\u00f6chten wir insbesondere jungen Spielern weiter schnell Verantwortung und Spielzeit \u00fcbertragen und die Mannschaft mit modernen Tools und Methoden taktisch und spielerisch weiterentwickeln. Wir verf\u00fcgen beide \u00fcber die B-Lizenz, einen sportwissenschaftlichen Hintergrund und eine gro\u00dfe Portion Leidenschaft f\u00fcr den Trainer-Beruf. Innerhalb des Trainerteams waren wir uns schnell einig, dass wir mit der bereits etablierten Kompetenzverteilung weiter machen wollen, um den Verein mittelfristig in der A-Liga zu etablieren. Marco Barkowski ist neben der Funktion als Co-Trainer auch ein wichtiges Sprachrohr als Spieler auf dem Platz und durch seine jahrelange Erfahrung im Jugendbereich ein Schl\u00fcsselelement bei dem Transfer von Jugend- zu Senioren-Spielklasse.<\/div>\n<div class=\"\">&nbsp;<\/div>\n<\/div>\n","protected":false},"excerpt":{"rendered":"<p>Mit gro\u00dfer Freude durfte die gr\u00fcn-wei\u00dfe TuS-Familie die Leistungen verfolgen die unsere 1.Mannschaft in den letzten Jahren verfolgen. So zeigt<\/p>\n","protected":false},"author":54,"featured_media":14311,"comment_status":"closed","ping_status":"open","sticky":false,"template":"","format":"standard","meta":{"colormag_page_container_layout":"default_layout","colormag_page_sidebar_layout":"default_layout","_jetpack_memberships_contains_paid_content":false,"footnotes":"","jetpack_publicize_message":"","jetpack_publicize_feature_enabled":true,"jetpack_social_post_already_shared":true,"jetpack_social_options":{"image_generator_settings":{"template":"highway","default_image_id":0,"font":"","enabled":false},"version":2}},"categories":[157,159],"tags":[],"class_list":["post-14310","post","type-post","status-publish","format-standard","has-post-thumbnail","hentry","category-archiv","category-fb-senioren-aktuell"],"jetpack_publicize_connections":[],"jetpack_featured_media_url":"https:\/\/i0.wp.com\/www.tuseichholzremmighausen.de\/wordpress\/wp-content\/uploads\/2021\/01\/DSC_0037-scaled.jpg?fit=2560%2C1440&ssl=1","jetpack_sharing_enabled":true,"_links":{"self":[{"href":"https:\/\/www.tuseichholzremmighausen.de\/wordpress\/wp-json\/wp\/v2\/posts\/14310","targetHints":{"allow":["GET"]}}],"collection":[{"href":"https:\/\/www.tuseichholzremmighausen.de\/wordpress\/wp-json\/wp\/v2\/posts"}],"about":[{"href":"https:\/\/www.tuseichholzremmighausen.de\/wordpress\/wp-json\/wp\/v2\/types\/post"}],"author":[{"embeddable":true,"href":"https:\/\/www.tuseichholzremmighausen.de\/wordpress\/wp-json\/wp\/v2\/users\/54"}],"replies":[{"embeddable":true,"href":"https:\/\/www.tuseichholzremmighausen.de\/wordpress\/wp-json\/wp\/v2\/comments?post=14310"}],"version-history":[{"count":0,"href":"https:\/\/www.tuseichholzremmighausen.de\/wordpress\/wp-json\/wp\/v2\/posts\/14310\/revisions"}],"wp:featuredmedia":[{"embeddable":true,"href":"https:\/\/www.tuseichholzremmighausen.de\/wordpress\/wp-json\/wp\/v2\/media\/14311"}],"wp:attachment":[{"href":"https:\/\/www.tuseichholzremmighausen.de\/wordpress\/wp-json\/wp\/v2\/media?parent=14310"}],"wp:term":[{"taxonomy":"category","embeddable":true,"href":"https:\/\/www.tuseichholzremmighausen.de\/wordpress\/wp-json\/wp\/v2\/categories?post=14310"},{"taxonomy":"post_tag","embeddable":true,"href":"https:\/\/www.tuseichholzremmighausen.de\/wordpress\/wp-json\/wp\/v2\/tags?post=14310"}],"curies":[{"name":"wp","href":"https:\/\/api.w.org\/{rel}","templated":true}]}}