{"id":14315,"date":"2021-02-04T10:30:47","date_gmt":"2021-02-04T09:30:47","guid":{"rendered":"https:\/\/www.tuseichholzremmighausen.de\/wordpress\/?p=14315"},"modified":"2021-02-04T18:52:31","modified_gmt":"2021-02-04T17:52:31","slug":"auch-das-trainerteam-der-2-mannschaft-steht","status":"publish","type":"post","link":"https:\/\/www.tuseichholzremmighausen.de\/wordpress\/archives\/14315","title":{"rendered":"Auch das Trainerteam der 2.Mannschaft steht."},"content":{"rendered":"<div>Der TuS Eichholz-Remmighausen stellt aktuell 4 Mannschaften im Seniorenbereich (ohne Alte Herren). Fussball-Obmann Mohamed Ben Ayed treibt in dieser Zwangspause emsig die Planungen f\u00fcr die neue Saison vor ran. Nach der Verl\u00e4ngerung mit dem Trainerteam der 1. Mannschaft, wird nun auch das Cheftrainer der 2.Mannschaft gebunden. Dazu wird das Funktionsteam f\u00fcr die zweite Mannschaft neu aufgestellt.<\/div>\n<div>&nbsp;<\/div>\n<div>Dies erl\u00e4utert Mohamed Ben Ayed:<\/div>\n<div>\u201eErstmal m\u00f6chte ich mich f\u00fcr die tolle Zeit bei einem ganz tollen Menschen Mario Bertmann bedanken. Er hat \u00fcber viele Jahre immer alles gegeben und einen tollen Job gemacht.<\/div>\n<div>&nbsp;<\/div>\n<div>Mathias Hennig ist jetzt schon \u00fcber mehrere Jahre ein fester Bestandteil der Senioren-Fu\u00dfball-Abteilung und macht sehr gute Arbeit. Matze ist sehr engagiert, zielstrebig und strahlt dabei immer eine gewisse Ruhe aus.<\/div>\n<div>Ich bin sehr gl\u00fccklich ein weiteres Jahr mit Matze verl\u00e4ngern zu k\u00f6nnen.<\/div>\n<div>Unterst\u00fctzung bekommt Matze in einer neuen , sehr guten Konstellation mit Mirko Mergel und Alfonso Cervinara. Die beiden sind seit Ewigkeiten Teil der Fussball-Abteilung und kicken bereits viele Jahre in der Mannschaft und haben einen sehr guten Draht zu Matze.<\/div>\n<div>Die zweite Mannschaft bekommt eine Neuerung in der Saison 21\/22. Marco Stuckenschneider wird in der neuen Saison die Sportliche Leitung \u00fcbernehmen. Stulle ist menschlich, sowie fachlich genau der richtige Mann daf\u00fcr und ich freue mich auf die Zusammenarbeit.\u201c<\/div>\n<div>&nbsp;<\/div>\n<div>Mathias Hennig:&nbsp;<\/div>\n<div>\u201eZuallererst m\u00f6chte ich mich f\u00fcr das entgegengebrachte Vertrauen bedanken. Ein besonderer Dank geht auch an Berti und Stulle, die mich immer tatkr\u00e4ftig unterst\u00fctzt haben. Ohne die zwei w\u00e4re das nicht m\u00f6glich gewesen. Im Sommer wird es im Trainerteam einige Ver\u00e4nderungen geben. Berti geht in den vollverdienten \u201eFu\u00dfball-Ruhestand\u201c und Stulle \u00fcbernimmt die Funktion des Sportlichen Leiters der 2. Mannschaft. Nach intensiven und konstruktiven Gespr\u00e4chen konnten wir Mirko und Alfo f\u00fcr das Trainerteam gewinnen. Ich freue mich auf die Zusammenarbeit und auf die neue Saison mit den Jungs!\u201c<\/div>\n","protected":false},"excerpt":{"rendered":"<p>Der TuS Eichholz-Remmighausen stellt aktuell 4 Mannschaften im Seniorenbereich (ohne Alte Herren). Fussball-Obmann Mohamed Ben Ayed treibt in dieser Zwangspause<\/p>\n","protected":false},"author":54,"featured_media":14316,"comment_status":"closed","ping_status":"open","sticky":false,"template":"","format":"standard","meta":{"colormag_page_container_layout":"default_layout","colormag_page_sidebar_layout":"default_layout","_jetpack_memberships_contains_paid_content":false,"footnotes":"","jetpack_publicize_message":"","jetpack_publicize_feature_enabled":true,"jetpack_social_post_already_shared":true,"jetpack_social_options":{"image_generator_settings":{"template":"highway","default_image_id":0,"font":"","enabled":false},"version":2}},"categories":[157,159],"tags":[],"class_list":["post-14315","post","type-post","status-publish","format-standard","has-post-thumbnail","hentry","category-archiv","category-fb-senioren-aktuell"],"jetpack_publicize_connections":[],"jetpack_featured_media_url":"https:\/\/i0.wp.com\/www.tuseichholzremmighausen.de\/wordpress\/wp-content\/uploads\/2021\/02\/2mannschaft-scaled.jpg?fit=2560%2C1704&ssl=1","jetpack_sharing_enabled":true,"_links":{"self":[{"href":"https:\/\/www.tuseichholzremmighausen.de\/wordpress\/wp-json\/wp\/v2\/posts\/14315","targetHints":{"allow":["GET"]}}],"collection":[{"href":"https:\/\/www.tuseichholzremmighausen.de\/wordpress\/wp-json\/wp\/v2\/posts"}],"about":[{"href":"https:\/\/www.tuseichholzremmighausen.de\/wordpress\/wp-json\/wp\/v2\/types\/post"}],"author":[{"embeddable":true,"href":"https:\/\/www.tuseichholzremmighausen.de\/wordpress\/wp-json\/wp\/v2\/users\/54"}],"replies":[{"embeddable":true,"href":"https:\/\/www.tuseichholzremmighausen.de\/wordpress\/wp-json\/wp\/v2\/comments?post=14315"}],"version-history":[{"count":0,"href":"https:\/\/www.tuseichholzremmighausen.de\/wordpress\/wp-json\/wp\/v2\/posts\/14315\/revisions"}],"wp:featuredmedia":[{"embeddable":true,"href":"https:\/\/www.tuseichholzremmighausen.de\/wordpress\/wp-json\/wp\/v2\/media\/14316"}],"wp:attachment":[{"href":"https:\/\/www.tuseichholzremmighausen.de\/wordpress\/wp-json\/wp\/v2\/media?parent=14315"}],"wp:term":[{"taxonomy":"category","embeddable":true,"href":"https:\/\/www.tuseichholzremmighausen.de\/wordpress\/wp-json\/wp\/v2\/categories?post=14315"},{"taxonomy":"post_tag","embeddable":true,"href":"https:\/\/www.tuseichholzremmighausen.de\/wordpress\/wp-json\/wp\/v2\/tags?post=14315"}],"curies":[{"name":"wp","href":"https:\/\/api.w.org\/{rel}","templated":true}]}}