{"id":14405,"date":"2021-02-15T12:29:09","date_gmt":"2021-02-15T11:29:09","guid":{"rendered":"https:\/\/www.tuseichholzremmighausen.de\/wordpress\/?p=14405"},"modified":"2021-02-15T12:40:08","modified_gmt":"2021-02-15T11:40:08","slug":"das-naechste-puzzleteil-neuer-torwarttrainer-fuer-den-tus","status":"publish","type":"post","link":"https:\/\/www.tuseichholzremmighausen.de\/wordpress\/archives\/14405","title":{"rendered":"Das n\u00e4chste Puzzleteil &#8211; Neuer Torwarttrainer f\u00fcr den TuS"},"content":{"rendered":"<p>Fu\u00dfballobman Mohamed Ben Ayed hat die n\u00e4chste Personalie in den Trainerst\u00e4ben festgezurrt. In Zukunft werden die F\u00e4nger in gr\u00fcn-wei\u00df in den Genuss kommen, regelm\u00e4\u00dfig mit Andre Gem\u00fcnd zusammen zu arbeiten.&nbsp;Andre war vorher beim TuS Asemissen und dem BSV M\u00fcssen aktiv und entwickelte dort sehr starke Torh\u00fcter f\u00fcr die jeweiligen Mannschaften.&nbsp;<\/p>\n<p>MBA berichtet von sehr positiven Gespr\u00e4che und ist sehr froh ihn als Torwarttrainer f\u00fcr den Seniorenbereich gewonnen zu haben. Wir wollen in Zukunft nicht nur unseren Torh\u00fctern ein konstantes qualitativ hochwertiges Training anbieten sondern das vorhandene Talent weiterentwickeln.&nbsp;<\/p>\n","protected":false},"excerpt":{"rendered":"<p>Fu\u00dfballobman Mohamed Ben Ayed hat die n\u00e4chste Personalie in den Trainerst\u00e4ben festgezurrt. In Zukunft werden die F\u00e4nger in gr\u00fcn-wei\u00df in<\/p>\n","protected":false},"author":54,"featured_media":11753,"comment_status":"closed","ping_status":"open","sticky":false,"template":"","format":"standard","meta":{"colormag_page_container_layout":"default_layout","colormag_page_sidebar_layout":"default_layout","_jetpack_memberships_contains_paid_content":false,"footnotes":"","jetpack_publicize_message":"","jetpack_publicize_feature_enabled":true,"jetpack_social_post_already_shared":true,"jetpack_social_options":{"image_generator_settings":{"template":"highway","default_image_id":0,"font":"","enabled":false},"version":2}},"categories":[157],"tags":[],"class_list":["post-14405","post","type-post","status-publish","format-standard","has-post-thumbnail","hentry","category-archiv"],"jetpack_publicize_connections":[],"jetpack_featured_media_url":"https:\/\/i0.wp.com\/www.tuseichholzremmighausen.de\/wordpress\/wp-content\/uploads\/2019\/05\/website-1-scaled.jpg?fit=2560%2C1707&ssl=1","jetpack_sharing_enabled":true,"_links":{"self":[{"href":"https:\/\/www.tuseichholzremmighausen.de\/wordpress\/wp-json\/wp\/v2\/posts\/14405","targetHints":{"allow":["GET"]}}],"collection":[{"href":"https:\/\/www.tuseichholzremmighausen.de\/wordpress\/wp-json\/wp\/v2\/posts"}],"about":[{"href":"https:\/\/www.tuseichholzremmighausen.de\/wordpress\/wp-json\/wp\/v2\/types\/post"}],"author":[{"embeddable":true,"href":"https:\/\/www.tuseichholzremmighausen.de\/wordpress\/wp-json\/wp\/v2\/users\/54"}],"replies":[{"embeddable":true,"href":"https:\/\/www.tuseichholzremmighausen.de\/wordpress\/wp-json\/wp\/v2\/comments?post=14405"}],"version-history":[{"count":0,"href":"https:\/\/www.tuseichholzremmighausen.de\/wordpress\/wp-json\/wp\/v2\/posts\/14405\/revisions"}],"wp:featuredmedia":[{"embeddable":true,"href":"https:\/\/www.tuseichholzremmighausen.de\/wordpress\/wp-json\/wp\/v2\/media\/11753"}],"wp:attachment":[{"href":"https:\/\/www.tuseichholzremmighausen.de\/wordpress\/wp-json\/wp\/v2\/media?parent=14405"}],"wp:term":[{"taxonomy":"category","embeddable":true,"href":"https:\/\/www.tuseichholzremmighausen.de\/wordpress\/wp-json\/wp\/v2\/categories?post=14405"},{"taxonomy":"post_tag","embeddable":true,"href":"https:\/\/www.tuseichholzremmighausen.de\/wordpress\/wp-json\/wp\/v2\/tags?post=14405"}],"curies":[{"name":"wp","href":"https:\/\/api.w.org\/{rel}","templated":true}]}}