{"id":14429,"date":"2021-03-01T11:07:29","date_gmt":"2021-03-01T10:07:29","guid":{"rendered":"https:\/\/www.tuseichholzremmighausen.de\/wordpress\/?p=14429"},"modified":"2021-03-01T11:07:29","modified_gmt":"2021-03-01T10:07:29","slug":"weichenstellung-fuer-den-damen-und-maedchenfussball-beim-tus-eichholz-remmighausen","status":"publish","type":"post","link":"https:\/\/www.tuseichholzremmighausen.de\/wordpress\/archives\/14429","title":{"rendered":"Weichenstellung f\u00fcr den Damen- und M\u00e4dchenfussball beim TuS Eichholz-Remmighausen!"},"content":{"rendered":"<p class=\"p1\"><span class=\"s1\">Eifrig wurde die Covid-Zwangspause genutzt um die eigenen Hausaufgaben zu erledigen. Die Trainer und Betreuer Posten der TuS-Seniorenmannschaften wurden nach und nach besetzt bzw. verl\u00e4ngert. Eine gr\u00fcn-wei\u00dfe Baustelle nach der anderen wurde geschlossen und die Weichen f\u00fcr die Zukunft gestellt. So nun auch in einem Bereich der in der Vergangenheit eher stiefm\u00fctterlich behandelt wurde\u2026 Der Damenfussball soll in unserem Verein in der Zukunft einen gr\u00f6\u00dferen Stellenwert bekommen!<\/span><\/p>\n<p class=\"p1\"><span class=\"s1\">Ein Blick auf die Tabellen des Damenfu\u00dfballs im Kreis l\u00e4sst einen doch verwundert zur\u00fcck. Die Anzahl der Vereine die \u00fcberhaupt eine Mannschaft stellen ist \u00fcberschaubar. Im TuS ist dies seit Jahren eine Selbstverst\u00e4ndlichkeit, ebenso im M\u00e4dchenfu\u00dfball. Seit langem werden Mannschaften gestellt und vielen M\u00e4dchen und Frauen der Spa\u00df am Fu\u00dfball vermittelt. Leider plagten uns in den letzten Jahren immer wieder Personalsorgen und die verschiedenen Trainer wie zuletzt Udo Kaiser &amp; Jan Runte konnten zwar auf einen harten Kern an Spielerinnen z\u00e4hlen, hatten aber letztlich doch immer wieder Probleme einen ausreichend gro\u00dfen Kader f\u00fcr die Spiele zusammen zu bekommen. Dies lag leider auch daran, dass unser durchaus talentierter Nachwuchs immer wieder das Interesse der Nachbarn weckte und abgeworben wurde.&nbsp;<\/span><\/p>\n<p class=\"p1\"><span class=\"s1\">In der laufenden Saison aber bekam das Team von Udo und Jan unverhofft Zuwachs. Nachdem die Mannschaft von Ligakonkurrent Belle vom Spielbetrieb abgemeldet wurde, gl\u00fchten die Leitungen zwischen Remmighausen und Belle, so dass einigen Spielerinnen die gerne weiter Fu\u00dfball spielen wollten, diese Gelegenheit auch geboten werden konnte. Dazu kamen immer wieder neue Gesichter, die entweder anfangen wollten zu spielen, oder dies bereits woanders getan hatten. So geh\u00f6ren nun die Personalsorgen der vergangenen Jahre zum Gl\u00fcck der Vergangenheit an. F\u00fcr diese Entwicklung und den gro\u00dfen Einsatz um die Mannschaft m\u00f6chten wir uns ausdr\u00fccklich bei Udo und Jan bedanken!&nbsp;<\/span><\/p>\n<p class=\"p1\"><span class=\"s1\">Dies m\u00f6chte auch stellv. Abteilungsleiter Tom-Silas M\u00f6ller nochmal betonen: \u201eOhne einen Jan Runte und einen Udo Kaiser h\u00e4tten wir vermutlich nicht die Gelegenheit \u00fcberhaupt \u00fcber eine bestehende Damenmannschaft zu sprechen. Die Verdienste der beiden und auch einem Dirk Gr\u00f6ne davor sind nicht zu verachten! Trotzdem haben wir uns entschieden einen neuen Weg einzuschlagen und diesen Weg werden wir nun auch gehen. Dabei ist aber absolut wichtig das jede(r) auf diesem Weg mitgenommen wird und niemand zur\u00fcck bleibt. Unsere Spielerinnen sind immer mit Herz bei der Sache und so schulden wir es ihnen auch, dass wir unseren Job auch in diesem Bereich machen!\u201c<\/span><\/p>\n<figure id=\"attachment_14432\" aria-describedby=\"caption-attachment-14432\" style=\"width: 300px\" class=\"wp-caption alignright\"><img data-recalc-dims=\"1\" loading=\"lazy\" decoding=\"async\" data-attachment-id=\"14432\" data-permalink=\"https:\/\/www.tuseichholzremmighausen.de\/wordpress\/archives\/14429\/image2\" data-orig-file=\"https:\/\/i0.wp.com\/www.tuseichholzremmighausen.de\/wordpress\/wp-content\/uploads\/2021\/02\/image2.jpeg?fit=737%2C676&amp;ssl=1\" data-orig-size=\"737,676\" data-comments-opened=\"0\" data-image-meta=\"{&quot;aperture&quot;:&quot;0&quot;,&quot;credit&quot;:&quot;&quot;,&quot;camera&quot;:&quot;&quot;,&quot;caption&quot;:&quot;&quot;,&quot;created_timestamp&quot;:&quot;0&quot;,&quot;copyright&quot;:&quot;&quot;,&quot;focal_length&quot;:&quot;0&quot;,&quot;iso&quot;:&quot;0&quot;,&quot;shutter_speed&quot;:&quot;0&quot;,&quot;title&quot;:&quot;&quot;,&quot;orientation&quot;:&quot;0&quot;}\" data-image-title=\"image2\" data-image-description=\"\" data-image-caption=\"&lt;p&gt;Sportlicher Leiter Damenfu\u00dfball Andreas Suermann&lt;\/p&gt;\n\" data-large-file=\"https:\/\/i0.wp.com\/www.tuseichholzremmighausen.de\/wordpress\/wp-content\/uploads\/2021\/02\/image2.jpeg?fit=737%2C676&amp;ssl=1\" class=\"size-medium wp-image-14432\" src=\"https:\/\/i0.wp.com\/www.tuseichholzremmighausen.de\/wordpress\/wp-content\/uploads\/2021\/02\/image2.jpeg?resize=300%2C275&#038;ssl=1\" alt=\"Sportlicher Leiter Damenfu\u00dfball Andreas Suermann\" width=\"300\" height=\"275\" srcset=\"https:\/\/i0.wp.com\/www.tuseichholzremmighausen.de\/wordpress\/wp-content\/uploads\/2021\/02\/image2.jpeg?resize=300%2C275&amp;ssl=1 300w, https:\/\/i0.wp.com\/www.tuseichholzremmighausen.de\/wordpress\/wp-content\/uploads\/2021\/02\/image2.jpeg?resize=600%2C550&amp;ssl=1 600w, https:\/\/i0.wp.com\/www.tuseichholzremmighausen.de\/wordpress\/wp-content\/uploads\/2021\/02\/image2.jpeg?w=737&amp;ssl=1 737w\" sizes=\"auto, (max-width: 300px) 100vw, 300px\" \/><figcaption id=\"caption-attachment-14432\" class=\"wp-caption-text\">Sportlicher Leiter Damenfu\u00dfball Andreas Suermann<\/figcaption><\/figure>\n<p class=\"p1\"><span class=\"s1\">Ab Sommer soll nun aber eine neue Zeitrechnung beginnen. Daf\u00fcr hat sich die sportliche Leitung des TuS Eichholz-Remmighausen um Fussball-Obmann Mohamed Ben Ayed kr\u00e4ftig ins Zeug gelegt und konnte so ein \u00e4u\u00dferst hochkar\u00e4tiges Team f\u00fcr den M\u00e4dchen und Damenfussball aufstellen. Damit m\u00f6chten wir nicht nur dem aktuellen Kader eine gute Zukunftsperspektive bieten, sondern auch unserem talentierten Nachwuchs. Die hervorragende Arbeit im Jugendbereich soll nun auch endlich wieder in der Damenmannschaft Fr\u00fcchte tragen. &nbsp;<\/span><\/p>\n<p class=\"p1\"><span class=\"s1\">Der Kopf des \u201eTeam Damenfu\u00dfball\u201c wird Andreas Suermann als \u201esportlicher Leiter M\u00e4dchen &amp; Damenfu\u00dfball\u201c.<\/span><\/p>\n<p class=\"p1\"><span class=\"s1\">Andreas wird dabei die Verantwortung in diesem Bereich \u00fcbernehmen, erster Ansprechpartner der Spielerinnen sein und wird den \u00dcbergang vom Jugend in den Seniorenbereich managen. Dazu sagt Andreas: \u201eSeit Jahren begleiten wir unsere Juniorinnen eng in ihrer Entwicklung &#8211; viele von ihnen stehen schon in diesem Sommer vor dem Sprung in den Seniorenbereich. Ich bin froh, dass wir gerade diesen Spielerinnen eine tolle Perspektive bieten k\u00f6nnen. Zusammen mit dem bestehenden Kader der Damen-Mannschaft bildet sich eine hervorragende Basis f\u00fcr hoffentlich erfolgreichen Damenfu\u00dfball in Remmighausen.\u201c<\/span><\/p>\n<figure id=\"attachment_14434\" aria-describedby=\"caption-attachment-14434\" style=\"width: 300px\" class=\"wp-caption alignright\"><img data-recalc-dims=\"1\" loading=\"lazy\" decoding=\"async\" data-attachment-id=\"14434\" data-permalink=\"https:\/\/www.tuseichholzremmighausen.de\/wordpress\/archives\/14429\/image0\" data-orig-file=\"https:\/\/i0.wp.com\/www.tuseichholzremmighausen.de\/wordpress\/wp-content\/uploads\/2021\/02\/image0.jpeg?fit=768%2C768&amp;ssl=1\" data-orig-size=\"768,768\" data-comments-opened=\"0\" data-image-meta=\"{&quot;aperture&quot;:&quot;0&quot;,&quot;credit&quot;:&quot;&quot;,&quot;camera&quot;:&quot;&quot;,&quot;caption&quot;:&quot;&quot;,&quot;created_timestamp&quot;:&quot;0&quot;,&quot;copyright&quot;:&quot;&quot;,&quot;focal_length&quot;:&quot;0&quot;,&quot;iso&quot;:&quot;0&quot;,&quot;shutter_speed&quot;:&quot;0&quot;,&quot;title&quot;:&quot;&quot;,&quot;orientation&quot;:&quot;0&quot;}\" data-image-title=\"image0\" data-image-description=\"\" data-image-caption=\"&lt;p&gt;Sportlicher Koordinator Damenfu\u00dfball  Mike Kr\u00fcger&lt;\/p&gt;\n\" data-large-file=\"https:\/\/i0.wp.com\/www.tuseichholzremmighausen.de\/wordpress\/wp-content\/uploads\/2021\/02\/image0.jpeg?fit=768%2C768&amp;ssl=1\" class=\"size-medium wp-image-14434\" src=\"https:\/\/i0.wp.com\/www.tuseichholzremmighausen.de\/wordpress\/wp-content\/uploads\/2021\/02\/image0.jpeg?resize=300%2C300&#038;ssl=1\" alt=\"Sportlicher Koordinator Damenfu\u00dfball Mike Kr\u00fcger\" width=\"300\" height=\"300\" srcset=\"https:\/\/i0.wp.com\/www.tuseichholzremmighausen.de\/wordpress\/wp-content\/uploads\/2021\/02\/image0.jpeg?resize=300%2C300&amp;ssl=1 300w, https:\/\/i0.wp.com\/www.tuseichholzremmighausen.de\/wordpress\/wp-content\/uploads\/2021\/02\/image0.jpeg?resize=100%2C100&amp;ssl=1 100w, https:\/\/i0.wp.com\/www.tuseichholzremmighausen.de\/wordpress\/wp-content\/uploads\/2021\/02\/image0.jpeg?resize=600%2C600&amp;ssl=1 600w, https:\/\/i0.wp.com\/www.tuseichholzremmighausen.de\/wordpress\/wp-content\/uploads\/2021\/02\/image0.jpeg?resize=150%2C150&amp;ssl=1 150w, https:\/\/i0.wp.com\/www.tuseichholzremmighausen.de\/wordpress\/wp-content\/uploads\/2021\/02\/image0.jpeg?w=768&amp;ssl=1 768w\" sizes=\"auto, (max-width: 300px) 100vw, 300px\" \/><figcaption id=\"caption-attachment-14434\" class=\"wp-caption-text\">Sportlicher Koordinator Damenfu\u00dfball Mike Kr\u00fcger<\/figcaption><\/figure>\n<p class=\"p1\"><span class=\"s1\">Unterst\u00fctzt wird Andreas dabei von einem alt bekannten Gesicht. Als sportlicher Koordinator \u00fcbernimmt Mike Kr\u00fcger die Betreuung des Damenkaders und wird umtriebig auf der Suche nach weiteren begeisterten Fussballerinnen sein.&nbsp;<\/span><\/p>\n<p class=\"p1\"><span class=\"s1\">Somit sind die Posten im organisatorischen Bereich besetzt. Aber auch auf dem Platz werden die Spielerinnen von zwei neuen Trainern betreut werden.<\/span><\/p>\n<p class=\"p1\"><span class=\"s1\">Naroz \u00d6zmen und Bj\u00f6rn Matthies werden in Zukunft auf unserem Kunstrasen das Zepter schwingen. Naroz hat sich in den vergangenen Jahren als M\u00e4dchentrainer im Verein und besonders bei den Spielerinnen einen hervorragenden Ruf erarbeitet. Bei seinen Mannschaften war sowohl anspruchsvolles Training aber auch Erfolg an der Tagesordnung. In diese Arbeit setzen wir in Zukunft gro\u00dfe Hoffnung! Sein Partner auf der Trainerbank wird mit Bj\u00f6rn ein Deb\u00fctant, der aber auf eine glorreiche Spielerkarriere zur\u00fcck blicken kann. In seinen besten Jahren hat er f\u00fcr den TSV Detmold in der Landesliga gegen das runde Leder getreten. Um seinen Sachverstand muss sich also niemand Sorgen machen.&nbsp;<\/span><\/p>\n<p class=\"p1\"><span class=\"s1\">Naroz meint zu seiner Aufgabe: \u201eNach den ersten losen Gespr\u00e4chen habe ich mich sehr dar\u00fcber gefreut, dass mir das Angebot gemacht wurde dieses Traineramt zu \u00fcbernehmen. Meine Freude ist sehr gro\u00df eine Mannschaft zu trainieren mit der wir einen guten Fu\u00dfball spielen werden und hoffentlich auch eine Menge Spa\u00df am Spiel haben werden. Dabei soll aber auch der Leistungsgedanke nicht zu kurz kommen!\u201c<\/span><\/p>\n<figure id=\"attachment_14430\" aria-describedby=\"caption-attachment-14430\" style=\"width: 300px\" class=\"wp-caption alignright\"><img data-recalc-dims=\"1\" loading=\"lazy\" decoding=\"async\" data-attachment-id=\"14430\" data-permalink=\"https:\/\/www.tuseichholzremmighausen.de\/wordpress\/archives\/14429\/dsc_0050\" data-orig-file=\"https:\/\/i0.wp.com\/www.tuseichholzremmighausen.de\/wordpress\/wp-content\/uploads\/2021\/02\/DSC_0050-scaled.jpeg?fit=2560%2C1440&amp;ssl=1\" data-orig-size=\"2560,1440\" data-comments-opened=\"0\" data-image-meta=\"{&quot;aperture&quot;:&quot;0&quot;,&quot;credit&quot;:&quot;&quot;,&quot;camera&quot;:&quot;&quot;,&quot;caption&quot;:&quot;&quot;,&quot;created_timestamp&quot;:&quot;0&quot;,&quot;copyright&quot;:&quot;&quot;,&quot;focal_length&quot;:&quot;0&quot;,&quot;iso&quot;:&quot;0&quot;,&quot;shutter_speed&quot;:&quot;0&quot;,&quot;title&quot;:&quot;&quot;,&quot;orientation&quot;:&quot;0&quot;}\" data-image-title=\"DSC_0050\" data-image-description=\"\" data-image-caption=\"&lt;p&gt;Trainer Naroz \u00d6zmen&lt;\/p&gt;\n\" data-large-file=\"https:\/\/i0.wp.com\/www.tuseichholzremmighausen.de\/wordpress\/wp-content\/uploads\/2021\/02\/DSC_0050-scaled.jpeg?fit=800%2C450&amp;ssl=1\" class=\"size-medium wp-image-14430\" src=\"https:\/\/i0.wp.com\/www.tuseichholzremmighausen.de\/wordpress\/wp-content\/uploads\/2021\/02\/DSC_0050.jpeg?resize=300%2C169&#038;ssl=1\" alt=\"\" width=\"300\" height=\"169\" srcset=\"https:\/\/i0.wp.com\/www.tuseichholzremmighausen.de\/wordpress\/wp-content\/uploads\/2021\/02\/DSC_0050-scaled.jpeg?resize=300%2C169&amp;ssl=1 300w, https:\/\/i0.wp.com\/www.tuseichholzremmighausen.de\/wordpress\/wp-content\/uploads\/2021\/02\/DSC_0050-scaled.jpeg?resize=600%2C338&amp;ssl=1 600w, https:\/\/i0.wp.com\/www.tuseichholzremmighausen.de\/wordpress\/wp-content\/uploads\/2021\/02\/DSC_0050-scaled.jpeg?resize=1024%2C576&amp;ssl=1 1024w, https:\/\/i0.wp.com\/www.tuseichholzremmighausen.de\/wordpress\/wp-content\/uploads\/2021\/02\/DSC_0050-scaled.jpeg?resize=768%2C432&amp;ssl=1 768w, https:\/\/i0.wp.com\/www.tuseichholzremmighausen.de\/wordpress\/wp-content\/uploads\/2021\/02\/DSC_0050-scaled.jpeg?resize=1536%2C864&amp;ssl=1 1536w, https:\/\/i0.wp.com\/www.tuseichholzremmighausen.de\/wordpress\/wp-content\/uploads\/2021\/02\/DSC_0050-scaled.jpeg?resize=2048%2C1152&amp;ssl=1 2048w, https:\/\/i0.wp.com\/www.tuseichholzremmighausen.de\/wordpress\/wp-content\/uploads\/2021\/02\/DSC_0050-scaled.jpeg?w=1600&amp;ssl=1 1600w, https:\/\/i0.wp.com\/www.tuseichholzremmighausen.de\/wordpress\/wp-content\/uploads\/2021\/02\/DSC_0050-scaled.jpeg?w=2400&amp;ssl=1 2400w\" sizes=\"auto, (max-width: 300px) 100vw, 300px\" \/><figcaption id=\"caption-attachment-14430\" class=\"wp-caption-text\">Trainer Naroz \u00d6zmen<\/figcaption><\/figure>\n<p class=\"p1\"><span class=\"s1\">Mit diesen Personen hoffen die Abteilungsleitung und die Obm\u00e4nner die Weichen gestellt zu haben f\u00fcr eine erfolgreiche Zukunft in gr\u00fcn wei\u00df!<\/span><\/p>\n<p class=\"p1\"><span class=\"s1\">Obmann Mohamed Ben Ayed freut sich: \u201eNach vielen guten, aber auch sehr intensiven Gespr\u00e4chen bin ich am Ende sehr froh Andreas als Sportlichen Leiter und Mike Kr\u00fcger als Sportlichen Koordinator der Damen und Naroz \u00d6zmen und Bj\u00f6rn Matthies gewonnen zu haben.<\/span><\/p>\n<p class=\"p1\"><span class=\"s1\">Wir wollen den M\u00e4dchen- und Damenbereich attraktiv gestalten und uns dort weiterentwickeln. Wichtig ist es uns nat\u00fcrlich mit dem Gespann die Bindung der M\u00e4dchen und Damen weiter zu st\u00e4rken und den jungen M\u00e4dels die Chance zu geben sich weiter bei den Damen zu entwickeln.<\/span><\/p>\n<figure id=\"attachment_14433\" aria-describedby=\"caption-attachment-14433\" style=\"width: 150px\" class=\"wp-caption alignright\"><img data-recalc-dims=\"1\" loading=\"lazy\" decoding=\"async\" data-attachment-id=\"14433\" data-permalink=\"https:\/\/www.tuseichholzremmighausen.de\/wordpress\/archives\/14429\/image1\" data-orig-file=\"https:\/\/i0.wp.com\/www.tuseichholzremmighausen.de\/wordpress\/wp-content\/uploads\/2021\/02\/image1.jpeg?fit=1027%2C1366&amp;ssl=1\" data-orig-size=\"1027,1366\" data-comments-opened=\"0\" data-image-meta=\"{&quot;aperture&quot;:&quot;0&quot;,&quot;credit&quot;:&quot;&quot;,&quot;camera&quot;:&quot;&quot;,&quot;caption&quot;:&quot;&quot;,&quot;created_timestamp&quot;:&quot;0&quot;,&quot;copyright&quot;:&quot;&quot;,&quot;focal_length&quot;:&quot;0&quot;,&quot;iso&quot;:&quot;0&quot;,&quot;shutter_speed&quot;:&quot;0&quot;,&quot;title&quot;:&quot;&quot;,&quot;orientation&quot;:&quot;0&quot;}\" data-image-title=\"image1\" data-image-description=\"\" data-image-caption=\"&lt;p&gt;Trainer Bj\u00f6rn Matthies&lt;\/p&gt;\n\" data-large-file=\"https:\/\/i0.wp.com\/www.tuseichholzremmighausen.de\/wordpress\/wp-content\/uploads\/2021\/02\/image1.jpeg?fit=770%2C1024&amp;ssl=1\" class=\"size-thumbnail wp-image-14433\" src=\"https:\/\/i0.wp.com\/www.tuseichholzremmighausen.de\/wordpress\/wp-content\/uploads\/2021\/02\/image1.jpeg?resize=150%2C150&#038;ssl=1\" alt=\"\" width=\"150\" height=\"150\" srcset=\"https:\/\/i0.wp.com\/www.tuseichholzremmighausen.de\/wordpress\/wp-content\/uploads\/2021\/02\/image1.jpeg?resize=150%2C150&amp;ssl=1 150w, https:\/\/i0.wp.com\/www.tuseichholzremmighausen.de\/wordpress\/wp-content\/uploads\/2021\/02\/image1.jpeg?resize=300%2C300&amp;ssl=1 300w, https:\/\/i0.wp.com\/www.tuseichholzremmighausen.de\/wordpress\/wp-content\/uploads\/2021\/02\/image1.jpeg?resize=100%2C100&amp;ssl=1 100w, https:\/\/i0.wp.com\/www.tuseichholzremmighausen.de\/wordpress\/wp-content\/uploads\/2021\/02\/image1.jpeg?zoom=3&amp;resize=150%2C150&amp;ssl=1 450w\" sizes=\"auto, (max-width: 150px) 100vw, 150px\" \/><figcaption id=\"caption-attachment-14433\" class=\"wp-caption-text\">Trainer Bj\u00f6rn Matthies<\/figcaption><\/figure>\n<p class=\"p1\"><span class=\"s1\">Auf die Zusammenarbeit mit dem Gespann freue ich mich sehr.\u201c<\/span><\/p>\n<p class=\"p1\"><span class=\"s1\">Die Richtung und der Weg f\u00fcr den TuS Eichholz-Remmighausen ist also klar und so gilt es ab Sommer diesen auch zu beschreiten! Auf geht\u2018s!&nbsp;<\/span><\/p>\n","protected":false},"excerpt":{"rendered":"<p>Eifrig wurde die Covid-Zwangspause genutzt um die eigenen Hausaufgaben zu erledigen. Die Trainer und Betreuer Posten der TuS-Seniorenmannschaften wurden nach<\/p>\n","protected":false},"author":54,"featured_media":14431,"comment_status":"closed","ping_status":"open","sticky":false,"template":"","format":"standard","meta":{"colormag_page_container_layout":"default_layout","colormag_page_sidebar_layout":"default_layout","_jetpack_memberships_contains_paid_content":false,"footnotes":"","jetpack_publicize_message":"","jetpack_publicize_feature_enabled":true,"jetpack_social_post_already_shared":true,"jetpack_social_options":{"image_generator_settings":{"template":"highway","default_image_id":0,"font":"","enabled":false},"version":2}},"categories":[157,159],"tags":[],"class_list":["post-14429","post","type-post","status-publish","format-standard","has-post-thumbnail","hentry","category-archiv","category-fb-senioren-aktuell"],"jetpack_publicize_connections":[],"jetpack_featured_media_url":"https:\/\/i0.wp.com\/www.tuseichholzremmighausen.de\/wordpress\/wp-content\/uploads\/2021\/02\/image3-scaled.jpeg?fit=2560%2C1707&ssl=1","jetpack_sharing_enabled":true,"_links":{"self":[{"href":"https:\/\/www.tuseichholzremmighausen.de\/wordpress\/wp-json\/wp\/v2\/posts\/14429","targetHints":{"allow":["GET"]}}],"collection":[{"href":"https:\/\/www.tuseichholzremmighausen.de\/wordpress\/wp-json\/wp\/v2\/posts"}],"about":[{"href":"https:\/\/www.tuseichholzremmighausen.de\/wordpress\/wp-json\/wp\/v2\/types\/post"}],"author":[{"embeddable":true,"href":"https:\/\/www.tuseichholzremmighausen.de\/wordpress\/wp-json\/wp\/v2\/users\/54"}],"replies":[{"embeddable":true,"href":"https:\/\/www.tuseichholzremmighausen.de\/wordpress\/wp-json\/wp\/v2\/comments?post=14429"}],"version-history":[{"count":0,"href":"https:\/\/www.tuseichholzremmighausen.de\/wordpress\/wp-json\/wp\/v2\/posts\/14429\/revisions"}],"wp:featuredmedia":[{"embeddable":true,"href":"https:\/\/www.tuseichholzremmighausen.de\/wordpress\/wp-json\/wp\/v2\/media\/14431"}],"wp:attachment":[{"href":"https:\/\/www.tuseichholzremmighausen.de\/wordpress\/wp-json\/wp\/v2\/media?parent=14429"}],"wp:term":[{"taxonomy":"category","embeddable":true,"href":"https:\/\/www.tuseichholzremmighausen.de\/wordpress\/wp-json\/wp\/v2\/categories?post=14429"},{"taxonomy":"post_tag","embeddable":true,"href":"https:\/\/www.tuseichholzremmighausen.de\/wordpress\/wp-json\/wp\/v2\/tags?post=14429"}],"curies":[{"name":"wp","href":"https:\/\/api.w.org\/{rel}","templated":true}]}}