{"id":14453,"date":"2021-03-21T15:48:12","date_gmt":"2021-03-21T14:48:12","guid":{"rendered":"https:\/\/www.tuseichholzremmighausen.de\/wordpress\/?p=14453"},"modified":"2021-03-21T19:59:12","modified_gmt":"2021-03-21T18:59:12","slug":"das-neue-tus-wappen","status":"publish","type":"post","link":"https:\/\/www.tuseichholzremmighausen.de\/wordpress\/archives\/14453","title":{"rendered":"Das neue TuS Wappen"},"content":{"rendered":"<p><strong>Ein kleiner R\u00fcckblick<\/strong><\/p>\n<p>Das erste Mal bewusst wahrgenommen habe ich das TuS-Wappen als Jugendlicher in den 60er Jahren. Ich benenne es im weiteren als \u201eTuS-Logo\u201c.&nbsp;Vereinsseitig gab es zu der Zeit jedes Jahr teilnehmerstarke (!) Leichtathletik-Wettk\u00e4mpfe in allen Altersklassen. Die jeweiligen Sieger (zumindest im Jugendbereich, so ist mir bekannt) erhielten einen aus Holz gefertigten Wanderpokal \u00fcberreicht, den sie nach dreimaligem Gewinn behalten durften.<\/p>\n<p>Diesen tellerf\u00f6rmigen Wanderpokal zierte mittig das TuS-Logo, es war dem sehr \u00e4hnlich was wir heute als TuS-Logo kennen.&nbsp;Der Holzteller (Durchmesser ca. 30-40 cm) wurde von dem Holzbildhauer Altmeier aus dem Alten Weg in Remmighausen angefertigt. Ob er auch der Sch\u00f6pfer des TuS-Logos ist, konnte ich auch nach einem Gespr\u00e4ch mit seinem Sohn leider nicht mit Sicherheit festmachen. Angefertigte Zeichnungen und Unterlagen dar\u00fcber gibt es leider nicht mehr. Ich neige aber zu der Annahme, dass er es war der es entworfen hat.<\/p>\n<p><a href=\"https:\/\/i0.wp.com\/www.tuseichholzremmighausen.de\/wordpress\/wp-content\/uploads\/2021\/03\/TuS_Wappen_350_entwicklung.jpg?ssl=1\"><img data-recalc-dims=\"1\" loading=\"lazy\" decoding=\"async\" data-attachment-id=\"14454\" data-permalink=\"https:\/\/www.tuseichholzremmighausen.de\/wordpress\/archives\/14453\/tus_wappen_350_entwicklung\" data-orig-file=\"https:\/\/i0.wp.com\/www.tuseichholzremmighausen.de\/wordpress\/wp-content\/uploads\/2021\/03\/TuS_Wappen_350_entwicklung.jpg?fit=800%2C242&amp;ssl=1\" data-orig-size=\"800,242\" data-comments-opened=\"0\" data-image-meta=\"{&quot;aperture&quot;:&quot;0&quot;,&quot;credit&quot;:&quot;&quot;,&quot;camera&quot;:&quot;&quot;,&quot;caption&quot;:&quot;&quot;,&quot;created_timestamp&quot;:&quot;0&quot;,&quot;copyright&quot;:&quot;&quot;,&quot;focal_length&quot;:&quot;0&quot;,&quot;iso&quot;:&quot;0&quot;,&quot;shutter_speed&quot;:&quot;0&quot;,&quot;title&quot;:&quot;&quot;,&quot;orientation&quot;:&quot;1&quot;}\" data-image-title=\"TuS_Wappen_350_entwicklung\" data-image-description=\"\" data-image-caption=\"\" data-large-file=\"https:\/\/i0.wp.com\/www.tuseichholzremmighausen.de\/wordpress\/wp-content\/uploads\/2021\/03\/TuS_Wappen_350_entwicklung.jpg?fit=800%2C242&amp;ssl=1\" class=\"alignleft size-full wp-image-14454\" src=\"https:\/\/i0.wp.com\/www.tuseichholzremmighausen.de\/wordpress\/wp-content\/uploads\/2021\/03\/TuS_Wappen_350_entwicklung.jpg?resize=800%2C242&#038;ssl=1\" alt=\"\" width=\"800\" height=\"242\" srcset=\"https:\/\/i0.wp.com\/www.tuseichholzremmighausen.de\/wordpress\/wp-content\/uploads\/2021\/03\/TuS_Wappen_350_entwicklung.jpg?w=800&amp;ssl=1 800w, https:\/\/i0.wp.com\/www.tuseichholzremmighausen.de\/wordpress\/wp-content\/uploads\/2021\/03\/TuS_Wappen_350_entwicklung.jpg?resize=600%2C182&amp;ssl=1 600w, https:\/\/i0.wp.com\/www.tuseichholzremmighausen.de\/wordpress\/wp-content\/uploads\/2021\/03\/TuS_Wappen_350_entwicklung.jpg?resize=300%2C91&amp;ssl=1 300w, https:\/\/i0.wp.com\/www.tuseichholzremmighausen.de\/wordpress\/wp-content\/uploads\/2021\/03\/TuS_Wappen_350_entwicklung.jpg?resize=768%2C232&amp;ssl=1 768w\" sizes=\"auto, (max-width: 800px) 100vw, 800px\" \/><\/a><\/p>\n<p>&nbsp;<\/p>\n<p>Logos werden heute in allen Medien als Marke genutzt, um u.a. eine Kundenbindung zu erreichen. Beispiele aus dem Sportbereich gibt es viele: Addidas, Bayern M\u00fcnchen usw. um nur mal zwei zu benennen. Dem TuS war so etwas zu der Zeit nat\u00fcrlich ganz und gar fremd. So ziert (um es freundlich auszudr\u00fccken) seit Jahren ein sehr einfaches Logo die Hauswand des Vereinsheims, was mit dem bekannten Logo, u.a. auf Trikots, Vereinsnadeln, 100 Jahre TuS und im Briefbogen des TuS gar nichts gemeinsam hat.<\/p>\n<p>Corporate Identy ist auch beim TuS angekommen und findet nach und nach Niederschlag in den Medien die wir bedienen. So d\u00fcrfen wir jetzt ein neues Logo des TuS verwenden, das die Vergangenheit nicht leugnet aber neue Akzente bez\u00fcglich Erscheinungsbild, Lesbarkeit und Wiedererkennung setzt. Dazu m\u00f6chte ich der Designerin Sophie Westerheide ganz herzlich danken!<\/p>\n","protected":false},"excerpt":{"rendered":"<p>Ein kleiner R\u00fcckblick Das erste Mal bewusst wahrgenommen habe ich das TuS-Wappen als Jugendlicher in den 60er Jahren. Ich benenne<\/p>\n","protected":false},"author":2,"featured_media":14455,"comment_status":"closed","ping_status":"open","sticky":false,"template":"","format":"standard","meta":{"colormag_page_container_layout":"default_layout","colormag_page_sidebar_layout":"default_layout","_jetpack_memberships_contains_paid_content":false,"footnotes":"","jetpack_publicize_message":"","jetpack_publicize_feature_enabled":true,"jetpack_social_post_already_shared":true,"jetpack_social_options":{"image_generator_settings":{"template":"highway","default_image_id":0,"font":"","enabled":false},"version":2}},"categories":[157,165,162,211],"tags":[],"class_list":["post-14453","post","type-post","status-publish","format-standard","has-post-thumbnail","hentry","category-archiv","category-startseite-ohne-fb","category-tus-aktuell","category-vorstand"],"jetpack_publicize_connections":[],"jetpack_featured_media_url":"https:\/\/i0.wp.com\/www.tuseichholzremmighausen.de\/wordpress\/wp-content\/uploads\/2021\/03\/TuS_Wappen_2021_Titel.jpg?fit=800%2C445&ssl=1","jetpack_sharing_enabled":true,"_links":{"self":[{"href":"https:\/\/www.tuseichholzremmighausen.de\/wordpress\/wp-json\/wp\/v2\/posts\/14453","targetHints":{"allow":["GET"]}}],"collection":[{"href":"https:\/\/www.tuseichholzremmighausen.de\/wordpress\/wp-json\/wp\/v2\/posts"}],"about":[{"href":"https:\/\/www.tuseichholzremmighausen.de\/wordpress\/wp-json\/wp\/v2\/types\/post"}],"author":[{"embeddable":true,"href":"https:\/\/www.tuseichholzremmighausen.de\/wordpress\/wp-json\/wp\/v2\/users\/2"}],"replies":[{"embeddable":true,"href":"https:\/\/www.tuseichholzremmighausen.de\/wordpress\/wp-json\/wp\/v2\/comments?post=14453"}],"version-history":[{"count":0,"href":"https:\/\/www.tuseichholzremmighausen.de\/wordpress\/wp-json\/wp\/v2\/posts\/14453\/revisions"}],"wp:featuredmedia":[{"embeddable":true,"href":"https:\/\/www.tuseichholzremmighausen.de\/wordpress\/wp-json\/wp\/v2\/media\/14455"}],"wp:attachment":[{"href":"https:\/\/www.tuseichholzremmighausen.de\/wordpress\/wp-json\/wp\/v2\/media?parent=14453"}],"wp:term":[{"taxonomy":"category","embeddable":true,"href":"https:\/\/www.tuseichholzremmighausen.de\/wordpress\/wp-json\/wp\/v2\/categories?post=14453"},{"taxonomy":"post_tag","embeddable":true,"href":"https:\/\/www.tuseichholzremmighausen.de\/wordpress\/wp-json\/wp\/v2\/tags?post=14453"}],"curies":[{"name":"wp","href":"https:\/\/api.w.org\/{rel}","templated":true}]}}