{"id":14621,"date":"2021-06-27T22:07:39","date_gmt":"2021-06-27T20:07:39","guid":{"rendered":"https:\/\/www.tuseichholzremmighausen.de\/wordpress\/?p=14621"},"modified":"2021-06-27T22:07:39","modified_gmt":"2021-06-27T20:07:39","slug":"die-wege-sind-wieder-frei","status":"publish","type":"post","link":"https:\/\/www.tuseichholzremmighausen.de\/wordpress\/archives\/14621","title":{"rendered":"Die Wege sind wieder frei!"},"content":{"rendered":"<p>Vielen Dank f\u00fcr die flei\u00dfigen Helfer die an diesem Samstag bei der Gartenaktion an der Eichholz-Halle mitgeholfen haben! 15 Helfer waren schon um 9:30 Uhr morgens startklar und haben Besen, Gartenscheren, Schaufeln und auch einiges an schwereren Gef\u00e4hrt geschwungen.\u00a0Die hartn\u00e4ckigen Brombeeren hatten sich in der Sportpause ihren Weg gesucht, und so musste mal wieder ein Radikalschnitt vorgenommen werden.<\/p>\n<p>&nbsp;<\/p>\n<div data-carousel-extra='{&quot;blog_id&quot;:1,&quot;permalink&quot;:&quot;https:\/\/www.tuseichholzremmighausen.de\/wordpress\/archives\/14621&quot;}' id='gallery-1' class='gallery galleryid-14621 gallery-columns-2 gallery-size-colormag-featured-image'><figure class='gallery-item'>\n\t\t\t<div class='gallery-icon portrait'>\n\t\t\t\t<img loading=\"lazy\" decoding=\"async\" width=\"800\" height=\"445\" src=\"https:\/\/i0.wp.com\/www.tuseichholzremmighausen.de\/wordpress\/wp-content\/uploads\/2021\/06\/tus-gartenaktion-eichholzhalle-06.jpg?resize=800%2C445&amp;ssl=1\" class=\"attachment-colormag-featured-image size-colormag-featured-image\" alt=\"\" data-attachment-id=\"14627\" data-permalink=\"https:\/\/www.tuseichholzremmighausen.de\/wordpress\/tus-gartenaktion-eichholzhalle-06\" data-orig-file=\"https:\/\/i0.wp.com\/www.tuseichholzremmighausen.de\/wordpress\/wp-content\/uploads\/2021\/06\/tus-gartenaktion-eichholzhalle-06.jpg?fit=1013%2C1800&amp;ssl=1\" data-orig-size=\"1013,1800\" data-comments-opened=\"0\" data-image-meta=\"{&quot;aperture&quot;:&quot;0&quot;,&quot;credit&quot;:&quot;&quot;,&quot;camera&quot;:&quot;&quot;,&quot;caption&quot;:&quot;&quot;,&quot;created_timestamp&quot;:&quot;0&quot;,&quot;copyright&quot;:&quot;&quot;,&quot;focal_length&quot;:&quot;0&quot;,&quot;iso&quot;:&quot;0&quot;,&quot;shutter_speed&quot;:&quot;0&quot;,&quot;title&quot;:&quot;&quot;,&quot;orientation&quot;:&quot;0&quot;}\" data-image-title=\"tus-gartenaktion-eichholzhalle-06\" data-image-description=\"\" data-image-caption=\"\" data-large-file=\"https:\/\/i0.wp.com\/www.tuseichholzremmighausen.de\/wordpress\/wp-content\/uploads\/2021\/06\/tus-gartenaktion-eichholzhalle-06.jpg?fit=576%2C1024&amp;ssl=1\" \/>\n\t\t\t<\/div><\/figure><figure class='gallery-item'>\n\t\t\t<div class='gallery-icon landscape'>\n\t\t\t\t<img loading=\"lazy\" decoding=\"async\" width=\"800\" height=\"445\" src=\"https:\/\/i0.wp.com\/www.tuseichholzremmighausen.de\/wordpress\/wp-content\/uploads\/2021\/06\/tus-gartenaktion-eichholzhalle-05.jpg?resize=800%2C445&amp;ssl=1\" class=\"attachment-colormag-featured-image size-colormag-featured-image\" alt=\"\" srcset=\"https:\/\/i0.wp.com\/www.tuseichholzremmighausen.de\/wordpress\/wp-content\/uploads\/2021\/06\/tus-gartenaktion-eichholzhalle-05.jpg?resize=800%2C445&amp;ssl=1 800w, https:\/\/i0.wp.com\/www.tuseichholzremmighausen.de\/wordpress\/wp-content\/uploads\/2021\/06\/tus-gartenaktion-eichholzhalle-05.jpg?zoom=2&amp;resize=800%2C445&amp;ssl=1 1600w\" sizes=\"auto, (max-width: 800px) 100vw, 800px\" data-attachment-id=\"14626\" data-permalink=\"https:\/\/www.tuseichholzremmighausen.de\/wordpress\/tus-gartenaktion-eichholzhalle-05\" data-orig-file=\"https:\/\/i0.wp.com\/www.tuseichholzremmighausen.de\/wordpress\/wp-content\/uploads\/2021\/06\/tus-gartenaktion-eichholzhalle-05.jpg?fit=1800%2C1013&amp;ssl=1\" data-orig-size=\"1800,1013\" data-comments-opened=\"0\" data-image-meta=\"{&quot;aperture&quot;:&quot;0&quot;,&quot;credit&quot;:&quot;&quot;,&quot;camera&quot;:&quot;&quot;,&quot;caption&quot;:&quot;&quot;,&quot;created_timestamp&quot;:&quot;0&quot;,&quot;copyright&quot;:&quot;&quot;,&quot;focal_length&quot;:&quot;0&quot;,&quot;iso&quot;:&quot;0&quot;,&quot;shutter_speed&quot;:&quot;0&quot;,&quot;title&quot;:&quot;&quot;,&quot;orientation&quot;:&quot;0&quot;}\" data-image-title=\"tus-gartenaktion-eichholzhalle-05\" data-image-description=\"\" data-image-caption=\"\" data-large-file=\"https:\/\/i0.wp.com\/www.tuseichholzremmighausen.de\/wordpress\/wp-content\/uploads\/2021\/06\/tus-gartenaktion-eichholzhalle-05.jpg?fit=800%2C450&amp;ssl=1\" \/>\n\t\t\t<\/div><\/figure><figure class='gallery-item'>\n\t\t\t<div class='gallery-icon landscape'>\n\t\t\t\t<img loading=\"lazy\" decoding=\"async\" width=\"800\" height=\"445\" src=\"https:\/\/i0.wp.com\/www.tuseichholzremmighausen.de\/wordpress\/wp-content\/uploads\/2021\/06\/tus-gartenaktion-eichholzhalle-04.jpg?resize=800%2C445&amp;ssl=1\" class=\"attachment-colormag-featured-image size-colormag-featured-image\" alt=\"\" srcset=\"https:\/\/i0.wp.com\/www.tuseichholzremmighausen.de\/wordpress\/wp-content\/uploads\/2021\/06\/tus-gartenaktion-eichholzhalle-04.jpg?resize=800%2C445&amp;ssl=1 800w, https:\/\/i0.wp.com\/www.tuseichholzremmighausen.de\/wordpress\/wp-content\/uploads\/2021\/06\/tus-gartenaktion-eichholzhalle-04.jpg?zoom=2&amp;resize=800%2C445&amp;ssl=1 1600w\" sizes=\"auto, (max-width: 800px) 100vw, 800px\" data-attachment-id=\"14625\" data-permalink=\"https:\/\/www.tuseichholzremmighausen.de\/wordpress\/tus-gartenaktion-eichholzhalle-04\" data-orig-file=\"https:\/\/i0.wp.com\/www.tuseichholzremmighausen.de\/wordpress\/wp-content\/uploads\/2021\/06\/tus-gartenaktion-eichholzhalle-04.jpg?fit=1800%2C1013&amp;ssl=1\" data-orig-size=\"1800,1013\" data-comments-opened=\"0\" data-image-meta=\"{&quot;aperture&quot;:&quot;0&quot;,&quot;credit&quot;:&quot;&quot;,&quot;camera&quot;:&quot;&quot;,&quot;caption&quot;:&quot;&quot;,&quot;created_timestamp&quot;:&quot;0&quot;,&quot;copyright&quot;:&quot;&quot;,&quot;focal_length&quot;:&quot;0&quot;,&quot;iso&quot;:&quot;0&quot;,&quot;shutter_speed&quot;:&quot;0&quot;,&quot;title&quot;:&quot;&quot;,&quot;orientation&quot;:&quot;0&quot;}\" data-image-title=\"tus-gartenaktion-eichholzhalle-04\" data-image-description=\"\" data-image-caption=\"\" data-large-file=\"https:\/\/i0.wp.com\/www.tuseichholzremmighausen.de\/wordpress\/wp-content\/uploads\/2021\/06\/tus-gartenaktion-eichholzhalle-04.jpg?fit=800%2C450&amp;ssl=1\" \/>\n\t\t\t<\/div><\/figure><figure class='gallery-item'>\n\t\t\t<div class='gallery-icon portrait'>\n\t\t\t\t<img loading=\"lazy\" decoding=\"async\" width=\"800\" height=\"445\" src=\"https:\/\/i0.wp.com\/www.tuseichholzremmighausen.de\/wordpress\/wp-content\/uploads\/2021\/06\/tus-gartenaktion-eichholzhalle-03.jpg?resize=800%2C445&amp;ssl=1\" class=\"attachment-colormag-featured-image size-colormag-featured-image\" alt=\"\" data-attachment-id=\"14624\" data-permalink=\"https:\/\/www.tuseichholzremmighausen.de\/wordpress\/tus-gartenaktion-eichholzhalle-03\" data-orig-file=\"https:\/\/i0.wp.com\/www.tuseichholzremmighausen.de\/wordpress\/wp-content\/uploads\/2021\/06\/tus-gartenaktion-eichholzhalle-03.jpg?fit=1013%2C1800&amp;ssl=1\" data-orig-size=\"1013,1800\" data-comments-opened=\"0\" data-image-meta=\"{&quot;aperture&quot;:&quot;0&quot;,&quot;credit&quot;:&quot;&quot;,&quot;camera&quot;:&quot;&quot;,&quot;caption&quot;:&quot;&quot;,&quot;created_timestamp&quot;:&quot;0&quot;,&quot;copyright&quot;:&quot;&quot;,&quot;focal_length&quot;:&quot;0&quot;,&quot;iso&quot;:&quot;0&quot;,&quot;shutter_speed&quot;:&quot;0&quot;,&quot;title&quot;:&quot;&quot;,&quot;orientation&quot;:&quot;0&quot;}\" data-image-title=\"tus-gartenaktion-eichholzhalle-03\" data-image-description=\"\" data-image-caption=\"\" data-large-file=\"https:\/\/i0.wp.com\/www.tuseichholzremmighausen.de\/wordpress\/wp-content\/uploads\/2021\/06\/tus-gartenaktion-eichholzhalle-03.jpg?fit=576%2C1024&amp;ssl=1\" \/>\n\t\t\t<\/div><\/figure><figure class='gallery-item'>\n\t\t\t<div class='gallery-icon landscape'>\n\t\t\t\t<img loading=\"lazy\" decoding=\"async\" width=\"800\" height=\"445\" src=\"https:\/\/i0.wp.com\/www.tuseichholzremmighausen.de\/wordpress\/wp-content\/uploads\/2021\/06\/tus-gartenaktion-eichholzhalle-01.jpg?resize=800%2C445&amp;ssl=1\" class=\"attachment-colormag-featured-image size-colormag-featured-image\" alt=\"\" srcset=\"https:\/\/i0.wp.com\/www.tuseichholzremmighausen.de\/wordpress\/wp-content\/uploads\/2021\/06\/tus-gartenaktion-eichholzhalle-01.jpg?resize=800%2C445&amp;ssl=1 800w, https:\/\/i0.wp.com\/www.tuseichholzremmighausen.de\/wordpress\/wp-content\/uploads\/2021\/06\/tus-gartenaktion-eichholzhalle-01.jpg?zoom=2&amp;resize=800%2C445&amp;ssl=1 1600w\" sizes=\"auto, (max-width: 800px) 100vw, 800px\" data-attachment-id=\"14622\" data-permalink=\"https:\/\/www.tuseichholzremmighausen.de\/wordpress\/tus-gartenaktion-eichholzhalle-01\" data-orig-file=\"https:\/\/i0.wp.com\/www.tuseichholzremmighausen.de\/wordpress\/wp-content\/uploads\/2021\/06\/tus-gartenaktion-eichholzhalle-01.jpg?fit=1800%2C1013&amp;ssl=1\" data-orig-size=\"1800,1013\" data-comments-opened=\"0\" data-image-meta=\"{&quot;aperture&quot;:&quot;0&quot;,&quot;credit&quot;:&quot;&quot;,&quot;camera&quot;:&quot;&quot;,&quot;caption&quot;:&quot;&quot;,&quot;created_timestamp&quot;:&quot;0&quot;,&quot;copyright&quot;:&quot;&quot;,&quot;focal_length&quot;:&quot;0&quot;,&quot;iso&quot;:&quot;0&quot;,&quot;shutter_speed&quot;:&quot;0&quot;,&quot;title&quot;:&quot;&quot;,&quot;orientation&quot;:&quot;0&quot;}\" data-image-title=\"tus-gartenaktion-eichholzhalle-01\" data-image-description=\"\" data-image-caption=\"\" data-large-file=\"https:\/\/i0.wp.com\/www.tuseichholzremmighausen.de\/wordpress\/wp-content\/uploads\/2021\/06\/tus-gartenaktion-eichholzhalle-01.jpg?fit=800%2C450&amp;ssl=1\" \/>\n\t\t\t<\/div><\/figure>\n\t\t<\/div>\n\n<p>Nach knapp zwei Stunden war alles geschafft \u2013 viele H\u00e4nde, schnelles Ende! Als Belohnung und St\u00e4rkung gab es anschlie\u00dfend noch ein k\u00fchles Getr\u00e4nk und eine Bratwurst auf die Hand! Danke an Familie Schwartmann, die sich um Verpflegung gek\u00fcmmert und ihren Garten zur Verf\u00fcgung gestellt haben.<\/p>\n<p>&nbsp;<\/p>\n","protected":false},"excerpt":{"rendered":"<p>Vielen Dank f\u00fcr die flei\u00dfigen Helfer die an diesem Samstag bei der Gartenaktion an der Eichholz-Halle mitgeholfen haben! 15 Helfer<\/p>\n","protected":false},"author":52,"featured_media":14623,"comment_status":"closed","ping_status":"open","sticky":false,"template":"","format":"standard","meta":{"colormag_page_container_layout":"default_layout","colormag_page_sidebar_layout":"default_layout","_jetpack_memberships_contains_paid_content":false,"footnotes":"","jetpack_publicize_message":"Die Wege sind wieder frei!\r\n\r\nVielen Dank f\u00fcr die flei\u00dfigen Helfer die an diesem Samstag bei der Gartenaktion an der Eichholz-Halle mitgeholfen haben! 15 Helfer waren schon um 9:30 Uhr morgens startklar und haben Besen, Gartenscheren, Schaufeln und auch einiges an schwereren Gef\u00e4hrt geschwungen.\u00a0Die hartn\u00e4ckigen Brombeeren hatten sich in der Sportpause ihren Weg gesucht, und so musste mal wieder ein Radikalschnitt vorgenommen werden.","jetpack_publicize_feature_enabled":true,"jetpack_social_post_already_shared":true,"jetpack_social_options":{"image_generator_settings":{"template":"highway","default_image_id":0,"font":"","enabled":false},"version":2}},"categories":[157,165,162],"tags":[],"class_list":["post-14621","post","type-post","status-publish","format-standard","has-post-thumbnail","hentry","category-archiv","category-startseite-ohne-fb","category-tus-aktuell"],"jetpack_publicize_connections":[],"jetpack_featured_media_url":"https:\/\/i0.wp.com\/www.tuseichholzremmighausen.de\/wordpress\/wp-content\/uploads\/2021\/06\/tus-gartenaktion-eichholzhalle-02.jpg?fit=1800%2C1013&ssl=1","jetpack_sharing_enabled":true,"_links":{"self":[{"href":"https:\/\/www.tuseichholzremmighausen.de\/wordpress\/wp-json\/wp\/v2\/posts\/14621","targetHints":{"allow":["GET"]}}],"collection":[{"href":"https:\/\/www.tuseichholzremmighausen.de\/wordpress\/wp-json\/wp\/v2\/posts"}],"about":[{"href":"https:\/\/www.tuseichholzremmighausen.de\/wordpress\/wp-json\/wp\/v2\/types\/post"}],"author":[{"embeddable":true,"href":"https:\/\/www.tuseichholzremmighausen.de\/wordpress\/wp-json\/wp\/v2\/users\/52"}],"replies":[{"embeddable":true,"href":"https:\/\/www.tuseichholzremmighausen.de\/wordpress\/wp-json\/wp\/v2\/comments?post=14621"}],"version-history":[{"count":0,"href":"https:\/\/www.tuseichholzremmighausen.de\/wordpress\/wp-json\/wp\/v2\/posts\/14621\/revisions"}],"wp:featuredmedia":[{"embeddable":true,"href":"https:\/\/www.tuseichholzremmighausen.de\/wordpress\/wp-json\/wp\/v2\/media\/14623"}],"wp:attachment":[{"href":"https:\/\/www.tuseichholzremmighausen.de\/wordpress\/wp-json\/wp\/v2\/media?parent=14621"}],"wp:term":[{"taxonomy":"category","embeddable":true,"href":"https:\/\/www.tuseichholzremmighausen.de\/wordpress\/wp-json\/wp\/v2\/categories?post=14621"},{"taxonomy":"post_tag","embeddable":true,"href":"https:\/\/www.tuseichholzremmighausen.de\/wordpress\/wp-json\/wp\/v2\/tags?post=14621"}],"curies":[{"name":"wp","href":"https:\/\/api.w.org\/{rel}","templated":true}]}}