{"id":14705,"date":"2021-08-23T08:30:06","date_gmt":"2021-08-23T06:30:06","guid":{"rendered":"https:\/\/www.tuseichholzremmighausen.de\/wordpress\/?p=14705"},"modified":"2021-08-23T08:37:09","modified_gmt":"2021-08-23T06:37:09","slug":"wir-suchen-mitgestalterinnen-das-tus-festkomitee","status":"publish","type":"post","link":"https:\/\/www.tuseichholzremmighausen.de\/wordpress\/archives\/14705","title":{"rendered":"Wir suchen MitgestalterInnen \u2013 das TuS-Festkomitee"},"content":{"rendered":"<p>Gemeinsam Feste feiern \u2013 da tut jeder Sportverein gerne. Sei es Familientag, Sportfeste, Jubil\u00e4en&#8230; Auch der TuS kann schon auf eine kleine Festhistorie zur\u00fcckblicken. Aber all solche sch\u00f6nen Feste und Aktionen steht und f\u00e4llt mit der Organisation, und da kommst du ins Spiel! Wir brauchen tatkr\u00e4ftige Leute und Vereinsmitglieder die solche Planungen mit anpacken und auch kreative Ideen und Konzepte beisteuern wollen.<\/p>\n<h2><span style=\"color: #008000; font-size: 18pt;\">Man muss die Feste feiern wie sie fallen \u2013 oder auch eben nicht!<\/span><\/h2>\n<p>Du hattest vielleicht immer schon eine Idee die nie umgesetzt wurde? Dann ist jetzt der richtige Zeitpunkt sich mit einzubringen und tolle Aktionen f\u00fcr unsere Vereinsmitglieder voranzutreiben. Dabei ist ganz egal aus welcher Abteilung du kommst oder ob du dich ganz unabh\u00e4ngig bei unserem Festkomitee einbringen m\u00f6chtest. Mit unserem Team wollen wir uns regelm\u00e4\u00dfig zusammenfinden und bald schon das ein oder andere Fest auf die Beine stellen.<\/p>\n<p>Bei Interesse melde dich gerne bei:<br \/>\nPatrick Werner<br \/>\n<i class=\"easypromoweb-icon-mobile-3\">01511 8311670<br \/>\n<i class=\"easypromoweb-icon-mail-5\">\u00a0 <a href=\"mailto:pw@tus-er.de\">pw@tus-er.de<\/a><\/i><br \/>\n<\/i><\/p>\n","protected":false},"excerpt":{"rendered":"<p>Gemeinsam Feste feiern \u2013 da tut jeder Sportverein gerne. Sei es Familientag, Sportfeste, Jubil\u00e4en&#8230; Auch der TuS kann schon auf<\/p>\n","protected":false},"author":52,"featured_media":14706,"comment_status":"closed","ping_status":"open","sticky":false,"template":"","format":"standard","meta":{"colormag_page_container_layout":"default_layout","colormag_page_sidebar_layout":"default_layout","_jetpack_memberships_contains_paid_content":false,"footnotes":"","jetpack_publicize_message":"Wir suchen MitgestalterInnen \u2013 das TuS-Festkomitee\r\n\r\nGemeinsam Feste feiern \u2013 da tut jeder Sportverein gerne. Sei es Familientag, Sportfeste, Jubil\u00e4en... Auch der TuS kann schon auf eine kleine Festhistorie zur\u00fcckblicken. Aber all solche sch\u00f6nen Feste und Aktionen steht und f\u00e4llt mit der Organisation, und da kommst du ins Spiel! Wir brauchen tatkr\u00e4ftige Leute und Vereinsmitglieder die solche Planungen mit anpacken und auch kreative Ideen und Konzepte beisteuern wollen.","jetpack_publicize_feature_enabled":true,"jetpack_social_post_already_shared":true,"jetpack_social_options":{"image_generator_settings":{"template":"highway","default_image_id":0,"font":"","enabled":false},"version":2}},"categories":[157,165,162],"tags":[],"class_list":["post-14705","post","type-post","status-publish","format-standard","has-post-thumbnail","hentry","category-archiv","category-startseite-ohne-fb","category-tus-aktuell"],"jetpack_publicize_connections":[],"jetpack_featured_media_url":"https:\/\/i0.wp.com\/www.tuseichholzremmighausen.de\/wordpress\/wp-content\/uploads\/2021\/08\/tus-festkomitee-2021.jpg?fit=2000%2C1335&ssl=1","jetpack_sharing_enabled":true,"_links":{"self":[{"href":"https:\/\/www.tuseichholzremmighausen.de\/wordpress\/wp-json\/wp\/v2\/posts\/14705","targetHints":{"allow":["GET"]}}],"collection":[{"href":"https:\/\/www.tuseichholzremmighausen.de\/wordpress\/wp-json\/wp\/v2\/posts"}],"about":[{"href":"https:\/\/www.tuseichholzremmighausen.de\/wordpress\/wp-json\/wp\/v2\/types\/post"}],"author":[{"embeddable":true,"href":"https:\/\/www.tuseichholzremmighausen.de\/wordpress\/wp-json\/wp\/v2\/users\/52"}],"replies":[{"embeddable":true,"href":"https:\/\/www.tuseichholzremmighausen.de\/wordpress\/wp-json\/wp\/v2\/comments?post=14705"}],"version-history":[{"count":0,"href":"https:\/\/www.tuseichholzremmighausen.de\/wordpress\/wp-json\/wp\/v2\/posts\/14705\/revisions"}],"wp:featuredmedia":[{"embeddable":true,"href":"https:\/\/www.tuseichholzremmighausen.de\/wordpress\/wp-json\/wp\/v2\/media\/14706"}],"wp:attachment":[{"href":"https:\/\/www.tuseichholzremmighausen.de\/wordpress\/wp-json\/wp\/v2\/media?parent=14705"}],"wp:term":[{"taxonomy":"category","embeddable":true,"href":"https:\/\/www.tuseichholzremmighausen.de\/wordpress\/wp-json\/wp\/v2\/categories?post=14705"},{"taxonomy":"post_tag","embeddable":true,"href":"https:\/\/www.tuseichholzremmighausen.de\/wordpress\/wp-json\/wp\/v2\/tags?post=14705"}],"curies":[{"name":"wp","href":"https:\/\/api.w.org\/{rel}","templated":true}]}}