{"id":14707,"date":"2021-08-12T16:19:39","date_gmt":"2021-08-12T14:19:39","guid":{"rendered":"https:\/\/www.tuseichholzremmighausen.de\/wordpress\/?p=14707"},"modified":"2021-08-12T16:19:39","modified_gmt":"2021-08-12T14:19:39","slug":"die-fc-st-pauli-rabauken-zu-gast-beim-tus","status":"publish","type":"post","link":"https:\/\/www.tuseichholzremmighausen.de\/wordpress\/archives\/14707","title":{"rendered":"Die FC St. Pauli-Rabauken zu Gast beim TuS"},"content":{"rendered":"<p>Die Fu\u00dfballschule des FC St. Pauli<\/p>\n<p>W\u00e4hrend der Schulferien haben alle M\u00e4dchen und Jungen zwischen 6 und 13<br \/>\nJahren vom 18.10.2021 bis 20.10.2021 die M\u00f6glichkeit, sich wie ein<br \/>\nrichtiger Fu\u00dfballprofi zu f\u00fchlen. F\u00fcr 129\u20ac erh\u00e4lt jeder Teilnehmer eine<br \/>\nFC St. Pauli Rabauken-Ausr\u00fcstung (diese besteht aus einem tollen<br \/>\nTrikotsatz der Fu\u00dfballschule mit eigenem Wunschnamen und \u2013nummer, einem<br \/>\nSportbeutel, einer Trinkflasche und einigen Kleinigkeiten). Dar\u00fcber<br \/>\nhinaus k\u00f6nnen sich die Teilnehmer in der Zeit von 9.30 Uhr bis 16.00 Uhr<br \/>\nauf ein spannendes Fu\u00dfballtraining von qualifizierten Jugendtrainern<br \/>\nsowie die ein oder andere tolle \u00dcberraschung und jeden Tag ausreichend<br \/>\nGetr\u00e4nke und ein warmes Mittagessen freuen.<\/p>\n<p>Die Fu\u00dfballschule ist f\u00fcr die Teilnehmer die M\u00f6glichkeit, die Welt eines<br \/>\nFu\u00dfballprofis kennen zu lernen. Teamgeist, soziale Kompetenzen,<br \/>\nFairness, Respekt und Toleranz sind hierbei wichtige Werte und deren<br \/>\nVermittlung Ziele der Fu\u00dfballschule. Alle Kinder erwartet jede Menge<br \/>\nSpa\u00df, Fu\u00dfball und nat\u00fcrlich der FC St. Pauli, d.h. neben dem Training<br \/>\nmit dem runden Leder haben wir uns eine Menge Aktivit\u00e4ten rund um den<br \/>\nFu\u00dfball und den FC St. Pauli ausgedacht. Die Anmeldung ist \u00fcber das<br \/>\nInternet m\u00f6glich, unter der Adresse <a href=\"http:\/\/www.rabauken.fcstpauli.com\/\">www.rabauken.fcstpauli.com<\/a> finden<br \/>\nSie alle relevanten Informationen.<\/p>\n<p>Bei R\u00fcckfragen:<br \/>\nJan-Oliver Hetze<br \/>\n-Leiter KInder- und Jugendmarketing-<br \/>\nFC St. Pauli von 1910 e. V.<br \/>\nGesch\u00e4ftsstelle<br \/>\nHarald-Stender-Platz 1<br \/>\n20359 Hamburg<br \/>\nFON: 040 \/ 31 78 74 &#8211; 440<br \/>\nE-Mail: <a href=\"mailto:oliver.hetze@fcstpauli.com\">oliver.hetze@fcstpauli.com<\/a><br \/>\nWEB: <a href=\"http:\/\/www.rabauken.fcstpauli.com\/\">www.rabauken.fcstpauli.com<\/a><br \/>\nFacebook: <a href=\"http:\/\/www.facebook.com\/stpaulirabauken\">www.facebook.com\/stpaulirabauken<\/a><\/p>\n","protected":false},"excerpt":{"rendered":"<p>Die Fu\u00dfballschule des FC St. Pauli W\u00e4hrend der Schulferien haben alle M\u00e4dchen und Jungen zwischen 6 und 13 Jahren vom<\/p>\n","protected":false},"author":54,"featured_media":14708,"comment_status":"closed","ping_status":"open","sticky":false,"template":"","format":"standard","meta":{"colormag_page_container_layout":"default_layout","colormag_page_sidebar_layout":"default_layout","_jetpack_memberships_contains_paid_content":false,"footnotes":"","jetpack_publicize_message":"","jetpack_publicize_feature_enabled":true,"jetpack_social_post_already_shared":true,"jetpack_social_options":{"image_generator_settings":{"template":"highway","default_image_id":0,"font":"","enabled":false},"version":2}},"categories":[157,158,162],"tags":[],"class_list":["post-14707","post","type-post","status-publish","format-standard","has-post-thumbnail","hentry","category-archiv","category-fb-jugend-aktuell","category-tus-aktuell"],"jetpack_publicize_connections":[],"jetpack_featured_media_url":"https:\/\/i0.wp.com\/www.tuseichholzremmighausen.de\/wordpress\/wp-content\/uploads\/2021\/08\/IMG_1665-scaled-e1603220666616-1024x577-1.jpg?fit=1024%2C577&ssl=1","jetpack_sharing_enabled":true,"_links":{"self":[{"href":"https:\/\/www.tuseichholzremmighausen.de\/wordpress\/wp-json\/wp\/v2\/posts\/14707","targetHints":{"allow":["GET"]}}],"collection":[{"href":"https:\/\/www.tuseichholzremmighausen.de\/wordpress\/wp-json\/wp\/v2\/posts"}],"about":[{"href":"https:\/\/www.tuseichholzremmighausen.de\/wordpress\/wp-json\/wp\/v2\/types\/post"}],"author":[{"embeddable":true,"href":"https:\/\/www.tuseichholzremmighausen.de\/wordpress\/wp-json\/wp\/v2\/users\/54"}],"replies":[{"embeddable":true,"href":"https:\/\/www.tuseichholzremmighausen.de\/wordpress\/wp-json\/wp\/v2\/comments?post=14707"}],"version-history":[{"count":0,"href":"https:\/\/www.tuseichholzremmighausen.de\/wordpress\/wp-json\/wp\/v2\/posts\/14707\/revisions"}],"wp:featuredmedia":[{"embeddable":true,"href":"https:\/\/www.tuseichholzremmighausen.de\/wordpress\/wp-json\/wp\/v2\/media\/14708"}],"wp:attachment":[{"href":"https:\/\/www.tuseichholzremmighausen.de\/wordpress\/wp-json\/wp\/v2\/media?parent=14707"}],"wp:term":[{"taxonomy":"category","embeddable":true,"href":"https:\/\/www.tuseichholzremmighausen.de\/wordpress\/wp-json\/wp\/v2\/categories?post=14707"},{"taxonomy":"post_tag","embeddable":true,"href":"https:\/\/www.tuseichholzremmighausen.de\/wordpress\/wp-json\/wp\/v2\/tags?post=14707"}],"curies":[{"name":"wp","href":"https:\/\/api.w.org\/{rel}","templated":true}]}}