{"id":14719,"date":"2021-08-20T14:15:19","date_gmt":"2021-08-20T12:15:19","guid":{"rendered":"https:\/\/www.tuseichholzremmighausen.de\/wordpress\/?p=14719"},"modified":"2022-02-27T12:47:30","modified_gmt":"2022-02-27T11:47:30","slug":"fussballabteilungsversammlung-durchgefuehrt","status":"publish","type":"post","link":"https:\/\/www.tuseichholzremmighausen.de\/wordpress\/archives\/14719","title":{"rendered":"Fussballabteilungsversammlung durchgef\u00fchrt"},"content":{"rendered":"<p>Am vergangenen Dienstag den 17.08.2021 fand nach einiger Zeit wieder mal eine Abteilungsversammlung des Bereichs Fussball statt.<\/p>\n<p>Fussballabteilungsleiter Patrick Werner begr\u00fc\u00dfte die 50 anwesenden Fussballer*innen etwas versp\u00e4tet um 19:20 und er\u00f6ffnete so gleich mit dem ersten Tagesordnungspunkt, der Begr\u00fc\u00dfung. Vorneweg ging gleich ein besonderer Dank an den anwesenden Gesch\u00e4ftsf\u00fchrenden Vorstand in Person des 1.Vorsitzenden Thorsten Bewersdorff und der 1.Kassenwartin Annett Schmid f\u00fcr die gute Zusammenarbeit in den vergangenen 1 1\/2 Jahren.&nbsp;<\/p>\n<p>Unter TOP 2, den Berichten berichtete Patrick \u00fcber die au\u00dfergew\u00f6hnliche Zeit seit dem Amtsantritt. Neben diversen strukturellen \u00c4nderungen in der Abteilung und geplanten Aktivit\u00e4ten (die leider nicht stattfinden konnten) fanden hier auch der renovierte Kabinentrakt und der vor kurzem fertiggestellte Kunstrasenplatz Erw\u00e4hnung. Ebenso konnte verk\u00fcndet werden das am ersten Septemberwochenende zur Sportplatzer\u00f6ffnung ein Sportfest stattfinden wird. Im Anschluss berichtete der stellv. Abteilungsleiter Tom-Silas M\u00f6ller \u00fcber die Pl\u00e4ne f\u00fcr die neue Zukunft. Zur neuen Saison wird eine Dauerkarte f\u00fcr die Spiele der 1.Mannschaft zu erwerben sein. Diese inkludiert Eintritt, ein Getr\u00e4nk, eine Bratwurst o. Pommes zu jedem Heimspiel. Dar\u00fcber hinaus wird er f\u00fcr die Inhaber einer Dauerkarte ein besonderen Fanschal geben, der nur \u00fcber diesen Weg zu bekommen sein wird. Dazu wird die Bestellung von Sportkleidung (wie Trainingsanz\u00fcgen) neu strukturiert. Hierf\u00fcr wird es einen Online-Shop auf der Website geben \u00fcber den Bestellungen platziert und bezahlt werden k\u00f6nnen.&nbsp;<\/p>\n<p>Als n\u00e4chstes waren die Fussball-Obm\u00e4nner Mohamed Ben Ayed und Kevin Helms an der Reihe zu berichten. Kevin berichtete dabei von der erfolgreichen Arbeit in der 2. Mannschaft, der 3.Mannschaft und der Damen-Mannschaft. Mohamed komplettierte den Bericht dann mit den Erfolgen der 1.Mannschaft und der Gr\u00fcndung unser Inklusions-Mannschaft. Die Jugendobm\u00e4nner Jan Runte und Andreas Winkelgrund trugen Ihren Bericht zur Jugendarbeit vor und Alt-Herren-Obmann Olaf Kligge vollendete mit den Aktivit\u00e4ten der Alt-Herren des TuS.<\/p>\n<p>Der normalerweise spannendste Tagesordnungspunkt sind die Wahlen. Zur Wahl standen auf der Versammlung die Posten des Abteilungsleiters &amp; Stellvertreters, dazu des Fu\u00dfballobmann und dessen Stellvertreter. Der kurzerhand bestimmte Wahlleiter Olaf Kligge f\u00fchrte die Wahl des Abteilungsleiters durch. Die vorgeschlagene Wiederwahl von Patrick Werner wurde schnell ohne Gegenkandidat, Gegenstimme oder Enthaltung, einstimmig best\u00e4tigt. Das gleiche Ergebnis ergaben auch die folgenden Wahlen. Sowohl stellv. Abteilungsleiter Tom-Silas M\u00f6ller, Fu\u00dfballobmann Mohamed Ben Ayed als auch stellv. Fussballobmann Kevin Helms wurden einstimmig wiedergew\u00e4hlt und nahmen die Wahl entsprechend an. An dieser Stelle einen gro\u00dfen Dank an das Vertrauen in unsere Arbeit.<\/p>\n<p>Unter Top 4 Verschiedenes wurde kurz \u00fcber die aktuelle Corona-Schutzverordnung und deren Auswirkungen auf den Sportbetrieb gesprochen. Ebenso wurde der Aufruf get\u00e4tigt das jede(r) der\/die sich vorstellen k\u00f6nnen in der Abteilung zu helfen und eine Aufgabe zu \u00fcbernehmen mit Kusshand begr\u00fc\u00dft wird, jede noch so kleine Hilfe entlastet die sportliche F\u00fchrung merklich.<\/p>\n<p>Im Anschluss bedankte sich Abteilungsleiter Patrick Werner nochmals f\u00fcr das zahlreiche Erscheinen und beendete die Versammlung um 20:17.<\/p>\n","protected":false},"excerpt":{"rendered":"<p>Am vergangenen Dienstag den 17.08.2021 fand nach einiger Zeit wieder mal eine Abteilungsversammlung des Bereichs Fussball statt. Fussballabteilungsleiter Patrick Werner<\/p>\n","protected":false},"author":54,"featured_media":14726,"comment_status":"closed","ping_status":"open","sticky":false,"template":"","format":"standard","meta":{"colormag_page_container_layout":"default_layout","colormag_page_sidebar_layout":"default_layout","_jetpack_memberships_contains_paid_content":false,"footnotes":"","jetpack_publicize_message":"","jetpack_publicize_feature_enabled":true,"jetpack_social_post_already_shared":true,"jetpack_social_options":{"image_generator_settings":{"template":"highway","default_image_id":0,"font":"","enabled":false},"version":2}},"categories":[157,250,162],"tags":[],"class_list":["post-14719","post","type-post","status-publish","format-standard","has-post-thumbnail","hentry","category-archiv","category-inklusion","category-tus-aktuell"],"jetpack_publicize_connections":[],"jetpack_featured_media_url":"https:\/\/i0.wp.com\/www.tuseichholzremmighausen.de\/wordpress\/wp-content\/uploads\/2021\/08\/afs.jpg?fit=1600%2C1067&ssl=1","jetpack_sharing_enabled":true,"_links":{"self":[{"href":"https:\/\/www.tuseichholzremmighausen.de\/wordpress\/wp-json\/wp\/v2\/posts\/14719","targetHints":{"allow":["GET"]}}],"collection":[{"href":"https:\/\/www.tuseichholzremmighausen.de\/wordpress\/wp-json\/wp\/v2\/posts"}],"about":[{"href":"https:\/\/www.tuseichholzremmighausen.de\/wordpress\/wp-json\/wp\/v2\/types\/post"}],"author":[{"embeddable":true,"href":"https:\/\/www.tuseichholzremmighausen.de\/wordpress\/wp-json\/wp\/v2\/users\/54"}],"replies":[{"embeddable":true,"href":"https:\/\/www.tuseichholzremmighausen.de\/wordpress\/wp-json\/wp\/v2\/comments?post=14719"}],"version-history":[{"count":0,"href":"https:\/\/www.tuseichholzremmighausen.de\/wordpress\/wp-json\/wp\/v2\/posts\/14719\/revisions"}],"wp:featuredmedia":[{"embeddable":true,"href":"https:\/\/www.tuseichholzremmighausen.de\/wordpress\/wp-json\/wp\/v2\/media\/14726"}],"wp:attachment":[{"href":"https:\/\/www.tuseichholzremmighausen.de\/wordpress\/wp-json\/wp\/v2\/media?parent=14719"}],"wp:term":[{"taxonomy":"category","embeddable":true,"href":"https:\/\/www.tuseichholzremmighausen.de\/wordpress\/wp-json\/wp\/v2\/categories?post=14719"},{"taxonomy":"post_tag","embeddable":true,"href":"https:\/\/www.tuseichholzremmighausen.de\/wordpress\/wp-json\/wp\/v2\/tags?post=14719"}],"curies":[{"name":"wp","href":"https:\/\/api.w.org\/{rel}","templated":true}]}}