{"id":14727,"date":"2021-08-20T17:33:04","date_gmt":"2021-08-20T15:33:04","guid":{"rendered":"https:\/\/www.tuseichholzremmighausen.de\/wordpress\/?p=14727"},"modified":"2021-08-20T17:33:04","modified_gmt":"2021-08-20T15:33:04","slug":"der-ball-rollt-auftakt-im-kreispokal","status":"publish","type":"post","link":"https:\/\/www.tuseichholzremmighausen.de\/wordpress\/archives\/14727","title":{"rendered":"Der Ball rollt! Auftakt im Kreispokal."},"content":{"rendered":"<p>301 Tage. In Worten DREIHUNDERT UND EIN TAG! Solange mussten wir warten zwischen dem letzten Pflichtspiel unserer Fu\u00dfballer*innen und diesem Wochenende. Ein wahnsinnig langer Zeitraum aber nun ist es wieder so weit! Die erste Runde des Kreispokal steht an und damit das erste Spiel auf dem k\u00fcrzesten Weg in die Europa League! Also auf gehts.<\/p>\n<p><strong>SG Tudorf\/Alfen vs. TuS Damen (22.08.21 &#8211; 13:00)<\/strong><\/p>\n<p>Das erste Pflichtspiel des Jahres bestreiten unsere Damen. Diese m\u00fcssen zum Ligakonkurrenten Tudorf\/Alfen auf die Eschenkampfbahn (Salzkottener Str.33, 33178 Borchen)! Unsere Damen entwickelten sich in den vergangenen Jahren stetig. Im Sommer nun fand ein Wechsel auf der Kommandobr\u00fccke statt. Naroz \u00d6zmen \u00fcbernahm mit seinem Trainerteam die Damen zur neuen Saison und die spielerische Entwicklung nahm fahrt auf. Die Ergebnisse in der Vorbereitung sind grunds\u00e4tzlich egal denn es kommt auf die Fu\u00dfballerische Leistung an und die war klasse. Eine gesunde Mischung aus jungen Damen aus der Jugend und erfahrenen Spielerinnen harmoniert bereits pr\u00e4chtig auf dem Feld und spielt gut anzusehenden Fu\u00dfball. Dies gilt es nun auch in Pflichtspielen abzurufen und Siege einzufahren.<\/p>\n<p>Chefcoach Naroz freut sich offensichtlich das es endlich los geht und meint: &#8222;Am kommenden Sonntag steht endlich unser erstes Pflichtspiel gegen SG Tudorf\/Alfen vor der T\u00fcr. Ich denke, dass unsere Damenmannschaft in den letzten Wochen gezeigt hat, dass wir den Ball ordentlich laufen lassen k\u00f6nnen und uns von Spiel zu Spiel gesteigert haben. Zudem ist jede Spielerin nach der intensiven Vorbereitung fit, sodass wir uns am Sonntag auf ein spannendes Spiel freuen d\u00fcrfen. Sowohl f\u00fcr das neue Trainerteam als auch f\u00fcr die Mannschaft ist es wichtig, im ersten Pflichtspiel, einen Erfolg zu erzielen und uns f\u00fcr die harten Trainingseinheiten der letzten Wochen selbst zu belohnen.&#8220;<\/p>\n<p><strong>TSV Horn vs. TuS 1 (22.08.21 &#8211; 15:00)<\/strong><\/p>\n<p>Das zweite Spiel bestreitet unser Aush\u00e4ngeschild. Erneut geht es gegen den TSV Horn. Langsam fragen wir uns ob die Auslosungen gezinkt sind&#8230; gef\u00fchlt jedes Jahr geht es im Pokal fr\u00fcher oder sp\u00e4ter gegen den TSV Horn. Das Ambiente in Runde 1 ist doch irgendwie ungewohnt f\u00fcr den Pokalfight, kein Flutlicht, kein Wochenspiel sondern Sonnenschein am Sonntag. So kann man aber wohl davon ausgehen das beide Teams mit dem st\u00e4rksten Aufgebot antreten werden, was ein tolles Spiel verspricht. Der Kader der 1.Mannschaft hat einen Umbruch hinter sich und wurde an Stellen qualitativ massig verst\u00e4rkt sodass die Vorbereitungsspiele sehr erfolgreich und ansprechend gestaltet wurden k\u00f6nnen.<\/p>\n<p>Erfolgstrainer Tim Hosch platzt bereits fast vor Vorfreude: &#8220;<\/p>\n<p>Wir freuen uns nach dem letzen Pflichtspiel im Oktober 2020 erstmal wahnsinnig \u00fcber die R\u00fcckkehr zur alten Gewohnheit\u201c. Dass wir dann mit einem Pokalspiel starten, ist eigentlich umso reizvoller. Sonntag geht es direkt um Sieg oder Niederlage und das es gegen einen Liga-Kontrahenten geht, macht sie Sache mit Hinblick auf den Liga-Start umso interessanter.<\/p>\n<p>Wir hatten jetzt eine lange und gute Vorbereitung, wo aber auch immer mal Spieler wegen Urlauben und co raus waren. Mir waren zwei Dinge wichtig: Die Integration der neuen Spieler und der Hierarchie sowie nat\u00fcrlich der Aufbau von Automatismen. Letztes muss sich sicherlich auch noch in der Saison entwickelten. Ich habe von der Mannschaft einen sehr guten Eindruck. Wir sind eine echte Einheit und das erste Mal arbeiten wir auch alle gemeinsam auf gleichem Level an unseren Zielen. Mich beeindruckt der Lernwille und die Umsetzung. Haben die Jungs taktisch Fehler gemacht, haben wir das angesprochen, trainiert und im n\u00e4chsten Spiel besser gemacht. Die Generalprobe gegen Barntrup ist voll aufgegangen &#8211; und das obwohl wir nicht in Bestbesetzung da waren. Wir haben uns in der Breite aber auch in der Tiefe verst\u00e4rkt. Die A-Jugendlichen Gerrit und Florian haben sich schon nach wenigen Einheiten eingef\u00fcgt. Unser neuer Kapit\u00e4n Patrick und sein Stellvertreter Tarek gehen im DM brutal voran. Man merkt, wie die Jungs echte Vorbilder sind. Sonntag wird es schwer und von der Entwicklung der letztes Jahre abgeleitet, sind wir bestimmt nicht der Favorit. Dennoch wollen wir in die 2. Runde und uns Selbstvertauen f\u00fcr die Liga holen. Auch eine Niederlage ist ok, wenn wir unser Spiel gespielt haben. Man wird Sonntag eine Eichholzer Mannschaft sehen, auf die man stolz sein kann. Wir im Trainer-Team sind es derzeit jedenfalls&#8220;<\/p>\n","protected":false},"excerpt":{"rendered":"<p>301 Tage. In Worten DREIHUNDERT UND EIN TAG! Solange mussten wir warten zwischen dem letzten Pflichtspiel unserer Fu\u00dfballer*innen und diesem<\/p>\n","protected":false},"author":54,"featured_media":14728,"comment_status":"closed","ping_status":"open","sticky":false,"template":"","format":"standard","meta":{"colormag_page_container_layout":"default_layout","colormag_page_sidebar_layout":"default_layout","_jetpack_memberships_contains_paid_content":false,"footnotes":"","jetpack_publicize_message":"","jetpack_publicize_feature_enabled":true,"jetpack_social_post_already_shared":true,"jetpack_social_options":{"image_generator_settings":{"template":"highway","default_image_id":0,"font":"","enabled":false},"version":2}},"categories":[157,159],"tags":[],"class_list":["post-14727","post","type-post","status-publish","format-standard","has-post-thumbnail","hentry","category-archiv","category-fb-senioren-aktuell"],"jetpack_publicize_connections":[],"jetpack_featured_media_url":"https:\/\/i0.wp.com\/www.tuseichholzremmighausen.de\/wordpress\/wp-content\/uploads\/2021\/08\/ankuendigung.jpg?fit=1920%2C1080&ssl=1","jetpack_sharing_enabled":true,"_links":{"self":[{"href":"https:\/\/www.tuseichholzremmighausen.de\/wordpress\/wp-json\/wp\/v2\/posts\/14727","targetHints":{"allow":["GET"]}}],"collection":[{"href":"https:\/\/www.tuseichholzremmighausen.de\/wordpress\/wp-json\/wp\/v2\/posts"}],"about":[{"href":"https:\/\/www.tuseichholzremmighausen.de\/wordpress\/wp-json\/wp\/v2\/types\/post"}],"author":[{"embeddable":true,"href":"https:\/\/www.tuseichholzremmighausen.de\/wordpress\/wp-json\/wp\/v2\/users\/54"}],"replies":[{"embeddable":true,"href":"https:\/\/www.tuseichholzremmighausen.de\/wordpress\/wp-json\/wp\/v2\/comments?post=14727"}],"version-history":[{"count":0,"href":"https:\/\/www.tuseichholzremmighausen.de\/wordpress\/wp-json\/wp\/v2\/posts\/14727\/revisions"}],"wp:featuredmedia":[{"embeddable":true,"href":"https:\/\/www.tuseichholzremmighausen.de\/wordpress\/wp-json\/wp\/v2\/media\/14728"}],"wp:attachment":[{"href":"https:\/\/www.tuseichholzremmighausen.de\/wordpress\/wp-json\/wp\/v2\/media?parent=14727"}],"wp:term":[{"taxonomy":"category","embeddable":true,"href":"https:\/\/www.tuseichholzremmighausen.de\/wordpress\/wp-json\/wp\/v2\/categories?post=14727"},{"taxonomy":"post_tag","embeddable":true,"href":"https:\/\/www.tuseichholzremmighausen.de\/wordpress\/wp-json\/wp\/v2\/tags?post=14727"}],"curies":[{"name":"wp","href":"https:\/\/api.w.org\/{rel}","templated":true}]}}