{"id":14883,"date":"2021-09-06T10:11:14","date_gmt":"2021-09-06T08:11:14","guid":{"rendered":"https:\/\/www.tuseichholzremmighausen.de\/wordpress\/?p=14883"},"modified":"2021-09-06T10:11:14","modified_gmt":"2021-09-06T08:11:14","slug":"abschiedsspiel-mario-berti-bertmann","status":"publish","type":"post","link":"https:\/\/www.tuseichholzremmighausen.de\/wordpress\/archives\/14883","title":{"rendered":"Abschiedsspiel Mario \u201eBerti\u201c Bertmann"},"content":{"rendered":"<p>Mit einem emotionalen H\u00f6hepunkt er\u00f6ffnete der TuS Eichholz Remmighausen sein diesj\u00e4hriges Sportfest am Freitag um 18 Uhr. Bei bestem Wetter und toller Stimmung folgten zahlreiche Zuschauer, Freunde und Wegbegleiter von Mario Bertmann der Einladung, Mario zu Ehren, ein Abschiedsspiel zu bestreiten. <img data-recalc-dims=\"1\" loading=\"lazy\" decoding=\"async\" data-attachment-id=\"14877\" data-permalink=\"https:\/\/www.tuseichholzremmighausen.de\/wordpress\/img_20210903_193706\" data-orig-file=\"https:\/\/i0.wp.com\/www.tuseichholzremmighausen.de\/wordpress\/wp-content\/uploads\/2021\/09\/IMG_20210903_193706-scaled.jpg?fit=1920%2C2560&amp;ssl=1\" data-orig-size=\"1920,2560\" data-comments-opened=\"0\" data-image-meta=\"{&quot;aperture&quot;:&quot;0&quot;,&quot;credit&quot;:&quot;&quot;,&quot;camera&quot;:&quot;&quot;,&quot;caption&quot;:&quot;&quot;,&quot;created_timestamp&quot;:&quot;0&quot;,&quot;copyright&quot;:&quot;&quot;,&quot;focal_length&quot;:&quot;0&quot;,&quot;iso&quot;:&quot;0&quot;,&quot;shutter_speed&quot;:&quot;0&quot;,&quot;title&quot;:&quot;&quot;,&quot;orientation&quot;:&quot;0&quot;}\" data-image-title=\"IMG_20210903_193706\" data-image-description=\"\" data-image-caption=\"\" data-large-file=\"https:\/\/i0.wp.com\/www.tuseichholzremmighausen.de\/wordpress\/wp-content\/uploads\/2021\/09\/IMG_20210903_193706-scaled.jpg?fit=768%2C1024&amp;ssl=1\" class=\"alignnone size-full wp-image-14877\" src=\"https:\/\/i0.wp.com\/www.tuseichholzremmighausen.de\/wordpress\/wp-content\/uploads\/2021\/09\/IMG_20210903_193706-scaled.jpg?resize=800%2C1067&#038;ssl=1\" alt=\"\" width=\"800\" height=\"1067\" srcset=\"https:\/\/i0.wp.com\/www.tuseichholzremmighausen.de\/wordpress\/wp-content\/uploads\/2021\/09\/IMG_20210903_193706-scaled.jpg?w=1920&amp;ssl=1 1920w, https:\/\/i0.wp.com\/www.tuseichholzremmighausen.de\/wordpress\/wp-content\/uploads\/2021\/09\/IMG_20210903_193706-scaled.jpg?resize=600%2C800&amp;ssl=1 600w, https:\/\/i0.wp.com\/www.tuseichholzremmighausen.de\/wordpress\/wp-content\/uploads\/2021\/09\/IMG_20210903_193706-scaled.jpg?resize=225%2C300&amp;ssl=1 225w, https:\/\/i0.wp.com\/www.tuseichholzremmighausen.de\/wordpress\/wp-content\/uploads\/2021\/09\/IMG_20210903_193706-scaled.jpg?resize=768%2C1024&amp;ssl=1 768w, https:\/\/i0.wp.com\/www.tuseichholzremmighausen.de\/wordpress\/wp-content\/uploads\/2021\/09\/IMG_20210903_193706-scaled.jpg?resize=1152%2C1536&amp;ssl=1 1152w, https:\/\/i0.wp.com\/www.tuseichholzremmighausen.de\/wordpress\/wp-content\/uploads\/2021\/09\/IMG_20210903_193706-scaled.jpg?resize=1536%2C2048&amp;ssl=1 1536w, https:\/\/i0.wp.com\/www.tuseichholzremmighausen.de\/wordpress\/wp-content\/uploads\/2021\/09\/IMG_20210903_193706-scaled.jpg?w=1600&amp;ssl=1 1600w\" sizes=\"auto, (max-width: 800px) 100vw, 800px\" \/>Mario, der \u00fcber Jahrzehnte f\u00fcr den Spielbetrieb zur Verf\u00fcgung stand und immer alles gegeben hat, stand noch in der vergangenen Woche f\u00fcr die erste Mannschaft des TuS auf dem Platz, m\u00f6chte sich aber aus den Pflichtspielen zur\u00fcckziehen. Heute hie\u00df es TuS-Allstars gegen die Reserve des TuS und es war eine packende Begegnung mit H\u00f6hepunkten auf beiden Seiten. Mario begann bei den Allstars und zeigte sich nat\u00fcrlich als Goalgetter, Ballverteiler und Zweik\u00e4mpfer. Im zweiten Durchgang wechselte Mario das Team und konnte auch dort \u00fcberzeugen. <img data-recalc-dims=\"1\" loading=\"lazy\" decoding=\"async\" data-attachment-id=\"14870\" data-permalink=\"https:\/\/www.tuseichholzremmighausen.de\/wordpress\/img_20210903_190757\" data-orig-file=\"https:\/\/i0.wp.com\/www.tuseichholzremmighausen.de\/wordpress\/wp-content\/uploads\/2021\/09\/IMG_20210903_190757-scaled.jpg?fit=1920%2C2560&amp;ssl=1\" data-orig-size=\"1920,2560\" data-comments-opened=\"0\" data-image-meta=\"{&quot;aperture&quot;:&quot;0&quot;,&quot;credit&quot;:&quot;&quot;,&quot;camera&quot;:&quot;&quot;,&quot;caption&quot;:&quot;&quot;,&quot;created_timestamp&quot;:&quot;0&quot;,&quot;copyright&quot;:&quot;&quot;,&quot;focal_length&quot;:&quot;0&quot;,&quot;iso&quot;:&quot;0&quot;,&quot;shutter_speed&quot;:&quot;0&quot;,&quot;title&quot;:&quot;&quot;,&quot;orientation&quot;:&quot;0&quot;}\" data-image-title=\"IMG_20210903_190757\" data-image-description=\"\" data-image-caption=\"\" data-large-file=\"https:\/\/i0.wp.com\/www.tuseichholzremmighausen.de\/wordpress\/wp-content\/uploads\/2021\/09\/IMG_20210903_190757-scaled.jpg?fit=768%2C1024&amp;ssl=1\" class=\"alignnone size-full wp-image-14870\" src=\"https:\/\/i0.wp.com\/www.tuseichholzremmighausen.de\/wordpress\/wp-content\/uploads\/2021\/09\/IMG_20210903_190757-scaled.jpg?resize=800%2C1067&#038;ssl=1\" alt=\"\" width=\"800\" height=\"1067\" srcset=\"https:\/\/i0.wp.com\/www.tuseichholzremmighausen.de\/wordpress\/wp-content\/uploads\/2021\/09\/IMG_20210903_190757-scaled.jpg?w=1920&amp;ssl=1 1920w, https:\/\/i0.wp.com\/www.tuseichholzremmighausen.de\/wordpress\/wp-content\/uploads\/2021\/09\/IMG_20210903_190757-scaled.jpg?resize=600%2C800&amp;ssl=1 600w, https:\/\/i0.wp.com\/www.tuseichholzremmighausen.de\/wordpress\/wp-content\/uploads\/2021\/09\/IMG_20210903_190757-scaled.jpg?resize=225%2C300&amp;ssl=1 225w, https:\/\/i0.wp.com\/www.tuseichholzremmighausen.de\/wordpress\/wp-content\/uploads\/2021\/09\/IMG_20210903_190757-scaled.jpg?resize=768%2C1024&amp;ssl=1 768w, https:\/\/i0.wp.com\/www.tuseichholzremmighausen.de\/wordpress\/wp-content\/uploads\/2021\/09\/IMG_20210903_190757-scaled.jpg?resize=1152%2C1536&amp;ssl=1 1152w, https:\/\/i0.wp.com\/www.tuseichholzremmighausen.de\/wordpress\/wp-content\/uploads\/2021\/09\/IMG_20210903_190757-scaled.jpg?resize=1536%2C2048&amp;ssl=1 1536w, https:\/\/i0.wp.com\/www.tuseichholzremmighausen.de\/wordpress\/wp-content\/uploads\/2021\/09\/IMG_20210903_190757-scaled.jpg?w=1600&amp;ssl=1 1600w\" sizes=\"auto, (max-width: 800px) 100vw, 800px\" \/>Emotionaler H\u00f6hepunkt war dann die Einwechslung der n\u00e4chsten Bertmann-Generation. Mico, der ebenfalls beim TuS in der E-Jugend kickt, konnte sich mit einem Treffer, nach Vorlage von seinem Papa in die Torsch\u00fctzenliste eintragen. Kurz vor Schluss gab es den verdienten Applaus f\u00fcr beide. Insgesamt war es ein toller Abend, der wundersch\u00f6n arrangiert war und viele Menschen zusammengebracht hat. <img data-recalc-dims=\"1\" loading=\"lazy\" decoding=\"async\" data-attachment-id=\"14858\" data-permalink=\"https:\/\/www.tuseichholzremmighausen.de\/wordpress\/img_20210903_181502\" data-orig-file=\"https:\/\/i0.wp.com\/www.tuseichholzremmighausen.de\/wordpress\/wp-content\/uploads\/2021\/09\/IMG_20210903_181502-scaled.jpg?fit=1920%2C2560&amp;ssl=1\" data-orig-size=\"1920,2560\" data-comments-opened=\"0\" data-image-meta=\"{&quot;aperture&quot;:&quot;0&quot;,&quot;credit&quot;:&quot;&quot;,&quot;camera&quot;:&quot;&quot;,&quot;caption&quot;:&quot;&quot;,&quot;created_timestamp&quot;:&quot;0&quot;,&quot;copyright&quot;:&quot;&quot;,&quot;focal_length&quot;:&quot;0&quot;,&quot;iso&quot;:&quot;0&quot;,&quot;shutter_speed&quot;:&quot;0&quot;,&quot;title&quot;:&quot;&quot;,&quot;orientation&quot;:&quot;0&quot;}\" data-image-title=\"IMG_20210903_181502\" data-image-description=\"\" data-image-caption=\"\" data-large-file=\"https:\/\/i0.wp.com\/www.tuseichholzremmighausen.de\/wordpress\/wp-content\/uploads\/2021\/09\/IMG_20210903_181502-scaled.jpg?fit=768%2C1024&amp;ssl=1\" class=\"alignnone size-full wp-image-14858\" src=\"https:\/\/i0.wp.com\/www.tuseichholzremmighausen.de\/wordpress\/wp-content\/uploads\/2021\/09\/IMG_20210903_181502-scaled.jpg?resize=800%2C1067&#038;ssl=1\" alt=\"\" width=\"800\" height=\"1067\" srcset=\"https:\/\/i0.wp.com\/www.tuseichholzremmighausen.de\/wordpress\/wp-content\/uploads\/2021\/09\/IMG_20210903_181502-scaled.jpg?w=1920&amp;ssl=1 1920w, https:\/\/i0.wp.com\/www.tuseichholzremmighausen.de\/wordpress\/wp-content\/uploads\/2021\/09\/IMG_20210903_181502-scaled.jpg?resize=600%2C800&amp;ssl=1 600w, https:\/\/i0.wp.com\/www.tuseichholzremmighausen.de\/wordpress\/wp-content\/uploads\/2021\/09\/IMG_20210903_181502-scaled.jpg?resize=225%2C300&amp;ssl=1 225w, https:\/\/i0.wp.com\/www.tuseichholzremmighausen.de\/wordpress\/wp-content\/uploads\/2021\/09\/IMG_20210903_181502-scaled.jpg?resize=768%2C1024&amp;ssl=1 768w, https:\/\/i0.wp.com\/www.tuseichholzremmighausen.de\/wordpress\/wp-content\/uploads\/2021\/09\/IMG_20210903_181502-scaled.jpg?resize=1152%2C1536&amp;ssl=1 1152w, https:\/\/i0.wp.com\/www.tuseichholzremmighausen.de\/wordpress\/wp-content\/uploads\/2021\/09\/IMG_20210903_181502-scaled.jpg?resize=1536%2C2048&amp;ssl=1 1536w, https:\/\/i0.wp.com\/www.tuseichholzremmighausen.de\/wordpress\/wp-content\/uploads\/2021\/09\/IMG_20210903_181502-scaled.jpg?w=1600&amp;ssl=1 1600w\" sizes=\"auto, (max-width: 800px) 100vw, 800px\" \/>Danke an dieser Stelle an Melanie und Mohamed. Die Seniorenabteilung lie\u00df es sich nach der Partie nicht nehmen, Mario den pers\u00f6nlichen Dank f\u00fcr das Geleistete auszusprechen und ein Geschenk zu \u00fcberreichen.<img data-recalc-dims=\"1\" loading=\"lazy\" decoding=\"async\" data-attachment-id=\"14869\" data-permalink=\"https:\/\/www.tuseichholzremmighausen.de\/wordpress\/img_20210903_190751\" data-orig-file=\"https:\/\/i0.wp.com\/www.tuseichholzremmighausen.de\/wordpress\/wp-content\/uploads\/2021\/09\/IMG_20210903_190751-scaled.jpg?fit=1920%2C2560&amp;ssl=1\" data-orig-size=\"1920,2560\" data-comments-opened=\"0\" data-image-meta=\"{&quot;aperture&quot;:&quot;0&quot;,&quot;credit&quot;:&quot;&quot;,&quot;camera&quot;:&quot;&quot;,&quot;caption&quot;:&quot;&quot;,&quot;created_timestamp&quot;:&quot;0&quot;,&quot;copyright&quot;:&quot;&quot;,&quot;focal_length&quot;:&quot;0&quot;,&quot;iso&quot;:&quot;0&quot;,&quot;shutter_speed&quot;:&quot;0&quot;,&quot;title&quot;:&quot;&quot;,&quot;orientation&quot;:&quot;0&quot;}\" data-image-title=\"IMG_20210903_190751\" data-image-description=\"\" data-image-caption=\"\" data-large-file=\"https:\/\/i0.wp.com\/www.tuseichholzremmighausen.de\/wordpress\/wp-content\/uploads\/2021\/09\/IMG_20210903_190751-scaled.jpg?fit=768%2C1024&amp;ssl=1\" class=\"alignnone size-full wp-image-14869\" src=\"https:\/\/i0.wp.com\/www.tuseichholzremmighausen.de\/wordpress\/wp-content\/uploads\/2021\/09\/IMG_20210903_190751-scaled.jpg?resize=800%2C1067&#038;ssl=1\" alt=\"\" width=\"800\" height=\"1067\" srcset=\"https:\/\/i0.wp.com\/www.tuseichholzremmighausen.de\/wordpress\/wp-content\/uploads\/2021\/09\/IMG_20210903_190751-scaled.jpg?w=1920&amp;ssl=1 1920w, https:\/\/i0.wp.com\/www.tuseichholzremmighausen.de\/wordpress\/wp-content\/uploads\/2021\/09\/IMG_20210903_190751-scaled.jpg?resize=600%2C800&amp;ssl=1 600w, https:\/\/i0.wp.com\/www.tuseichholzremmighausen.de\/wordpress\/wp-content\/uploads\/2021\/09\/IMG_20210903_190751-scaled.jpg?resize=225%2C300&amp;ssl=1 225w, https:\/\/i0.wp.com\/www.tuseichholzremmighausen.de\/wordpress\/wp-content\/uploads\/2021\/09\/IMG_20210903_190751-scaled.jpg?resize=768%2C1024&amp;ssl=1 768w, https:\/\/i0.wp.com\/www.tuseichholzremmighausen.de\/wordpress\/wp-content\/uploads\/2021\/09\/IMG_20210903_190751-scaled.jpg?resize=1152%2C1536&amp;ssl=1 1152w, https:\/\/i0.wp.com\/www.tuseichholzremmighausen.de\/wordpress\/wp-content\/uploads\/2021\/09\/IMG_20210903_190751-scaled.jpg?resize=1536%2C2048&amp;ssl=1 1536w, https:\/\/i0.wp.com\/www.tuseichholzremmighausen.de\/wordpress\/wp-content\/uploads\/2021\/09\/IMG_20210903_190751-scaled.jpg?w=1600&amp;ssl=1 1600w\" sizes=\"auto, (max-width: 800px) 100vw, 800px\" \/><\/p>\n","protected":false},"excerpt":{"rendered":"<p>Mit einem emotionalen H\u00f6hepunkt er\u00f6ffnete der TuS Eichholz Remmighausen sein diesj\u00e4hriges Sportfest am Freitag um 18 Uhr. Bei bestem Wetter<\/p>\n","protected":false},"author":57,"featured_media":14872,"comment_status":"closed","ping_status":"open","sticky":false,"template":"","format":"standard","meta":{"colormag_page_container_layout":"default_layout","colormag_page_sidebar_layout":"default_layout","_jetpack_memberships_contains_paid_content":false,"footnotes":"","jetpack_publicize_message":"","jetpack_publicize_feature_enabled":true,"jetpack_social_post_already_shared":true,"jetpack_social_options":{"image_generator_settings":{"template":"highway","default_image_id":0,"font":"","enabled":false},"version":2}},"categories":[157,159,162],"tags":[],"class_list":["post-14883","post","type-post","status-publish","format-standard","has-post-thumbnail","hentry","category-archiv","category-fb-senioren-aktuell","category-tus-aktuell"],"jetpack_publicize_connections":[],"jetpack_featured_media_url":"https:\/\/i0.wp.com\/www.tuseichholzremmighausen.de\/wordpress\/wp-content\/uploads\/2021\/09\/IMG_20210903_193145-scaled.jpg?fit=2560%2C1920&ssl=1","jetpack_sharing_enabled":true,"_links":{"self":[{"href":"https:\/\/www.tuseichholzremmighausen.de\/wordpress\/wp-json\/wp\/v2\/posts\/14883","targetHints":{"allow":["GET"]}}],"collection":[{"href":"https:\/\/www.tuseichholzremmighausen.de\/wordpress\/wp-json\/wp\/v2\/posts"}],"about":[{"href":"https:\/\/www.tuseichholzremmighausen.de\/wordpress\/wp-json\/wp\/v2\/types\/post"}],"author":[{"embeddable":true,"href":"https:\/\/www.tuseichholzremmighausen.de\/wordpress\/wp-json\/wp\/v2\/users\/57"}],"replies":[{"embeddable":true,"href":"https:\/\/www.tuseichholzremmighausen.de\/wordpress\/wp-json\/wp\/v2\/comments?post=14883"}],"version-history":[{"count":0,"href":"https:\/\/www.tuseichholzremmighausen.de\/wordpress\/wp-json\/wp\/v2\/posts\/14883\/revisions"}],"wp:featuredmedia":[{"embeddable":true,"href":"https:\/\/www.tuseichholzremmighausen.de\/wordpress\/wp-json\/wp\/v2\/media\/14872"}],"wp:attachment":[{"href":"https:\/\/www.tuseichholzremmighausen.de\/wordpress\/wp-json\/wp\/v2\/media?parent=14883"}],"wp:term":[{"taxonomy":"category","embeddable":true,"href":"https:\/\/www.tuseichholzremmighausen.de\/wordpress\/wp-json\/wp\/v2\/categories?post=14883"},{"taxonomy":"post_tag","embeddable":true,"href":"https:\/\/www.tuseichholzremmighausen.de\/wordpress\/wp-json\/wp\/v2\/tags?post=14883"}],"curies":[{"name":"wp","href":"https:\/\/api.w.org\/{rel}","templated":true}]}}