{"id":14887,"date":"2021-09-08T13:06:53","date_gmt":"2021-09-08T11:06:53","guid":{"rendered":"https:\/\/www.tuseichholzremmighausen.de\/wordpress\/?p=14887"},"modified":"2022-02-27T12:38:34","modified_gmt":"2022-02-27T11:38:34","slug":"inklusionsturnier-auf-dem-sportfest","status":"publish","type":"post","link":"https:\/\/www.tuseichholzremmighausen.de\/wordpress\/archives\/14887","title":{"rendered":"Inklusionsturnier auf dem Sportfest"},"content":{"rendered":"<p>Im Rahmen unseres sehr gelungenen Sportfestes war eines der Highlights ganz klar unser Inklusionsturnier. Endlich unsere neu gegr\u00fcndete Mannschaft in Aktion sehen darauf warteten einige Zuschauer:innen und auch die Spieler selbst hatten noch einige Fans aktiviert. So wurde das \u201ealte Motto\u201c der Fu\u00dfball-Abteilung mit Nachdruck gelebt: \u201eFu\u00dfball f\u00e4ngt mit Gemeinschaft an!\u201c und das war auch zu sehen! Angesetzt wurde das Turnier von unserem Fu\u00dfballobmann und stellv. Inklusionsbeauftragten Mohamed, und weitere Teams aus der Fremde sollten kommen. Leider taten diese es kurzfristig nicht (wenn auch aus nachvollziehbaren Gr\u00fcnden), sodass wir kurzerhand zwei weitere \u201ebunte Truppen\u201c aufstellten. Ohne Probleme fanden sich auf dem Sportfest fast 20 Leute die Lust hatten Fu\u00dfball zu spielen und die Gemeinschaft zu erleben. Fu\u00dfballer:innen aus allen Seniorenmannschaften dazu unser 1. Vorsitzender samt Familie schn\u00fcrten die Schuhe und pl\u00f6tzlich hatten wir 4 Mannschaften in Gr\u00fcn &amp; Wei\u00df auf dem neuen Rasen denn auch unsere Inklusionsmannschaft stellte zwei Teams auf. Bevor gespielt wurde wartete aber noch eine \u00dcberraschung auf unsere Neuzug\u00e4nge.<span class=\"Apple-converted-space\">&nbsp;<\/span><\/p>\n<p>&nbsp;<\/p>\n<figure id=\"attachment_14890\" aria-describedby=\"caption-attachment-14890\" style=\"width: 800px\" class=\"wp-caption aligncenter\"><img data-recalc-dims=\"1\" loading=\"lazy\" decoding=\"async\" data-attachment-id=\"14890\" data-permalink=\"https:\/\/www.tuseichholzremmighausen.de\/wordpress\/archives\/14887\/whatsapp-image-2021-09-05-at-00-56-28\" data-orig-file=\"https:\/\/i0.wp.com\/www.tuseichholzremmighausen.de\/wordpress\/wp-content\/uploads\/2021\/09\/WhatsApp-Image-2021-09-05-at-00.56.28.jpeg?fit=1600%2C1200&amp;ssl=1\" data-orig-size=\"1600,1200\" data-comments-opened=\"0\" data-image-meta=\"{&quot;aperture&quot;:&quot;0&quot;,&quot;credit&quot;:&quot;&quot;,&quot;camera&quot;:&quot;&quot;,&quot;caption&quot;:&quot;&quot;,&quot;created_timestamp&quot;:&quot;0&quot;,&quot;copyright&quot;:&quot;&quot;,&quot;focal_length&quot;:&quot;0&quot;,&quot;iso&quot;:&quot;0&quot;,&quot;shutter_speed&quot;:&quot;0&quot;,&quot;title&quot;:&quot;&quot;,&quot;orientation&quot;:&quot;0&quot;}\" data-image-title=\"Trikotsatz Inklusionsmannschaft TuS Eichholz Remmighausen\" data-image-description=\"&lt;p&gt;Platzhalter&lt;\/p&gt;\n\" data-image-caption=\"&lt;p&gt;Der neue Son Vida Trikotsatz f\u00fcr unsere Mannschaft.&lt;\/p&gt;\n\" data-large-file=\"https:\/\/i0.wp.com\/www.tuseichholzremmighausen.de\/wordpress\/wp-content\/uploads\/2021\/09\/WhatsApp-Image-2021-09-05-at-00.56.28.jpeg?fit=800%2C600&amp;ssl=1\" class=\"size-large wp-image-14890\" src=\"https:\/\/i0.wp.com\/www.tuseichholzremmighausen.de\/wordpress\/wp-content\/uploads\/2021\/09\/WhatsApp-Image-2021-09-05-at-00.56.28.jpeg?resize=800%2C600&#038;ssl=1\" alt=\"\" width=\"800\" height=\"600\" srcset=\"https:\/\/i0.wp.com\/www.tuseichholzremmighausen.de\/wordpress\/wp-content\/uploads\/2021\/09\/WhatsApp-Image-2021-09-05-at-00.56.28.jpeg?resize=1024%2C768&amp;ssl=1 1024w, https:\/\/i0.wp.com\/www.tuseichholzremmighausen.de\/wordpress\/wp-content\/uploads\/2021\/09\/WhatsApp-Image-2021-09-05-at-00.56.28.jpeg?resize=600%2C450&amp;ssl=1 600w, https:\/\/i0.wp.com\/www.tuseichholzremmighausen.de\/wordpress\/wp-content\/uploads\/2021\/09\/WhatsApp-Image-2021-09-05-at-00.56.28.jpeg?resize=300%2C225&amp;ssl=1 300w, https:\/\/i0.wp.com\/www.tuseichholzremmighausen.de\/wordpress\/wp-content\/uploads\/2021\/09\/WhatsApp-Image-2021-09-05-at-00.56.28.jpeg?resize=768%2C576&amp;ssl=1 768w, https:\/\/i0.wp.com\/www.tuseichholzremmighausen.de\/wordpress\/wp-content\/uploads\/2021\/09\/WhatsApp-Image-2021-09-05-at-00.56.28.jpeg?resize=1536%2C1152&amp;ssl=1 1536w, https:\/\/i0.wp.com\/www.tuseichholzremmighausen.de\/wordpress\/wp-content\/uploads\/2021\/09\/WhatsApp-Image-2021-09-05-at-00.56.28.jpeg?w=1600&amp;ssl=1 1600w\" sizes=\"auto, (max-width: 800px) 100vw, 800px\" \/><figcaption id=\"caption-attachment-14890\" class=\"wp-caption-text\">Der neue Son Vida Trikotsatz f\u00fcr unsere Mannschaft.<\/figcaption><\/figure>\n<p>Der erste eigene Trikotsatz! Nagelneu in Gr\u00fcn &amp; Wei\u00df, so wie wir es lieben, gesponsert von unserem Freund Frank Weingarten und dem Son Vida! (Ein RIESEN DANK DAF\u00dcR!) Die Freunde in der Kabine h\u00e4tte nicht viel gr\u00f6\u00dfer sein k\u00f6nnen und vielleicht war auch eine Freudentr\u00e4ne zu sehen. Frisch eingekleidet ging es zum knackigen Aufw\u00e4rmen, angeleitet von Trainer und Betreuer Julian Stadtler. Da staunten die gemischten Truppen nicht schlecht und der\/die ein oder andere w\u00e4re vermutlich danach schon platt gewesen. Ebenso dynamisch wurde auch gekickt und die zahlreichen Tore euphorisch bejubelt. Einige Spieler:innen und Zuschauer:innen \u00fcberlegten mit Sicherheit wann man selber ein Tor so bejubelte hatte und erkannte die Freude am Spiel mit dem Ball wieder, wegen der wir alle angefangen haben zu kicken.<span class=\"Apple-converted-space\">&nbsp;<\/span>Nach dem Turnier wurden Medaillen verteil, ein Gruppenfoto gemacht und Kaltgetr\u00e4nke gereicht.<\/p>\n<p>Wer nach diesem Auftritt Lust hat in dieser tollen Mannschaft mitzuspielen der ist sehr herzlich eingeladen. Trainieren tut unsere Inklusionsmannschaft am Dienstag &amp; Freitag jeweils von 18:00-19:30. Ansprechpartner f\u00fcr Interessierte ist Mohamed Ben Ayed (<a href=\"mailto:mba@tus-er.de\">mba@tus-er.de<\/a> oder <a href=\"tel:+49%20175%209231870\">+49 175 9231870<\/a>).<\/p>\n","protected":false},"excerpt":{"rendered":"<p>Im Rahmen unseres sehr gelungenen Sportfestes war eines der Highlights ganz klar unser Inklusionsturnier. Endlich unsere neu gegr\u00fcndete Mannschaft in<\/p>\n","protected":false},"author":54,"featured_media":14891,"comment_status":"closed","ping_status":"open","sticky":false,"template":"","format":"standard","meta":{"colormag_page_container_layout":"default_layout","colormag_page_sidebar_layout":"default_layout","_jetpack_memberships_contains_paid_content":false,"footnotes":"","jetpack_publicize_message":"","jetpack_publicize_feature_enabled":true,"jetpack_social_post_already_shared":true,"jetpack_social_options":{"image_generator_settings":{"template":"highway","default_image_id":0,"font":"","enabled":false},"version":2}},"categories":[157,159,250,162],"tags":[],"class_list":["post-14887","post","type-post","status-publish","format-standard","has-post-thumbnail","hentry","category-archiv","category-fb-senioren-aktuell","category-inklusion","category-tus-aktuell"],"jetpack_publicize_connections":[],"jetpack_featured_media_url":"https:\/\/i0.wp.com\/www.tuseichholzremmighausen.de\/wordpress\/wp-content\/uploads\/2021\/09\/WhatsApp-Image-2021-09-05-at-12.42.13-1.jpeg?fit=1600%2C1200&ssl=1","jetpack_sharing_enabled":true,"_links":{"self":[{"href":"https:\/\/www.tuseichholzremmighausen.de\/wordpress\/wp-json\/wp\/v2\/posts\/14887","targetHints":{"allow":["GET"]}}],"collection":[{"href":"https:\/\/www.tuseichholzremmighausen.de\/wordpress\/wp-json\/wp\/v2\/posts"}],"about":[{"href":"https:\/\/www.tuseichholzremmighausen.de\/wordpress\/wp-json\/wp\/v2\/types\/post"}],"author":[{"embeddable":true,"href":"https:\/\/www.tuseichholzremmighausen.de\/wordpress\/wp-json\/wp\/v2\/users\/54"}],"replies":[{"embeddable":true,"href":"https:\/\/www.tuseichholzremmighausen.de\/wordpress\/wp-json\/wp\/v2\/comments?post=14887"}],"version-history":[{"count":0,"href":"https:\/\/www.tuseichholzremmighausen.de\/wordpress\/wp-json\/wp\/v2\/posts\/14887\/revisions"}],"wp:featuredmedia":[{"embeddable":true,"href":"https:\/\/www.tuseichholzremmighausen.de\/wordpress\/wp-json\/wp\/v2\/media\/14891"}],"wp:attachment":[{"href":"https:\/\/www.tuseichholzremmighausen.de\/wordpress\/wp-json\/wp\/v2\/media?parent=14887"}],"wp:term":[{"taxonomy":"category","embeddable":true,"href":"https:\/\/www.tuseichholzremmighausen.de\/wordpress\/wp-json\/wp\/v2\/categories?post=14887"},{"taxonomy":"post_tag","embeddable":true,"href":"https:\/\/www.tuseichholzremmighausen.de\/wordpress\/wp-json\/wp\/v2\/tags?post=14887"}],"curies":[{"name":"wp","href":"https:\/\/api.w.org\/{rel}","templated":true}]}}