{"id":14901,"date":"2021-09-12T11:25:11","date_gmt":"2021-09-12T09:25:11","guid":{"rendered":"https:\/\/www.tuseichholzremmighausen.de\/wordpress\/?p=14901"},"modified":"2022-02-27T12:47:10","modified_gmt":"2022-02-27T11:47:10","slug":"__trashed-2","status":"publish","type":"post","link":"https:\/\/www.tuseichholzremmighausen.de\/wordpress\/archives\/14901","title":{"rendered":"53 Stunden im September &#8211; Sportfest!"},"content":{"rendered":"<p class=\"p3\"><span class=\"s2\">Was wie ein Hollywood-Action-Thriller klingt, ist letztendlich doch in einem ganz anderen Genre zu finden. Passend zur Fertigstellung und Einweihung unseres neuen Sportplatzes und der dazugeh\u00f6rigen Kabinen entsprang der Gedanke in der Fu\u00dfball-Abteilung-Leitung, Wir machen ein Sportfest!<\/span><\/p>\n<p class=\"p3\"><span class=\"s2\">Gesagt, getan! In Rekordzeit wurden Planungen gemacht und Firmen angefragt und ZACK SPORTFEST! Und wie schnell die Zeit vergeht, ist schon das erste September-Wochenende. <\/span><\/p>\n<p class=\"p3\"><span class=\"s2\">Gestartet wurden die Feierlichkeiten mit dem Abschiedsspiel f\u00fcr eine TuS-Legende.<\/span><\/p>\n<p class=\"p3\"><span class=\"s2\">Mario \u201eBerti\u201c Bertmann h\u00e4ngt nach Jahrzehnten auf dem Feld seine Schuhe an den Nagel. Es hie\u00df also Allstars vs TuS 2. Mannschaft. <a href=\"https:\/\/www.tuseichholzremmighausen.de\/wordpress\/archives\/14883\">Wie das Spiel lief k\u00f6nnt ihr hier lesen.<\/a><\/span><\/p>\n<p class=\"p3\"><span class=\"s2\">Samstag starteten um 10:00 die Jugendspiele. Berichte zu den einzelnen Spielen findet ihr ebenfalls auf der Homepage. Parallel dazu hatte unsere Schachabteilung ein gro\u00dfes Brett aufgebaut. Einige der Anwesenden \u00fcbten sich so gleich in der geistigen Ert\u00fcchtigung!<\/span><\/p>\n<p class=\"p3\"><span class=\"s2\">Um 16:00 fand unser erstes Inklusionsturnier statt. <a href=\"https:\/\/www.tuseichholzremmighausen.de\/wordpress\/archives\/14887\">Auch dazu gibt es einen separaten Bericht.<\/a><\/span><\/p>\n<p class=\"p3\"><span class=\"s2\">Das Alt-Herren Turnier um 17:30 wurde erfolgreich gestaltet und der Pokal blieb beim TuS.<\/span><\/p>\n<p class=\"p3\"><span class=\"s2\">Das abendliche Beisammensein im Biergarten war ein Genuss. Die diversen Vereine des Dorfes wurden allesamt eingeladen und erschienen auch in gro\u00dfer Zahl. Die Musik der beiden DJs kamen ebenfalls super an und es war ein launiger und fr\u00f6hlicher Abend.<\/span><\/p>\n<p class=\"p3\"><span class=\"s2\">Der Sonntag startete etwas verschlafen. Immer ein gutes Zeichen f\u00fcr den voran gegangen Abend. Um 11:00 starteten unsere Damen mit dem gegen die Zweitvertretung des Delbr\u00fccker SV. <a href=\"https:\/\/www.tuseichholzremmighausen.de\/wordpress\/archives\/14892\">Ein spannendes Spiel wie der Bericht zeigt.<\/a><\/span><\/p>\n<p>Zeitgleich hatten die TuL rund um Annette Schwartmann und ihre flei\u00dfigen Helferinnen einen tollen und gro\u00dfen Parcour aufgebaut. Die Kinder standen Schlange um diesen zu absolvieren. Man h\u00f6rt das wohl der\/die ein oder andere sich auch mehrfach angestellt hat.&nbsp;<\/p>\n<div hcb-fetch-image-from=\"https:\/\/m.youtube.com\/watch?v=5xw6JBZ35_8\" class=\"jetpack-video-wrapper\"><iframe loading=\"lazy\" title=\"Spiel &amp; Spa\u00df Parcours im Rahmen des TuS Sportfestes am 05.09.21\" width=\"800\" height=\"450\" src=\"https:\/\/www.youtube.com\/embed\/5xw6JBZ35_8?feature=oembed\" frameborder=\"0\" allow=\"accelerometer; autoplay; clipboard-write; encrypted-media; gyroscope; picture-in-picture\" allowfullscreen><\/iframe><\/div>\n<p class=\"p3\"><span class=\"s2\">Unsere Zweitvertretung ging um 13:00 ins Rennen gegen SV E. Jerxen Orbke 2. Manch einer sprach im Anschluss von einem Handball-Ergebnis. 6:7 mussten wir uns geschlagen geben aber teuer verkauft haben wir uns! Nach gro\u00dfem Kampf war kurz vor Schluss sogar noch der Ausgleich greifbar. Leider wurde die Flanke in legend\u00e4rer Mario-Gomez-Manier \u00fcber das Tor geschoben. Shit Happens.<\/span><\/p>\n<p class=\"p3\"><span class=\"s2\"><img data-recalc-dims=\"1\" loading=\"lazy\" decoding=\"async\" data-attachment-id=\"14903\" data-permalink=\"https:\/\/www.tuseichholzremmighausen.de\/wordpress\/archives\/14901\/5i1a5933\" data-orig-file=\"https:\/\/i0.wp.com\/www.tuseichholzremmighausen.de\/wordpress\/wp-content\/uploads\/2021\/09\/5I1A5933.jpg?fit=1200%2C675&amp;ssl=1\" data-orig-size=\"1200,675\" data-comments-opened=\"0\" data-image-meta=\"{&quot;aperture&quot;:&quot;4&quot;,&quot;credit&quot;:&quot;Rolf Gehrke&quot;,&quot;camera&quot;:&quot;Canon EOS R6&quot;,&quot;caption&quot;:&quot;&quot;,&quot;created_timestamp&quot;:&quot;1630852365&quot;,&quot;copyright&quot;:&quot;&quot;,&quot;focal_length&quot;:&quot;150&quot;,&quot;iso&quot;:&quot;400&quot;,&quot;shutter_speed&quot;:&quot;0.0005&quot;,&quot;title&quot;:&quot;&quot;,&quot;orientation&quot;:&quot;1&quot;}\" data-image-title=\"5I1A5933\" data-image-description=\"\" data-image-caption=\"\" data-large-file=\"https:\/\/i0.wp.com\/www.tuseichholzremmighausen.de\/wordpress\/wp-content\/uploads\/2021\/09\/5I1A5933.jpg?fit=800%2C450&amp;ssl=1\" class=\"alignnone size-full wp-image-14903\" src=\"https:\/\/i0.wp.com\/www.tuseichholzremmighausen.de\/wordpress\/wp-content\/uploads\/2021\/09\/5I1A5933.jpg?resize=800%2C450&#038;ssl=1\" alt=\"\" width=\"800\" height=\"450\" srcset=\"https:\/\/i0.wp.com\/www.tuseichholzremmighausen.de\/wordpress\/wp-content\/uploads\/2021\/09\/5I1A5933.jpg?w=1200&amp;ssl=1 1200w, https:\/\/i0.wp.com\/www.tuseichholzremmighausen.de\/wordpress\/wp-content\/uploads\/2021\/09\/5I1A5933.jpg?resize=600%2C338&amp;ssl=1 600w, https:\/\/i0.wp.com\/www.tuseichholzremmighausen.de\/wordpress\/wp-content\/uploads\/2021\/09\/5I1A5933.jpg?resize=300%2C169&amp;ssl=1 300w, https:\/\/i0.wp.com\/www.tuseichholzremmighausen.de\/wordpress\/wp-content\/uploads\/2021\/09\/5I1A5933.jpg?resize=1024%2C576&amp;ssl=1 1024w, https:\/\/i0.wp.com\/www.tuseichholzremmighausen.de\/wordpress\/wp-content\/uploads\/2021\/09\/5I1A5933.jpg?resize=768%2C432&amp;ssl=1 768w\" sizes=\"auto, (max-width: 800px) 100vw, 800px\" \/><\/span><\/p>\n<p class=\"p3\"><span class=\"s2\">Zur Primetime trat unsere 1.Herren gegen den VfL Schlangen auf die Planche. Ein Jubil\u00e4um verlieh dieser Begegnung einen besonderen Rahmen:<img data-recalc-dims=\"1\" loading=\"lazy\" decoding=\"async\" data-attachment-id=\"14907\" data-permalink=\"https:\/\/www.tuseichholzremmighausen.de\/wordpress\/archives\/14901\/5i1a5977\" data-orig-file=\"https:\/\/i0.wp.com\/www.tuseichholzremmighausen.de\/wordpress\/wp-content\/uploads\/2021\/09\/5I1A5977.jpg?fit=1200%2C720&amp;ssl=1\" data-orig-size=\"1200,720\" data-comments-opened=\"0\" data-image-meta=\"{&quot;aperture&quot;:&quot;8&quot;,&quot;credit&quot;:&quot;Rolf Gehrke&quot;,&quot;camera&quot;:&quot;Canon EOS R6&quot;,&quot;caption&quot;:&quot;&quot;,&quot;created_timestamp&quot;:&quot;1630854291&quot;,&quot;copyright&quot;:&quot;&quot;,&quot;focal_length&quot;:&quot;123&quot;,&quot;iso&quot;:&quot;250&quot;,&quot;shutter_speed&quot;:&quot;0.001&quot;,&quot;title&quot;:&quot;&quot;,&quot;orientation&quot;:&quot;1&quot;}\" data-image-title=\"5I1A5977\" data-image-description=\"\" data-image-caption=\"\" data-large-file=\"https:\/\/i0.wp.com\/www.tuseichholzremmighausen.de\/wordpress\/wp-content\/uploads\/2021\/09\/5I1A5977.jpg?fit=800%2C480&amp;ssl=1\" class=\"alignnone size-full wp-image-14907\" src=\"https:\/\/i0.wp.com\/www.tuseichholzremmighausen.de\/wordpress\/wp-content\/uploads\/2021\/09\/5I1A5977.jpg?resize=800%2C480&#038;ssl=1\" alt=\"\" width=\"800\" height=\"480\" srcset=\"https:\/\/i0.wp.com\/www.tuseichholzremmighausen.de\/wordpress\/wp-content\/uploads\/2021\/09\/5I1A5977.jpg?w=1200&amp;ssl=1 1200w, https:\/\/i0.wp.com\/www.tuseichholzremmighausen.de\/wordpress\/wp-content\/uploads\/2021\/09\/5I1A5977.jpg?resize=600%2C360&amp;ssl=1 600w, https:\/\/i0.wp.com\/www.tuseichholzremmighausen.de\/wordpress\/wp-content\/uploads\/2021\/09\/5I1A5977.jpg?resize=300%2C180&amp;ssl=1 300w, https:\/\/i0.wp.com\/www.tuseichholzremmighausen.de\/wordpress\/wp-content\/uploads\/2021\/09\/5I1A5977.jpg?resize=1024%2C614&amp;ssl=1 1024w, https:\/\/i0.wp.com\/www.tuseichholzremmighausen.de\/wordpress\/wp-content\/uploads\/2021\/09\/5I1A5977.jpg?resize=768%2C461&amp;ssl=1 768w\" sizes=\"auto, (max-width: 800px) 100vw, 800px\" \/> Schiedsrichterin Lisa Glowatzki feierte 10 Jahre Schiri im Kreis Detmold! Ein intensives Spiel bei deutlich zu hohen Temperaturen f\u00fcr Anfang September brachte die Akteure an die Leistungsgrenze. Nach verdienter 1:0 F\u00fchrung durch Jannik Rother wurde das Spiel immer enger. In der Kabine wurden Blessuren festgestellt und der Kampfgeist beschworen. Trotzdem mussten wir im zweiten Abschnitt den Ausgleich hinnehmen.<img data-recalc-dims=\"1\" loading=\"lazy\" decoding=\"async\" data-attachment-id=\"14905\" data-permalink=\"https:\/\/www.tuseichholzremmighausen.de\/wordpress\/archives\/14901\/5i1a6104\" data-orig-file=\"https:\/\/i0.wp.com\/www.tuseichholzremmighausen.de\/wordpress\/wp-content\/uploads\/2021\/09\/5I1A6104.jpg?fit=1200%2C675&amp;ssl=1\" data-orig-size=\"1200,675\" data-comments-opened=\"0\" data-image-meta=\"{&quot;aperture&quot;:&quot;4&quot;,&quot;credit&quot;:&quot;Rolf Gehrke&quot;,&quot;camera&quot;:&quot;Canon EOS R6&quot;,&quot;caption&quot;:&quot;&quot;,&quot;created_timestamp&quot;:&quot;1630861163&quot;,&quot;copyright&quot;:&quot;&quot;,&quot;focal_length&quot;:&quot;85&quot;,&quot;iso&quot;:&quot;200&quot;,&quot;shutter_speed&quot;:&quot;0.0005&quot;,&quot;title&quot;:&quot;&quot;,&quot;orientation&quot;:&quot;1&quot;}\" data-image-title=\"5I1A6104\" data-image-description=\"\" data-image-caption=\"\" data-large-file=\"https:\/\/i0.wp.com\/www.tuseichholzremmighausen.de\/wordpress\/wp-content\/uploads\/2021\/09\/5I1A6104.jpg?fit=800%2C450&amp;ssl=1\" class=\"alignnone size-full wp-image-14905\" src=\"https:\/\/i0.wp.com\/www.tuseichholzremmighausen.de\/wordpress\/wp-content\/uploads\/2021\/09\/5I1A6104.jpg?resize=800%2C450&#038;ssl=1\" alt=\"\" width=\"800\" height=\"450\" srcset=\"https:\/\/i0.wp.com\/www.tuseichholzremmighausen.de\/wordpress\/wp-content\/uploads\/2021\/09\/5I1A6104.jpg?w=1200&amp;ssl=1 1200w, https:\/\/i0.wp.com\/www.tuseichholzremmighausen.de\/wordpress\/wp-content\/uploads\/2021\/09\/5I1A6104.jpg?resize=600%2C338&amp;ssl=1 600w, https:\/\/i0.wp.com\/www.tuseichholzremmighausen.de\/wordpress\/wp-content\/uploads\/2021\/09\/5I1A6104.jpg?resize=300%2C169&amp;ssl=1 300w, https:\/\/i0.wp.com\/www.tuseichholzremmighausen.de\/wordpress\/wp-content\/uploads\/2021\/09\/5I1A6104.jpg?resize=1024%2C576&amp;ssl=1 1024w, https:\/\/i0.wp.com\/www.tuseichholzremmighausen.de\/wordpress\/wp-content\/uploads\/2021\/09\/5I1A6104.jpg?resize=768%2C432&amp;ssl=1 768w\" sizes=\"auto, (max-width: 800px) 100vw, 800px\" \/> Zwei Gro\u00dfchancen lie\u00dfen wir ungenutzt und so kam es wie es im Fu\u00dfball immer kommt. Ein schl\u00e4nger St\u00fcrmer setzte sich \u00fcber au\u00dfen durch, balancierte den Ball auf der Grundlinie und fand den freien Mann. Ein Nackenschlag kurz vor Schluss. Das letzte Anrennen in Gr\u00fcn-Wei\u00df blieb leider folgenlos. <\/span><\/p>\n<p class=\"p3\"><span class=\"s2\"><img data-recalc-dims=\"1\" loading=\"lazy\" decoding=\"async\" data-attachment-id=\"14906\" data-permalink=\"https:\/\/www.tuseichholzremmighausen.de\/wordpress\/archives\/14901\/5i1a6167\" data-orig-file=\"https:\/\/i0.wp.com\/www.tuseichholzremmighausen.de\/wordpress\/wp-content\/uploads\/2021\/09\/5I1A6167.jpg?fit=1200%2C675&amp;ssl=1\" data-orig-size=\"1200,675\" data-comments-opened=\"0\" data-image-meta=\"{&quot;aperture&quot;:&quot;4&quot;,&quot;credit&quot;:&quot;Rolf Gehrke&quot;,&quot;camera&quot;:&quot;Canon EOS R6&quot;,&quot;caption&quot;:&quot;&quot;,&quot;created_timestamp&quot;:&quot;1630865819&quot;,&quot;copyright&quot;:&quot;&quot;,&quot;focal_length&quot;:&quot;88&quot;,&quot;iso&quot;:&quot;160&quot;,&quot;shutter_speed&quot;:&quot;0.000625&quot;,&quot;title&quot;:&quot;&quot;,&quot;orientation&quot;:&quot;1&quot;}\" data-image-title=\"5I1A6167\" data-image-description=\"\" data-image-caption=\"\" data-large-file=\"https:\/\/i0.wp.com\/www.tuseichholzremmighausen.de\/wordpress\/wp-content\/uploads\/2021\/09\/5I1A6167.jpg?fit=800%2C450&amp;ssl=1\" class=\"alignnone size-full wp-image-14906\" src=\"https:\/\/i0.wp.com\/www.tuseichholzremmighausen.de\/wordpress\/wp-content\/uploads\/2021\/09\/5I1A6167.jpg?resize=800%2C450&#038;ssl=1\" alt=\"\" width=\"800\" height=\"450\" srcset=\"https:\/\/i0.wp.com\/www.tuseichholzremmighausen.de\/wordpress\/wp-content\/uploads\/2021\/09\/5I1A6167.jpg?w=1200&amp;ssl=1 1200w, https:\/\/i0.wp.com\/www.tuseichholzremmighausen.de\/wordpress\/wp-content\/uploads\/2021\/09\/5I1A6167.jpg?resize=600%2C338&amp;ssl=1 600w, https:\/\/i0.wp.com\/www.tuseichholzremmighausen.de\/wordpress\/wp-content\/uploads\/2021\/09\/5I1A6167.jpg?resize=300%2C169&amp;ssl=1 300w, https:\/\/i0.wp.com\/www.tuseichholzremmighausen.de\/wordpress\/wp-content\/uploads\/2021\/09\/5I1A6167.jpg?resize=1024%2C576&amp;ssl=1 1024w, https:\/\/i0.wp.com\/www.tuseichholzremmighausen.de\/wordpress\/wp-content\/uploads\/2021\/09\/5I1A6167.jpg?resize=768%2C432&amp;ssl=1 768w\" sizes=\"auto, (max-width: 800px) 100vw, 800px\" \/>Die letzte Chance auf Punkte hatte somit die 3.Mannschaft gegen die SG Brakelsiek\/W\u00f6bbel 2. Leider konnten wir auch diese nicht nutzen und die G\u00e4ste schossen sich ein ordentliches Endergebnis auf den Block des Schiedsrichters.<\/span><\/p>\n<p class=\"p3\"><span class=\"s2\">Im Anschluss wurde noch das Fass Bier leer gemacht und die letzten Bratw\u00fcrste vom Grill geholt. Ein rundum gelungen Wochenende (vom Sportlichen abgesehen) liegt hinter uns. Es war wirklich sch\u00f6n! und damit m\u00f6chte ich enden!<\/span><\/p>\n","protected":false},"excerpt":{"rendered":"<p>Was wie ein Hollywood-Action-Thriller klingt, ist letztendlich doch in einem ganz anderen Genre zu finden. Passend zur Fertigstellung und Einweihung<\/p>\n","protected":false},"author":54,"featured_media":14902,"comment_status":"closed","ping_status":"open","sticky":false,"template":"","format":"standard","meta":{"colormag_page_container_layout":"default_layout","colormag_page_sidebar_layout":"default_layout","_jetpack_memberships_contains_paid_content":false,"footnotes":"","jetpack_publicize_message":"","jetpack_publicize_feature_enabled":true,"jetpack_social_post_already_shared":true,"jetpack_social_options":{"image_generator_settings":{"template":"highway","default_image_id":0,"font":"","enabled":false},"version":2}},"categories":[157,159,250,162],"tags":[],"class_list":["post-14901","post","type-post","status-publish","format-standard","has-post-thumbnail","hentry","category-archiv","category-fb-senioren-aktuell","category-inklusion","category-tus-aktuell"],"jetpack_publicize_connections":[],"jetpack_featured_media_url":"https:\/\/i0.wp.com\/www.tuseichholzremmighausen.de\/wordpress\/wp-content\/uploads\/2021\/09\/5I1A6012.jpg?fit=1200%2C675&ssl=1","jetpack_sharing_enabled":true,"_links":{"self":[{"href":"https:\/\/www.tuseichholzremmighausen.de\/wordpress\/wp-json\/wp\/v2\/posts\/14901","targetHints":{"allow":["GET"]}}],"collection":[{"href":"https:\/\/www.tuseichholzremmighausen.de\/wordpress\/wp-json\/wp\/v2\/posts"}],"about":[{"href":"https:\/\/www.tuseichholzremmighausen.de\/wordpress\/wp-json\/wp\/v2\/types\/post"}],"author":[{"embeddable":true,"href":"https:\/\/www.tuseichholzremmighausen.de\/wordpress\/wp-json\/wp\/v2\/users\/54"}],"replies":[{"embeddable":true,"href":"https:\/\/www.tuseichholzremmighausen.de\/wordpress\/wp-json\/wp\/v2\/comments?post=14901"}],"version-history":[{"count":0,"href":"https:\/\/www.tuseichholzremmighausen.de\/wordpress\/wp-json\/wp\/v2\/posts\/14901\/revisions"}],"wp:featuredmedia":[{"embeddable":true,"href":"https:\/\/www.tuseichholzremmighausen.de\/wordpress\/wp-json\/wp\/v2\/media\/14902"}],"wp:attachment":[{"href":"https:\/\/www.tuseichholzremmighausen.de\/wordpress\/wp-json\/wp\/v2\/media?parent=14901"}],"wp:term":[{"taxonomy":"category","embeddable":true,"href":"https:\/\/www.tuseichholzremmighausen.de\/wordpress\/wp-json\/wp\/v2\/categories?post=14901"},{"taxonomy":"post_tag","embeddable":true,"href":"https:\/\/www.tuseichholzremmighausen.de\/wordpress\/wp-json\/wp\/v2\/tags?post=14901"}],"curies":[{"name":"wp","href":"https:\/\/api.w.org\/{rel}","templated":true}]}}