{"id":15224,"date":"2021-10-12T21:26:11","date_gmt":"2021-10-12T19:26:11","guid":{"rendered":"https:\/\/www.tuseichholzremmighausen.de\/wordpress\/?p=15224"},"modified":"2021-10-12T21:41:42","modified_gmt":"2021-10-12T19:41:42","slug":"schach-vereinsmeisterschaft-2019-2020-entschieden","status":"publish","type":"post","link":"https:\/\/www.tuseichholzremmighausen.de\/wordpress\/archives\/15224","title":{"rendered":"Schach Vereinsmeisterschaft 2019\/2020 entschieden"},"content":{"rendered":"<p>Die durch die Corona-Pausen unterbrochene l\u00e4ngste Vereinsmeisterschaft im Schach im TuS Eichholz-Remmighausen ist endlich entschieden.<\/p>\n<figure id=\"attachment_15223\" aria-describedby=\"caption-attachment-15223\" style=\"width: 300px\" class=\"wp-caption aligncenter\"><a href=\"https:\/\/www.tuseichholzremmighausen.de\/wordpress\/archives\/15224\/ralf1\" rel=\"attachment wp-att-15223\"><img data-recalc-dims=\"1\" loading=\"lazy\" decoding=\"async\" data-attachment-id=\"15223\" data-permalink=\"https:\/\/www.tuseichholzremmighausen.de\/wordpress\/archives\/15224\/ralf1\" data-orig-file=\"https:\/\/i0.wp.com\/www.tuseichholzremmighausen.de\/wordpress\/wp-content\/uploads\/2021\/10\/Ralf1-e1634064909398.jpg?fit=860%2C819&amp;ssl=1\" data-orig-size=\"860,819\" data-comments-opened=\"0\" data-image-meta=\"{&quot;aperture&quot;:&quot;0&quot;,&quot;credit&quot;:&quot;&quot;,&quot;camera&quot;:&quot;&quot;,&quot;caption&quot;:&quot;&quot;,&quot;created_timestamp&quot;:&quot;0&quot;,&quot;copyright&quot;:&quot;&quot;,&quot;focal_length&quot;:&quot;0&quot;,&quot;iso&quot;:&quot;0&quot;,&quot;shutter_speed&quot;:&quot;0&quot;,&quot;title&quot;:&quot;&quot;,&quot;orientation&quot;:&quot;0&quot;}\" data-image-title=\"name_stukemeier_2021\" data-image-description=\"&lt;p&gt;Schach-VM-2020-2021-Sieger&lt;\/p&gt;\n\" data-image-caption=\"&lt;p&gt;Platz 1 Ralf Stukemeier&lt;\/p&gt;\n\" data-large-file=\"https:\/\/i0.wp.com\/www.tuseichholzremmighausen.de\/wordpress\/wp-content\/uploads\/2021\/10\/Ralf1-e1634064909398.jpg?fit=800%2C762&amp;ssl=1\" class=\"size-medium wp-image-15223\" src=\"https:\/\/i0.wp.com\/www.tuseichholzremmighausen.de\/wordpress\/wp-content\/uploads\/2021\/10\/Ralf1-e1634064909398-300x286.jpg?resize=300%2C286&#038;ssl=1\" alt=\"\" width=\"300\" height=\"286\" srcset=\"https:\/\/i0.wp.com\/www.tuseichholzremmighausen.de\/wordpress\/wp-content\/uploads\/2021\/10\/Ralf1-e1634064909398.jpg?resize=300%2C286&amp;ssl=1 300w, https:\/\/i0.wp.com\/www.tuseichholzremmighausen.de\/wordpress\/wp-content\/uploads\/2021\/10\/Ralf1-e1634064909398.jpg?resize=768%2C731&amp;ssl=1 768w, https:\/\/i0.wp.com\/www.tuseichholzremmighausen.de\/wordpress\/wp-content\/uploads\/2021\/10\/Ralf1-e1634064909398.jpg?resize=600%2C571&amp;ssl=1 600w, https:\/\/i0.wp.com\/www.tuseichholzremmighausen.de\/wordpress\/wp-content\/uploads\/2021\/10\/Ralf1-e1634064909398.jpg?w=860&amp;ssl=1 860w\" sizes=\"auto, (max-width: 300px) 100vw, 300px\" \/><\/a><figcaption id=\"caption-attachment-15223\" class=\"wp-caption-text\">Platz 1 Ralf Stukemeier<\/figcaption><\/figure>\n<p>Als Vereinsmeister gratulieren wir Ralf Stukemeier, der nach Absolvierung aller seiner Partien den Verein leider verlassen hat, da er einen neuen Wohnort au\u00dferhalb Detmolds und Lippe bezogen hat.<\/p>\n<p>Die Schachabteilung verliert mit Ralf ein sehr gesch\u00e4tztes Mitglied, das den Verein an Brett 1 in der Verbandsklasse vertrat und auch regelm\u00e4\u00dfig an den Trainingsabenden pr\u00e4sent war und uns viele sch\u00f6ne Partien bescherte.<\/p>\n<p>Mit einer superstarken Leistung von 8 Gewinnpartien, einem Remis und nur einer Verlustpartie rangiert er mit 8,5 Z\u00e4hlern einen Punkt vor seinem Verfolger Udo Kleusser. Dieser konnte ihm die einzige Turnier-Niederlage zuf\u00fcgen und hatte selbst eine reine Weste mit keiner einzigen Verlustpartie. Zum ersten Platz reichte es leider nicht, da Udo f\u00fcnfmal Remis spielte. Im Endergebnis kam Udo auf 7,5 Punkte.<\/p>\n<figure id=\"attachment_15221\" aria-describedby=\"caption-attachment-15221\" style=\"width: 268px\" class=\"wp-caption alignleft\"><a href=\"https:\/\/www.tuseichholzremmighausen.de\/wordpress\/udo1\"><img data-recalc-dims=\"1\" loading=\"lazy\" decoding=\"async\" data-attachment-id=\"15221\" data-permalink=\"https:\/\/www.tuseichholzremmighausen.de\/wordpress\/udo1\" data-orig-file=\"https:\/\/i0.wp.com\/www.tuseichholzremmighausen.de\/wordpress\/wp-content\/uploads\/2021\/10\/Udo1.jpg?fit=1024%2C1147&amp;ssl=1\" data-orig-size=\"1024,1147\" data-comments-opened=\"0\" data-image-meta=\"{&quot;aperture&quot;:&quot;0&quot;,&quot;credit&quot;:&quot;&quot;,&quot;camera&quot;:&quot;&quot;,&quot;caption&quot;:&quot;&quot;,&quot;created_timestamp&quot;:&quot;0&quot;,&quot;copyright&quot;:&quot;&quot;,&quot;focal_length&quot;:&quot;0&quot;,&quot;iso&quot;:&quot;0&quot;,&quot;shutter_speed&quot;:&quot;0&quot;,&quot;title&quot;:&quot;&quot;,&quot;orientation&quot;:&quot;0&quot;}\" data-image-title=\"name_Kleusser_2021\" data-image-description=\"\" data-image-caption=\"&lt;p&gt;2. Platz Udo Kleusser&lt;\/p&gt;\n\" data-large-file=\"https:\/\/i0.wp.com\/www.tuseichholzremmighausen.de\/wordpress\/wp-content\/uploads\/2021\/10\/Udo1.jpg?fit=800%2C896&amp;ssl=1\" class=\"size-medium wp-image-15221\" src=\"https:\/\/i0.wp.com\/www.tuseichholzremmighausen.de\/wordpress\/wp-content\/uploads\/2021\/10\/Udo1.jpg?resize=268%2C300&#038;ssl=1\" alt=\"\" width=\"268\" height=\"300\" srcset=\"https:\/\/i0.wp.com\/www.tuseichholzremmighausen.de\/wordpress\/wp-content\/uploads\/2021\/10\/Udo1.jpg?resize=268%2C300&amp;ssl=1 268w, https:\/\/i0.wp.com\/www.tuseichholzremmighausen.de\/wordpress\/wp-content\/uploads\/2021\/10\/Udo1.jpg?resize=914%2C1024&amp;ssl=1 914w, https:\/\/i0.wp.com\/www.tuseichholzremmighausen.de\/wordpress\/wp-content\/uploads\/2021\/10\/Udo1.jpg?resize=768%2C860&amp;ssl=1 768w, https:\/\/i0.wp.com\/www.tuseichholzremmighausen.de\/wordpress\/wp-content\/uploads\/2021\/10\/Udo1.jpg?resize=600%2C672&amp;ssl=1 600w, https:\/\/i0.wp.com\/www.tuseichholzremmighausen.de\/wordpress\/wp-content\/uploads\/2021\/10\/Udo1.jpg?w=1024&amp;ssl=1 1024w\" sizes=\"auto, (max-width: 268px) 100vw, 268px\" \/><\/a><figcaption id=\"caption-attachment-15221\" class=\"wp-caption-text\">2. Platz Udo Kleusser<\/figcaption><\/figure>\n<p>&nbsp;<\/p>\n<figure id=\"attachment_15222\" aria-describedby=\"caption-attachment-15222\" style=\"width: 227px\" class=\"wp-caption alignright\"><a href=\"https:\/\/www.tuseichholzremmighausen.de\/wordpress\/maryam1\"><img data-recalc-dims=\"1\" loading=\"lazy\" decoding=\"async\" data-attachment-id=\"15222\" data-permalink=\"https:\/\/www.tuseichholzremmighausen.de\/wordpress\/archives\/15224\/maryam1\" data-orig-file=\"https:\/\/i0.wp.com\/www.tuseichholzremmighausen.de\/wordpress\/wp-content\/uploads\/2021\/10\/Maryam1.jpg?fit=880%2C1100&amp;ssl=1\" data-orig-size=\"880,1100\" data-comments-opened=\"0\" data-image-meta=\"{&quot;aperture&quot;:&quot;0&quot;,&quot;credit&quot;:&quot;&quot;,&quot;camera&quot;:&quot;&quot;,&quot;caption&quot;:&quot;&quot;,&quot;created_timestamp&quot;:&quot;0&quot;,&quot;copyright&quot;:&quot;&quot;,&quot;focal_length&quot;:&quot;0&quot;,&quot;iso&quot;:&quot;0&quot;,&quot;shutter_speed&quot;:&quot;0&quot;,&quot;title&quot;:&quot;&quot;,&quot;orientation&quot;:&quot;0&quot;}\" data-image-title=\"name_Allahverdi_2021\" data-image-description=\"\" data-image-caption=\"&lt;p&gt;3. Platz Maryam Allahverdi&lt;\/p&gt;\n\" data-large-file=\"https:\/\/i0.wp.com\/www.tuseichholzremmighausen.de\/wordpress\/wp-content\/uploads\/2021\/10\/Maryam1.jpg?fit=800%2C1000&amp;ssl=1\" class=\" wp-image-15222\" src=\"https:\/\/i0.wp.com\/www.tuseichholzremmighausen.de\/wordpress\/wp-content\/uploads\/2021\/10\/Maryam1.jpg?resize=227%2C284&#038;ssl=1\" alt=\"\" width=\"227\" height=\"284\" srcset=\"https:\/\/i0.wp.com\/www.tuseichholzremmighausen.de\/wordpress\/wp-content\/uploads\/2021\/10\/Maryam1.jpg?resize=240%2C300&amp;ssl=1 240w, https:\/\/i0.wp.com\/www.tuseichholzremmighausen.de\/wordpress\/wp-content\/uploads\/2021\/10\/Maryam1.jpg?resize=819%2C1024&amp;ssl=1 819w, https:\/\/i0.wp.com\/www.tuseichholzremmighausen.de\/wordpress\/wp-content\/uploads\/2021\/10\/Maryam1.jpg?resize=768%2C960&amp;ssl=1 768w, https:\/\/i0.wp.com\/www.tuseichholzremmighausen.de\/wordpress\/wp-content\/uploads\/2021\/10\/Maryam1.jpg?resize=600%2C750&amp;ssl=1 600w, https:\/\/i0.wp.com\/www.tuseichholzremmighausen.de\/wordpress\/wp-content\/uploads\/2021\/10\/Maryam1.jpg?w=880&amp;ssl=1 880w\" sizes=\"auto, (max-width: 227px) 100vw, 227px\" \/><\/a><figcaption id=\"caption-attachment-15222\" class=\"wp-caption-text\">3. Platz Maryam Allahverdi<\/figcaption><\/figure>\n<p>&nbsp;<\/p>\n<p>Dritte mit 7 Punkten, also mit einem halben Punkt Abstand auf Platz zwei wurde Maryam Allahverdi. Etwas unerwartet lie\u00df sie sich am letzten Spieltag von Reinhard Gro\u00df einen Punkt abjagen, ohne hier dessen starke Leistung schm\u00e4lern zu wollen. Vielleicht haperte es an der Konzentration oder der langen Spielpause.<\/p>\n<p>Aber von solchen \u00dcberraschungen leben die Turniere und im n\u00e4chsten sind die Karten neu gemischt.<\/p>\n","protected":false},"excerpt":{"rendered":"<p>Die durch die Corona-Pausen unterbrochene l\u00e4ngste Vereinsmeisterschaft im Schach im TuS Eichholz-Remmighausen ist endlich entschieden. Als Vereinsmeister gratulieren wir Ralf<\/p>\n","protected":false},"author":40,"featured_media":15225,"comment_status":"closed","ping_status":"open","sticky":false,"template":"","format":"standard","meta":{"colormag_page_container_layout":"default_layout","colormag_page_sidebar_layout":"default_layout","_jetpack_memberships_contains_paid_content":false,"footnotes":"","jetpack_publicize_message":"","jetpack_publicize_feature_enabled":true,"jetpack_social_post_already_shared":true,"jetpack_social_options":{"image_generator_settings":{"template":"highway","default_image_id":0,"font":"","enabled":false},"version":2}},"categories":[157,58,165],"tags":[],"class_list":["post-15224","post","type-post","status-publish","format-standard","has-post-thumbnail","hentry","category-archiv","category-schach-aktuell","category-startseite-ohne-fb"],"jetpack_publicize_connections":[],"jetpack_featured_media_url":"https:\/\/i0.wp.com\/www.tuseichholzremmighausen.de\/wordpress\/wp-content\/uploads\/2021\/10\/Ralf2-scaled-e1634066146658.jpg?fit=800%2C1223&ssl=1","jetpack_sharing_enabled":true,"_links":{"self":[{"href":"https:\/\/www.tuseichholzremmighausen.de\/wordpress\/wp-json\/wp\/v2\/posts\/15224","targetHints":{"allow":["GET"]}}],"collection":[{"href":"https:\/\/www.tuseichholzremmighausen.de\/wordpress\/wp-json\/wp\/v2\/posts"}],"about":[{"href":"https:\/\/www.tuseichholzremmighausen.de\/wordpress\/wp-json\/wp\/v2\/types\/post"}],"author":[{"embeddable":true,"href":"https:\/\/www.tuseichholzremmighausen.de\/wordpress\/wp-json\/wp\/v2\/users\/40"}],"replies":[{"embeddable":true,"href":"https:\/\/www.tuseichholzremmighausen.de\/wordpress\/wp-json\/wp\/v2\/comments?post=15224"}],"version-history":[{"count":0,"href":"https:\/\/www.tuseichholzremmighausen.de\/wordpress\/wp-json\/wp\/v2\/posts\/15224\/revisions"}],"wp:featuredmedia":[{"embeddable":true,"href":"https:\/\/www.tuseichholzremmighausen.de\/wordpress\/wp-json\/wp\/v2\/media\/15225"}],"wp:attachment":[{"href":"https:\/\/www.tuseichholzremmighausen.de\/wordpress\/wp-json\/wp\/v2\/media?parent=15224"}],"wp:term":[{"taxonomy":"category","embeddable":true,"href":"https:\/\/www.tuseichholzremmighausen.de\/wordpress\/wp-json\/wp\/v2\/categories?post=15224"},{"taxonomy":"post_tag","embeddable":true,"href":"https:\/\/www.tuseichholzremmighausen.de\/wordpress\/wp-json\/wp\/v2\/tags?post=15224"}],"curies":[{"name":"wp","href":"https:\/\/api.w.org\/{rel}","templated":true}]}}