{"id":15409,"date":"2021-11-20T12:12:44","date_gmt":"2021-11-20T11:12:44","guid":{"rendered":"https:\/\/www.tuseichholzremmighausen.de\/wordpress\/?p=15409"},"modified":"2021-11-22T19:16:54","modified_gmt":"2021-11-22T18:16:54","slug":"ah-jahreshauptversammlung-2021","status":"publish","type":"post","link":"https:\/\/www.tuseichholzremmighausen.de\/wordpress\/archives\/15409","title":{"rendered":"AH-Versammlung 2021"},"content":{"rendered":"<p>Das Wort &#8222;Wiederwahl&#8220; und leider auch das Wort &#8222;Corona&#8220; bestimmten den Freitag Abend (19.11.21) . Die Tagesordnungspunkte waren wie folgt.<\/p>\n<ol>\n<li>Begr\u00fc\u00dfung des AH Obmann<\/li>\n<li>Bericht des AH Obmann<\/li>\n<li>Bericht H.Gillich<\/li>\n<li>Bericht \u00dc32,\/\u00dc40 ,\u00dc50 Alt Herren<\/li>\n<li>Wahlen (Obmann ,stellv. Obmann, Festausschuss)<\/li>\n<li>Verschiedenes<\/li>\n<li>Schlussworte<\/li>\n<\/ol>\n<p>Leider habe ich vergessen ein Foto zu machen daher habe ich mal ein Foto aus unserem guten Archiv genommen.\u00a0 \ud83d\ude09 Passt ganz gut zu dem Wort Wiederwahl. Olaf Kligge wurde einstimmig wiedergew\u00e4hlt und ist somit weiterhin unser AH Obmann. Weiterhin wurde gew\u00e4hlt:<\/p>\n<p>1.Obmann: Olaf Kligge\u00a0 \u00a0 \u00a0 \u00a0Wiederwahl<\/p>\n<p>2. stellv. Obmann: Jens Goniwiecha\u00a0 \u00a0 Neu vorher Festausschuss<\/p>\n<p>3. Beisitzer Hans \ud83d\ude09 wurde noch mal davon \u00fcberzeugt das es ohne ihn nicht geht &#8230;. Hans Gillich&#8230;..\u00a0 Nat\u00fcrlich Wiederwahl<\/p>\n<p>f\u00fcr den Festausschuss wurden gew\u00e4hlt Sven Albrecht (vorher stellv. Obmann will etwas k\u00fcrzer treten) \ud83d\ude09 , Ralf Gerbes und Neu Dirk Rose.<\/p>\n<p>Herzlichen Gl\u00fcckwunsch an die Gew\u00e4hlten<\/p>\n<p>Bedanken m\u00f6chten wir uns bei Ralf Wessolek der aus privaten Gr\u00fcnden nicht mehr zur Wahl stand uns aber trotzdem weiterhin unterst\u00fctzen wird wenn Hilfe ben\u00f6tigt wird . Danke auch an Gordon und Jens die f\u00fcr das Leibliche Wohl gesorgt haben.<\/p>\n<p>Leider gab es sportlich nicht allzu viel zu berichten . &#8222;Corona&#8220; hat vieles ausfallen lassen . Ein kleines Turnier was auf Fortsetzung hofft und ein paar Freundschaftsspiele fanden Statt. Die Lage ist weiterhin sehr angespannt und nicht absehbar. Unter dem Punkt verschiedenes wurde allerdings doch noch sachlich und auch mal ein wenig hitzig diskutiert. Einige Themen werden gemeinsam in der Fu\u00dfball Abteilung angegangen und dann gel\u00f6st und erledigt. Dank geht an unseren Fu\u00dfball Abteilunsleitung unter F\u00fchrung von Patrick Werner\u00a0 und unser 1. Vorsitzender\u00a0 Thorsten Bewersdorff . Man merkt es bewegt sich einiges im TuS und das ist auch gut so. Nicht nur unser Vereinsheim wird Neu gestaltet sondern auch die Strukturen sind Neu festgelegt. Bleibt zu hoffen das wir im n\u00e4chsten Jahr wieder &#8222;Gemeinschaft&#8220; erleben d\u00fcrfen und uns auch sportlich wieder bet\u00e4tigen d\u00fcrfen. Allen Gew\u00e4hlten und Verantwortlichen hier im TuS alles Gute und Erfolg damit wir unsere Ziele umsetzten k\u00f6nnen.<\/p>\n<p>P.S. Ein bisschen vermisst habe ich doch unsere leckeren Brote die sonst von unseren Frauen liebevoll gemacht wurden. Aber ich blicke optimistisch in die Zukunft . \ud83d\ude42<\/p>\n<p>&nbsp;<\/p>\n<p>&nbsp;<\/p>\n<p>&nbsp;<\/p>\n","protected":false},"excerpt":{"rendered":"<p>Das Wort &#8222;Wiederwahl&#8220; und leider auch das Wort &#8222;Corona&#8220; bestimmten den Freitag Abend (19.11.21) . Die Tagesordnungspunkte waren wie folgt.<\/p>\n","protected":false},"author":14,"featured_media":11381,"comment_status":"closed","ping_status":"open","sticky":false,"template":"","format":"standard","meta":{"colormag_page_container_layout":"default_layout","colormag_page_sidebar_layout":"default_layout","_jetpack_memberships_contains_paid_content":false,"footnotes":"","jetpack_publicize_message":"","jetpack_publicize_feature_enabled":true,"jetpack_social_post_already_shared":true,"jetpack_social_options":{"image_generator_settings":{"template":"highway","default_image_id":0,"font":"","enabled":false},"version":2}},"categories":[157,159],"tags":[],"class_list":["post-15409","post","type-post","status-publish","format-standard","has-post-thumbnail","hentry","category-archiv","category-fb-senioren-aktuell"],"jetpack_publicize_connections":[],"jetpack_featured_media_url":"https:\/\/i0.wp.com\/www.tuseichholzremmighausen.de\/wordpress\/wp-content\/uploads\/2018\/11\/FB_AH_2018_titel.jpg?fit=800%2C445&ssl=1","jetpack_sharing_enabled":true,"_links":{"self":[{"href":"https:\/\/www.tuseichholzremmighausen.de\/wordpress\/wp-json\/wp\/v2\/posts\/15409","targetHints":{"allow":["GET"]}}],"collection":[{"href":"https:\/\/www.tuseichholzremmighausen.de\/wordpress\/wp-json\/wp\/v2\/posts"}],"about":[{"href":"https:\/\/www.tuseichholzremmighausen.de\/wordpress\/wp-json\/wp\/v2\/types\/post"}],"author":[{"embeddable":true,"href":"https:\/\/www.tuseichholzremmighausen.de\/wordpress\/wp-json\/wp\/v2\/users\/14"}],"replies":[{"embeddable":true,"href":"https:\/\/www.tuseichholzremmighausen.de\/wordpress\/wp-json\/wp\/v2\/comments?post=15409"}],"version-history":[{"count":0,"href":"https:\/\/www.tuseichholzremmighausen.de\/wordpress\/wp-json\/wp\/v2\/posts\/15409\/revisions"}],"wp:featuredmedia":[{"embeddable":true,"href":"https:\/\/www.tuseichholzremmighausen.de\/wordpress\/wp-json\/wp\/v2\/media\/11381"}],"wp:attachment":[{"href":"https:\/\/www.tuseichholzremmighausen.de\/wordpress\/wp-json\/wp\/v2\/media?parent=15409"}],"wp:term":[{"taxonomy":"category","embeddable":true,"href":"https:\/\/www.tuseichholzremmighausen.de\/wordpress\/wp-json\/wp\/v2\/categories?post=15409"},{"taxonomy":"post_tag","embeddable":true,"href":"https:\/\/www.tuseichholzremmighausen.de\/wordpress\/wp-json\/wp\/v2\/tags?post=15409"}],"curies":[{"name":"wp","href":"https:\/\/api.w.org\/{rel}","templated":true}]}}