{"id":15432,"date":"2021-11-30T09:35:06","date_gmt":"2021-11-30T08:35:06","guid":{"rendered":"https:\/\/www.tuseichholzremmighausen.de\/wordpress\/?p=15432"},"modified":"2021-11-30T09:55:22","modified_gmt":"2021-11-30T08:55:22","slug":"fc-st-pauli-fussballcamps-auch-in-2022-jetzt-anmelden","status":"publish","type":"post","link":"https:\/\/www.tuseichholzremmighausen.de\/wordpress\/archives\/15432","title":{"rendered":"FC St. Pauli Fu\u00dfballcamps auch in 2022! Jetzt anmelden!"},"content":{"rendered":"<h3>Auch im n\u00e4chsten Jahr kommen wieder die Rabauken zu uns. Der FC St. Pauli veranstaltet mit unserem TuS 2 Fu\u00dfball-Camps in 2022. Meldet euch\/eure Kinder jetzt an!<\/h3>\n<p>&nbsp;<\/p>\n<h3><strong>19.04-22.04.2022 Powercamp!<\/strong><\/h3>\n<p>Wenn Du zwischen 12 &#8211; 16 Jahre alt bist und Lust hast, deine Fu\u00dfballskills zu verbessern, angelehnt an das Konzept unseres Nachwuchsleistungszentrums zu trainieren, innovative Trainingstechniken auszuprobieren, dabei noch richtig viel Spa\u00df zu haben und neue Freundschaften zu kn\u00fcpfen, dann nichts wie los und anmelden zu dem Powercamp beim TuS Eichholz Remmighausen.<br \/>\nAls Neuerung freuen wir uns im kommenden Jahr noch nachhaltiger zu sein als im Vorjahr!<\/p>\n<p>Die neuen Fu\u00dfballschulen-Trikotsets, die jede*r Teilnehmer*in zu Beginn des Camps erh\u00e4lt, sind original DIIY-Produkte, verpackt werden diese in Baumwoll-Turnbeutel und bei den Trinkflaschen haben wir auf Aluminium-Flaschen gewechselt.<br \/>\nKlingt gut? Dann sicher&#8216; Dir jetzt deinen Platz bei uns unter: https:\/\/fussballschule.fcstpauli.com\/de\/portal\/events<\/p>\n<p><img data-recalc-dims=\"1\" loading=\"lazy\" decoding=\"async\" data-attachment-id=\"15433\" data-permalink=\"https:\/\/www.tuseichholzremmighausen.de\/wordpress\/archives\/15432\/whatsapp-image-2021-11-09-at-16-18\" data-orig-file=\"https:\/\/i0.wp.com\/www.tuseichholzremmighausen.de\/wordpress\/wp-content\/uploads\/2021\/11\/WhatsApp-Image-2021-11-09-at-16.18.jpg?fit=1077%2C1079&amp;ssl=1\" data-orig-size=\"1077,1079\" data-comments-opened=\"0\" data-image-meta=\"{&quot;aperture&quot;:&quot;0&quot;,&quot;credit&quot;:&quot;&quot;,&quot;camera&quot;:&quot;&quot;,&quot;caption&quot;:&quot;&quot;,&quot;created_timestamp&quot;:&quot;0&quot;,&quot;copyright&quot;:&quot;&quot;,&quot;focal_length&quot;:&quot;0&quot;,&quot;iso&quot;:&quot;0&quot;,&quot;shutter_speed&quot;:&quot;0&quot;,&quot;title&quot;:&quot;&quot;,&quot;orientation&quot;:&quot;0&quot;}\" data-image-title=\"WhatsApp Image 2021-11-09 at 16.18\" data-image-description=\"\" data-image-caption=\"\" data-large-file=\"https:\/\/i0.wp.com\/www.tuseichholzremmighausen.de\/wordpress\/wp-content\/uploads\/2021\/11\/WhatsApp-Image-2021-11-09-at-16.18.jpg?fit=800%2C802&amp;ssl=1\" class=\"aligncenter wp-image-15433\" src=\"https:\/\/i0.wp.com\/www.tuseichholzremmighausen.de\/wordpress\/wp-content\/uploads\/2021\/11\/WhatsApp-Image-2021-11-09-at-16.18.jpg?resize=680%2C682&#038;ssl=1\" alt=\"\" width=\"680\" height=\"682\" srcset=\"https:\/\/i0.wp.com\/www.tuseichholzremmighausen.de\/wordpress\/wp-content\/uploads\/2021\/11\/WhatsApp-Image-2021-11-09-at-16.18.jpg?resize=1022%2C1024&amp;ssl=1 1022w, https:\/\/i0.wp.com\/www.tuseichholzremmighausen.de\/wordpress\/wp-content\/uploads\/2021\/11\/WhatsApp-Image-2021-11-09-at-16.18.jpg?resize=300%2C300&amp;ssl=1 300w, https:\/\/i0.wp.com\/www.tuseichholzremmighausen.de\/wordpress\/wp-content\/uploads\/2021\/11\/WhatsApp-Image-2021-11-09-at-16.18.jpg?resize=150%2C150&amp;ssl=1 150w, https:\/\/i0.wp.com\/www.tuseichholzremmighausen.de\/wordpress\/wp-content\/uploads\/2021\/11\/WhatsApp-Image-2021-11-09-at-16.18.jpg?resize=768%2C769&amp;ssl=1 768w, https:\/\/i0.wp.com\/www.tuseichholzremmighausen.de\/wordpress\/wp-content\/uploads\/2021\/11\/WhatsApp-Image-2021-11-09-at-16.18.jpg?resize=600%2C601&amp;ssl=1 600w, https:\/\/i0.wp.com\/www.tuseichholzremmighausen.de\/wordpress\/wp-content\/uploads\/2021\/11\/WhatsApp-Image-2021-11-09-at-16.18.jpg?resize=100%2C100&amp;ssl=1 100w, https:\/\/i0.wp.com\/www.tuseichholzremmighausen.de\/wordpress\/wp-content\/uploads\/2021\/11\/WhatsApp-Image-2021-11-09-at-16.18.jpg?w=1077&amp;ssl=1 1077w\" sizes=\"auto, (max-width: 680px) 100vw, 680px\" \/><\/p>\n<p>&nbsp;<\/p>\n<h3><strong>10.10-12.10.2022: Feldspieler und Torwart-Camp!<\/strong><\/h3>\n<p>Wenn Du zwischen 6 -13 Jahre alt bist und Lust hast, deine Fu\u00dfballskills zu verbessern, angelehnt an das Konzept unseres Nachwuchsleistungszentrums zu trainieren, innovative Trainingstechniken auszuprobieren, dabei noch richtig viel Spa\u00df zu haben und neue Freundschaften zu kn\u00fcpfen, dann nichts wie angemeldet zu dem Feldspieler- oder Torwartcamp beim TuS Eichholz Remmighausen.<br \/>\nAls Neuerung freuen wir uns im kommenden Jahr noch nachhaltiger zu sein als im Vorjahr!<br \/>\nDie neuen Fu\u00dfballschulen-Trikotsets, die jede*r Teilnehmer*in zu Beginn des Camps erh\u00e4lt, sind original DIIY-Produkte, verpackt werden diese in Baumwoll-Turnbeutel und bei den Trinkflaschen haben wir auf Aluminium-Flaschen gewechselt.Klingt gut? Dann sicher&#8216; Dir jetzt deinen Platz bei uns: https:\/\/fussballschule.fcstpauli.com\/de\/portal\/events<\/p>\n<p><img data-recalc-dims=\"1\" loading=\"lazy\" decoding=\"async\" data-attachment-id=\"15434\" data-permalink=\"https:\/\/www.tuseichholzremmighausen.de\/wordpress\/archives\/15432\/whatsapp-image-2021-11-09-at-16-17-21\" data-orig-file=\"https:\/\/i0.wp.com\/www.tuseichholzremmighausen.de\/wordpress\/wp-content\/uploads\/2021\/11\/WhatsApp-Image-2021-11-09-at-16.17.21.jpeg?fit=945%2C945&amp;ssl=1\" data-orig-size=\"945,945\" data-comments-opened=\"0\" data-image-meta=\"{&quot;aperture&quot;:&quot;0&quot;,&quot;credit&quot;:&quot;&quot;,&quot;camera&quot;:&quot;&quot;,&quot;caption&quot;:&quot;&quot;,&quot;created_timestamp&quot;:&quot;0&quot;,&quot;copyright&quot;:&quot;&quot;,&quot;focal_length&quot;:&quot;0&quot;,&quot;iso&quot;:&quot;0&quot;,&quot;shutter_speed&quot;:&quot;0&quot;,&quot;title&quot;:&quot;&quot;,&quot;orientation&quot;:&quot;0&quot;}\" data-image-title=\"WhatsApp Image 2021-11-09 at 16.17.21\" data-image-description=\"\" data-image-caption=\"\" data-large-file=\"https:\/\/i0.wp.com\/www.tuseichholzremmighausen.de\/wordpress\/wp-content\/uploads\/2021\/11\/WhatsApp-Image-2021-11-09-at-16.17.21.jpeg?fit=800%2C800&amp;ssl=1\" class=\"aligncenter size-full wp-image-15434\" src=\"https:\/\/i0.wp.com\/www.tuseichholzremmighausen.de\/wordpress\/wp-content\/uploads\/2021\/11\/WhatsApp-Image-2021-11-09-at-16.17.21.jpeg?resize=800%2C800&#038;ssl=1\" alt=\"\" width=\"800\" height=\"800\" srcset=\"https:\/\/i0.wp.com\/www.tuseichholzremmighausen.de\/wordpress\/wp-content\/uploads\/2021\/11\/WhatsApp-Image-2021-11-09-at-16.17.21.jpeg?w=945&amp;ssl=1 945w, https:\/\/i0.wp.com\/www.tuseichholzremmighausen.de\/wordpress\/wp-content\/uploads\/2021\/11\/WhatsApp-Image-2021-11-09-at-16.17.21.jpeg?resize=300%2C300&amp;ssl=1 300w, https:\/\/i0.wp.com\/www.tuseichholzremmighausen.de\/wordpress\/wp-content\/uploads\/2021\/11\/WhatsApp-Image-2021-11-09-at-16.17.21.jpeg?resize=150%2C150&amp;ssl=1 150w, https:\/\/i0.wp.com\/www.tuseichholzremmighausen.de\/wordpress\/wp-content\/uploads\/2021\/11\/WhatsApp-Image-2021-11-09-at-16.17.21.jpeg?resize=768%2C768&amp;ssl=1 768w, https:\/\/i0.wp.com\/www.tuseichholzremmighausen.de\/wordpress\/wp-content\/uploads\/2021\/11\/WhatsApp-Image-2021-11-09-at-16.17.21.jpeg?resize=600%2C600&amp;ssl=1 600w, https:\/\/i0.wp.com\/www.tuseichholzremmighausen.de\/wordpress\/wp-content\/uploads\/2021\/11\/WhatsApp-Image-2021-11-09-at-16.17.21.jpeg?resize=100%2C100&amp;ssl=1 100w\" sizes=\"auto, (max-width: 800px) 100vw, 800px\" \/><\/p>\n<p>&nbsp;<\/p>\n","protected":false},"excerpt":{"rendered":"<p>Auch im n\u00e4chsten Jahr kommen wieder die Rabauken zu uns. Der FC St. Pauli veranstaltet mit unserem TuS 2 Fu\u00dfball-Camps<\/p>\n","protected":false},"author":54,"featured_media":14708,"comment_status":"closed","ping_status":"open","sticky":false,"template":"","format":"standard","meta":{"colormag_page_container_layout":"default_layout","colormag_page_sidebar_layout":"default_layout","_jetpack_memberships_contains_paid_content":false,"footnotes":"","jetpack_publicize_message":"","jetpack_publicize_feature_enabled":true,"jetpack_social_post_already_shared":true,"jetpack_social_options":{"image_generator_settings":{"template":"highway","default_image_id":0,"font":"","enabled":false},"version":2}},"categories":[157],"tags":[],"class_list":["post-15432","post","type-post","status-publish","format-standard","has-post-thumbnail","hentry","category-archiv"],"jetpack_publicize_connections":[],"jetpack_featured_media_url":"https:\/\/i0.wp.com\/www.tuseichholzremmighausen.de\/wordpress\/wp-content\/uploads\/2021\/08\/IMG_1665-scaled-e1603220666616-1024x577-1.jpg?fit=1024%2C577&ssl=1","jetpack_sharing_enabled":true,"_links":{"self":[{"href":"https:\/\/www.tuseichholzremmighausen.de\/wordpress\/wp-json\/wp\/v2\/posts\/15432","targetHints":{"allow":["GET"]}}],"collection":[{"href":"https:\/\/www.tuseichholzremmighausen.de\/wordpress\/wp-json\/wp\/v2\/posts"}],"about":[{"href":"https:\/\/www.tuseichholzremmighausen.de\/wordpress\/wp-json\/wp\/v2\/types\/post"}],"author":[{"embeddable":true,"href":"https:\/\/www.tuseichholzremmighausen.de\/wordpress\/wp-json\/wp\/v2\/users\/54"}],"replies":[{"embeddable":true,"href":"https:\/\/www.tuseichholzremmighausen.de\/wordpress\/wp-json\/wp\/v2\/comments?post=15432"}],"version-history":[{"count":0,"href":"https:\/\/www.tuseichholzremmighausen.de\/wordpress\/wp-json\/wp\/v2\/posts\/15432\/revisions"}],"wp:featuredmedia":[{"embeddable":true,"href":"https:\/\/www.tuseichholzremmighausen.de\/wordpress\/wp-json\/wp\/v2\/media\/14708"}],"wp:attachment":[{"href":"https:\/\/www.tuseichholzremmighausen.de\/wordpress\/wp-json\/wp\/v2\/media?parent=15432"}],"wp:term":[{"taxonomy":"category","embeddable":true,"href":"https:\/\/www.tuseichholzremmighausen.de\/wordpress\/wp-json\/wp\/v2\/categories?post=15432"},{"taxonomy":"post_tag","embeddable":true,"href":"https:\/\/www.tuseichholzremmighausen.de\/wordpress\/wp-json\/wp\/v2\/tags?post=15432"}],"curies":[{"name":"wp","href":"https:\/\/api.w.org\/{rel}","templated":true}]}}