{"id":15513,"date":"2022-01-16T18:53:18","date_gmt":"2022-01-16T17:53:18","guid":{"rendered":"https:\/\/www.tuseichholzremmighausen.de\/wordpress\/?p=15513"},"modified":"2022-01-16T18:53:18","modified_gmt":"2022-01-16T17:53:18","slug":"herzlichen-dank-lieber-bernhard","status":"publish","type":"post","link":"https:\/\/www.tuseichholzremmighausen.de\/wordpress\/archives\/15513","title":{"rendered":"Herzlichen Dank, lieber Bernhard"},"content":{"rendered":"<figure id=\"attachment_15509\" aria-describedby=\"caption-attachment-15509\" style=\"width: 382px\" class=\"wp-caption aligncenter\"><a href=\"https:\/\/www.tuseichholzremmighausen.de\/wordpress\/archives\/15513\/bernhard_melchior\" rel=\"attachment wp-att-15509\"><img data-recalc-dims=\"1\" loading=\"lazy\" decoding=\"async\" data-attachment-id=\"15509\" data-permalink=\"https:\/\/www.tuseichholzremmighausen.de\/wordpress\/archives\/15513\/bernhard_melchior\" data-orig-file=\"https:\/\/i0.wp.com\/www.tuseichholzremmighausen.de\/wordpress\/wp-content\/uploads\/2022\/01\/Bernhard_Melchior-scaled.jpg?fit=1921%2C2560&amp;ssl=1\" data-orig-size=\"1921,2560\" data-comments-opened=\"0\" data-image-meta=\"{&quot;aperture&quot;:&quot;1.7&quot;,&quot;credit&quot;:&quot;&quot;,&quot;camera&quot;:&quot;SM-A405FN&quot;,&quot;caption&quot;:&quot;&quot;,&quot;created_timestamp&quot;:&quot;1642107109&quot;,&quot;copyright&quot;:&quot;&quot;,&quot;focal_length&quot;:&quot;3.92&quot;,&quot;iso&quot;:&quot;200&quot;,&quot;shutter_speed&quot;:&quot;0.04&quot;,&quot;title&quot;:&quot;&quot;,&quot;orientation&quot;:&quot;1&quot;}\" data-image-title=\"Bernhard_Melchior\" data-image-description=\"\" data-image-caption=\"&lt;p&gt;Bernhard Melchior&lt;\/p&gt;\n\" data-large-file=\"https:\/\/i0.wp.com\/www.tuseichholzremmighausen.de\/wordpress\/wp-content\/uploads\/2022\/01\/Bernhard_Melchior-scaled.jpg?fit=768%2C1024&amp;ssl=1\" class=\" wp-image-15509\" src=\"https:\/\/i0.wp.com\/www.tuseichholzremmighausen.de\/wordpress\/wp-content\/uploads\/2022\/01\/Bernhard_Melchior.jpg?resize=382%2C509&#038;ssl=1\" alt=\"\" width=\"382\" height=\"509\" srcset=\"https:\/\/i0.wp.com\/www.tuseichholzremmighausen.de\/wordpress\/wp-content\/uploads\/2022\/01\/Bernhard_Melchior-scaled.jpg?resize=225%2C300&amp;ssl=1 225w, https:\/\/i0.wp.com\/www.tuseichholzremmighausen.de\/wordpress\/wp-content\/uploads\/2022\/01\/Bernhard_Melchior-scaled.jpg?resize=768%2C1023&amp;ssl=1 768w, https:\/\/i0.wp.com\/www.tuseichholzremmighausen.de\/wordpress\/wp-content\/uploads\/2022\/01\/Bernhard_Melchior-scaled.jpg?resize=1153%2C1536&amp;ssl=1 1153w, https:\/\/i0.wp.com\/www.tuseichholzremmighausen.de\/wordpress\/wp-content\/uploads\/2022\/01\/Bernhard_Melchior-scaled.jpg?resize=1537%2C2048&amp;ssl=1 1537w, https:\/\/i0.wp.com\/www.tuseichholzremmighausen.de\/wordpress\/wp-content\/uploads\/2022\/01\/Bernhard_Melchior-scaled.jpg?resize=1320%2C1759&amp;ssl=1 1320w, https:\/\/i0.wp.com\/www.tuseichholzremmighausen.de\/wordpress\/wp-content\/uploads\/2022\/01\/Bernhard_Melchior-scaled.jpg?resize=600%2C800&amp;ssl=1 600w, https:\/\/i0.wp.com\/www.tuseichholzremmighausen.de\/wordpress\/wp-content\/uploads\/2022\/01\/Bernhard_Melchior-scaled.jpg?w=1921&amp;ssl=1 1921w, https:\/\/i0.wp.com\/www.tuseichholzremmighausen.de\/wordpress\/wp-content\/uploads\/2022\/01\/Bernhard_Melchior-scaled.jpg?w=1600&amp;ssl=1 1600w\" sizes=\"auto, (max-width: 382px) 100vw, 382px\" \/><\/a><figcaption id=\"caption-attachment-15509\" class=\"wp-caption-text\">Bernhard Melchior<\/figcaption><\/figure>\n<p style=\"text-align: center;\"><strong>\u00a0<\/strong><\/p>\n<p>&nbsp;<\/p>\n<p>Die\u00a0 Abteilungsversammlung der Schachabteilung Paulsen im TuS Eichholz-Remmighausen hatte einen ganz besonderen Anlass, der zum Abschluss unter \u201eVerschiedenes\u201c den alten und gleichzeitig neuen Vorsitzenden der Abteilung betraf.<\/p>\n<p>Ein wenig konnte man ihm die \u00dcberraschung anmerken, als der 2. Vorsitzende Michael Gro\u00df pl\u00f6tzlich zu einer W\u00fcrdigung und Dankesrede in dieser Runde ansetzte.<\/p>\n<p>Es ist hier ein ganz besonderer Mensch, denn ohne ihn w\u00fcrden wir hier alle gar nicht sitzen, denn keiner von uns wollte die Abteilungsf\u00fchrung \u00fcbernehmen.\u00a0 So begann er in seiner Laudatio \u00fcber Bernhard Melchior, der sich wegen seiner langj\u00e4hrigen und vielf\u00e4ltigen Verdienste f\u00fcr den Schachsport und langj\u00e4hrigen Vereinsarbeit im weiteren Verlauf nun so einiges anh\u00f6ren konnte. Weiter f\u00fchrte Michael aus: Nachdem Bernhard vor mehr als 55 Jahren das Schachspiel erlernte, erkannte er schon vor 50 Jahren, dass er auch Interesse an der Vorstandsarbeit hat und wurde danach abwechselnd in verschiedene \u00c4mter gew\u00e4hlt, unter anderem als Gesch\u00e4ftsf\u00fchrer der Schachgemeinschaft Detmold. Nicht zuletzt ist es ihm zu verdanken, dass es nach der Aufl\u00f6sung der SG Detmold mit dem Schachsport in Detmold weitergehen konnte. Nach langen Verhandlungen mit Detmolder Sportvereinen und einer Vertreterin des Landessportbundes wurde die L\u00f6sung in einem Beitritt als erg\u00e4nzende weitere Abteilung im TuS Eichholz-Remmighausen gefunden. Vorher war Bernhard 28 Jahre lang unter anderem als Mitglied des Hauptausschusses des Stadtsportverbandes Detmold t\u00e4tig. Seit 40 Jahren ist er ohne Unterbrechung Mannschaftsf\u00fchrer einer unserer Schachmannschaften.<\/p>\n<p>Mitglied des Schachbundes NRW ist er seit \u00fcber 50 Jahren! Er hat unz\u00e4hlige Spielausschuss-Sitzungen des Schachbezirks Lippe absolviert.<\/p>\n<p>Weiter ging es mit der Aufz\u00e4hlung zahlreicher Verdienste: Bernhard ist immer der erste, sei es an den Spielabenden oder bei Mannschaftsk\u00e4mpfen. Er hat die Schl\u00fcsselgewalt, sorgt f\u00fcr Getr\u00e4nke, das Auf- und Abbauen der Bretter, k\u00fcmmert sich um An- und Abmeldungen beim Schachbund NRW, Materialbeschaffung, Organisation von Feiern und Sportfesten, den ganzen Schriftverkehr und vieles andere mehr.<\/p>\n<p>Dann w\u00f6rtlich: Bernhard, du hast durch deine langj\u00e4hrige Arbeit und deinen unerm\u00fcdlichen Einsatz einen wertvollen Beitrag f\u00fcr unsere Gemeinschaft und das Ehrenamt geleistet! Deine \u00e4u\u00dferst ehrliche, gutm\u00fctige, freundliche, menschliche, soziale Lebensart, faire Spielweise und ehrenamtliche T\u00e4tigkeiten sind bewundernswert und du genie\u00dft in unserer Abteilung hohe Anerkennung.<\/p>\n<p>Nun als kleine Anerkennung von uns ein Dankesbrief!<\/p>\n<p>Als weitere Ehrung konnte Michael Gro\u00df Bernhard Melchior im Namen des Pr\u00e4sidenten des Schachbundes NRW einen Ehrenbrief f\u00fcr seine 50j\u00e4hrige Mitgliedschaft im Schachbund NRW \u00fcberreichen.<\/p>\n<p>Lieber Bernhard, wir gratulieren dir an dieser Stelle ganz herzlich und danken dir f\u00fcr deinen unerm\u00fcdlichen und selbstlosen Einsatz!<\/p>\n<p>&nbsp;<\/p>\n<p>&nbsp;<\/p>\n<p><a href=\"https:\/\/www.tuseichholzremmighausen.de\/wordpress\/ehrenbrief_melchior_2022\"> <img data-recalc-dims=\"1\" loading=\"lazy\" decoding=\"async\" data-attachment-id=\"15511\" data-permalink=\"https:\/\/www.tuseichholzremmighausen.de\/wordpress\/archives\/15513\/ehrenbrief_melchior_2022\" data-orig-file=\"https:\/\/i0.wp.com\/www.tuseichholzremmighausen.de\/wordpress\/wp-content\/uploads\/2022\/01\/Ehrenbrief_Melchior_2022-scaled.jpg?fit=1920%2C2560&amp;ssl=1\" data-orig-size=\"1920,2560\" data-comments-opened=\"0\" data-image-meta=\"{&quot;aperture&quot;:&quot;1.7&quot;,&quot;credit&quot;:&quot;&quot;,&quot;camera&quot;:&quot;SM-A405FN&quot;,&quot;caption&quot;:&quot;&quot;,&quot;created_timestamp&quot;:&quot;1642106945&quot;,&quot;copyright&quot;:&quot;&quot;,&quot;focal_length&quot;:&quot;3.92&quot;,&quot;iso&quot;:&quot;160&quot;,&quot;shutter_speed&quot;:&quot;0.02&quot;,&quot;title&quot;:&quot;&quot;,&quot;orientation&quot;:&quot;1&quot;}\" data-image-title=\"Ehrenbrief_Melchior_2022\" data-image-description=\"\" data-image-caption=\"\" data-large-file=\"https:\/\/i0.wp.com\/www.tuseichholzremmighausen.de\/wordpress\/wp-content\/uploads\/2022\/01\/Ehrenbrief_Melchior_2022-scaled.jpg?fit=768%2C1024&amp;ssl=1\" class=\"wp-image-15511 alignright\" src=\"https:\/\/i0.wp.com\/www.tuseichholzremmighausen.de\/wordpress\/wp-content\/uploads\/2022\/01\/Ehrenbrief_Melchior_2022.jpg?resize=308%2C410&#038;ssl=1\" alt=\"\" width=\"308\" height=\"410\" srcset=\"https:\/\/i0.wp.com\/www.tuseichholzremmighausen.de\/wordpress\/wp-content\/uploads\/2022\/01\/Ehrenbrief_Melchior_2022-scaled.jpg?resize=225%2C300&amp;ssl=1 225w, https:\/\/i0.wp.com\/www.tuseichholzremmighausen.de\/wordpress\/wp-content\/uploads\/2022\/01\/Ehrenbrief_Melchior_2022-scaled.jpg?resize=768%2C1024&amp;ssl=1 768w, https:\/\/i0.wp.com\/www.tuseichholzremmighausen.de\/wordpress\/wp-content\/uploads\/2022\/01\/Ehrenbrief_Melchior_2022-scaled.jpg?resize=1152%2C1536&amp;ssl=1 1152w, https:\/\/i0.wp.com\/www.tuseichholzremmighausen.de\/wordpress\/wp-content\/uploads\/2022\/01\/Ehrenbrief_Melchior_2022-scaled.jpg?resize=1536%2C2048&amp;ssl=1 1536w, https:\/\/i0.wp.com\/www.tuseichholzremmighausen.de\/wordpress\/wp-content\/uploads\/2022\/01\/Ehrenbrief_Melchior_2022-scaled.jpg?resize=1320%2C1760&amp;ssl=1 1320w, https:\/\/i0.wp.com\/www.tuseichholzremmighausen.de\/wordpress\/wp-content\/uploads\/2022\/01\/Ehrenbrief_Melchior_2022-scaled.jpg?resize=600%2C800&amp;ssl=1 600w, https:\/\/i0.wp.com\/www.tuseichholzremmighausen.de\/wordpress\/wp-content\/uploads\/2022\/01\/Ehrenbrief_Melchior_2022-scaled.jpg?w=1920&amp;ssl=1 1920w, https:\/\/i0.wp.com\/www.tuseichholzremmighausen.de\/wordpress\/wp-content\/uploads\/2022\/01\/Ehrenbrief_Melchior_2022-scaled.jpg?w=1600&amp;ssl=1 1600w\" sizes=\"auto, (max-width: 308px) 100vw, 308px\" \/><\/a><a href=\"https:\/\/www.tuseichholzremmighausen.de\/wordpress\/?attachment_id=15510\" rel=\"attachment wp-att-15510\"><img data-recalc-dims=\"1\" loading=\"lazy\" decoding=\"async\" data-attachment-id=\"15510\" data-permalink=\"https:\/\/www.tuseichholzremmighausen.de\/wordpress\/?attachment_id=15510\" data-orig-file=\"https:\/\/i0.wp.com\/www.tuseichholzremmighausen.de\/wordpress\/wp-content\/uploads\/2022\/01\/Urkunde_Melchior_2022-scaled.jpg?fit=1920%2C2560&amp;ssl=1\" data-orig-size=\"1920,2560\" data-comments-opened=\"0\" data-image-meta=\"{&quot;aperture&quot;:&quot;1.7&quot;,&quot;credit&quot;:&quot;&quot;,&quot;camera&quot;:&quot;SM-A405FN&quot;,&quot;caption&quot;:&quot;&quot;,&quot;created_timestamp&quot;:&quot;1642106504&quot;,&quot;copyright&quot;:&quot;&quot;,&quot;focal_length&quot;:&quot;3.92&quot;,&quot;iso&quot;:&quot;250&quot;,&quot;shutter_speed&quot;:&quot;0.04&quot;,&quot;title&quot;:&quot;&quot;,&quot;orientation&quot;:&quot;1&quot;}\" data-image-title=\"Urkunde_Melchior_2022\" data-image-description=\"\" data-image-caption=\"\" data-large-file=\"https:\/\/i0.wp.com\/www.tuseichholzremmighausen.de\/wordpress\/wp-content\/uploads\/2022\/01\/Urkunde_Melchior_2022-scaled.jpg?fit=768%2C1024&amp;ssl=1\" class=\" wp-image-15510 alignleft\" src=\"https:\/\/i0.wp.com\/www.tuseichholzremmighausen.de\/wordpress\/wp-content\/uploads\/2022\/01\/Urkunde_Melchior_2022.jpg?resize=300%2C400&#038;ssl=1\" alt=\"\" width=\"300\" height=\"400\" srcset=\"https:\/\/i0.wp.com\/www.tuseichholzremmighausen.de\/wordpress\/wp-content\/uploads\/2022\/01\/Urkunde_Melchior_2022-scaled.jpg?resize=225%2C300&amp;ssl=1 225w, https:\/\/i0.wp.com\/www.tuseichholzremmighausen.de\/wordpress\/wp-content\/uploads\/2022\/01\/Urkunde_Melchior_2022-scaled.jpg?resize=768%2C1024&amp;ssl=1 768w, https:\/\/i0.wp.com\/www.tuseichholzremmighausen.de\/wordpress\/wp-content\/uploads\/2022\/01\/Urkunde_Melchior_2022-scaled.jpg?resize=1152%2C1536&amp;ssl=1 1152w, https:\/\/i0.wp.com\/www.tuseichholzremmighausen.de\/wordpress\/wp-content\/uploads\/2022\/01\/Urkunde_Melchior_2022-scaled.jpg?resize=1536%2C2048&amp;ssl=1 1536w, https:\/\/i0.wp.com\/www.tuseichholzremmighausen.de\/wordpress\/wp-content\/uploads\/2022\/01\/Urkunde_Melchior_2022-scaled.jpg?resize=1320%2C1760&amp;ssl=1 1320w, https:\/\/i0.wp.com\/www.tuseichholzremmighausen.de\/wordpress\/wp-content\/uploads\/2022\/01\/Urkunde_Melchior_2022-scaled.jpg?resize=600%2C800&amp;ssl=1 600w, https:\/\/i0.wp.com\/www.tuseichholzremmighausen.de\/wordpress\/wp-content\/uploads\/2022\/01\/Urkunde_Melchior_2022-scaled.jpg?w=1920&amp;ssl=1 1920w, https:\/\/i0.wp.com\/www.tuseichholzremmighausen.de\/wordpress\/wp-content\/uploads\/2022\/01\/Urkunde_Melchior_2022-scaled.jpg?w=1600&amp;ssl=1 1600w\" sizes=\"auto, (max-width: 300px) 100vw, 300px\" \/><\/a><\/p>\n","protected":false},"excerpt":{"rendered":"<p>\u00a0 &nbsp; Die\u00a0 Abteilungsversammlung der Schachabteilung Paulsen im TuS Eichholz-Remmighausen hatte einen ganz besonderen Anlass, der zum Abschluss unter \u201eVerschiedenes\u201c<\/p>\n","protected":false},"author":40,"featured_media":13170,"comment_status":"closed","ping_status":"open","sticky":false,"template":"","format":"standard","meta":{"colormag_page_container_layout":"default_layout","colormag_page_sidebar_layout":"default_layout","_jetpack_memberships_contains_paid_content":false,"footnotes":"","jetpack_publicize_message":"","jetpack_publicize_feature_enabled":true,"jetpack_social_post_already_shared":true,"jetpack_social_options":{"image_generator_settings":{"template":"highway","default_image_id":0,"font":"","enabled":false},"version":2}},"categories":[157,58,165],"tags":[],"class_list":["post-15513","post","type-post","status-publish","format-standard","has-post-thumbnail","hentry","category-archiv","category-schach-aktuell","category-startseite-ohne-fb"],"jetpack_publicize_connections":[],"jetpack_featured_media_url":"https:\/\/i0.wp.com\/www.tuseichholzremmighausen.de\/wordpress\/wp-content\/uploads\/2020\/03\/schach_text.jpg?fit=800%2C445&ssl=1","jetpack_sharing_enabled":true,"_links":{"self":[{"href":"https:\/\/www.tuseichholzremmighausen.de\/wordpress\/wp-json\/wp\/v2\/posts\/15513","targetHints":{"allow":["GET"]}}],"collection":[{"href":"https:\/\/www.tuseichholzremmighausen.de\/wordpress\/wp-json\/wp\/v2\/posts"}],"about":[{"href":"https:\/\/www.tuseichholzremmighausen.de\/wordpress\/wp-json\/wp\/v2\/types\/post"}],"author":[{"embeddable":true,"href":"https:\/\/www.tuseichholzremmighausen.de\/wordpress\/wp-json\/wp\/v2\/users\/40"}],"replies":[{"embeddable":true,"href":"https:\/\/www.tuseichholzremmighausen.de\/wordpress\/wp-json\/wp\/v2\/comments?post=15513"}],"version-history":[{"count":0,"href":"https:\/\/www.tuseichholzremmighausen.de\/wordpress\/wp-json\/wp\/v2\/posts\/15513\/revisions"}],"wp:featuredmedia":[{"embeddable":true,"href":"https:\/\/www.tuseichholzremmighausen.de\/wordpress\/wp-json\/wp\/v2\/media\/13170"}],"wp:attachment":[{"href":"https:\/\/www.tuseichholzremmighausen.de\/wordpress\/wp-json\/wp\/v2\/media?parent=15513"}],"wp:term":[{"taxonomy":"category","embeddable":true,"href":"https:\/\/www.tuseichholzremmighausen.de\/wordpress\/wp-json\/wp\/v2\/categories?post=15513"},{"taxonomy":"post_tag","embeddable":true,"href":"https:\/\/www.tuseichholzremmighausen.de\/wordpress\/wp-json\/wp\/v2\/tags?post=15513"}],"curies":[{"name":"wp","href":"https:\/\/api.w.org\/{rel}","templated":true}]}}