{"id":15878,"date":"2022-04-06T20:40:21","date_gmt":"2022-04-06T18:40:21","guid":{"rendered":"https:\/\/www.tuseichholzremmighausen.de\/wordpress\/?p=15878"},"modified":"2022-04-06T20:40:21","modified_gmt":"2022-04-06T18:40:21","slug":"ein-tag-mit-der-inklusion","status":"publish","type":"post","link":"https:\/\/www.tuseichholzremmighausen.de\/wordpress\/archives\/15878","title":{"rendered":"Ein Tag mit der Inklusion"},"content":{"rendered":"<p><span style=\"font-size: large;\">Am Sonntag den 3.April ist die Inklusionsmannschaft des Tus Eichholz Remmighausen zu einem Turnier in Ibbenb\u00fcren bei den Ibbenb\u00fcrener Kickers eingeladen worden.Man hat sich fr\u00fch morgens <span dir=\"ltr\">um 8.15Uhr<\/span> getroffen und es ging dann mit 4Autos (11Spieler ,Trainer\/Betreuer und Zuschauer auf den Weg.Man hat einmal eine kurze \u201ePinkelpause\u201c gemacht und dann ging es weiter.Man hat die knapp 120km in gut anderthalb Std erreicht.Nach kurzer Impfpass Kontrolle ging es in die Kabine zum umziehen.<\/span><\/p>\n<p><span style=\"font-size: large;\">Nach dem umziehen ging es zur Begr\u00fc\u00dfung wo alle Mannschaften von den Verantwortlichen der Ibbenb\u00fcrener Kickers herzlichst begr\u00fc\u00dft wurden und danach sollten die Spiele beginnen.Dann stellte sich aber heraus das in der \u201ekleinen Halle\u201c aus Sicherheitsgr\u00fcnden nicht gespielt werden konnte.Alle Trainer kamen dann zu einer kleinen Besprechung zusammen und man einigte sich darauf,das alle Spiele der \u201ekleinen Spieler und gro\u00dfen Spieler \u201c dann doch in der gro\u00dfen Kreissporthalle Ibbenb\u00fcren stattfinden konnte.Der Spielplan wurde dann ein bisschen umge\u00e4ndert.Das Turnier war dann zeitgleich auch der erste Auftritt der Inklusionsmannschaft in der Halle.Dann konnte es also losgehen.<\/span><\/p>\n<p><img data-recalc-dims=\"1\" loading=\"lazy\" decoding=\"async\" data-attachment-id=\"15879\" data-permalink=\"https:\/\/www.tuseichholzremmighausen.de\/wordpress\/archives\/15878\/992d4617-27a1-4c22-9a8c-bf569a76a844\" data-orig-file=\"https:\/\/i0.wp.com\/www.tuseichholzremmighausen.de\/wordpress\/wp-content\/uploads\/2022\/04\/992D4617-27A1-4C22-9A8C-BF569A76A844.jpeg?fit=2000%2C1500&amp;ssl=1\" data-orig-size=\"2000,1500\" data-comments-opened=\"0\" data-image-meta=\"{&quot;aperture&quot;:&quot;0&quot;,&quot;credit&quot;:&quot;&quot;,&quot;camera&quot;:&quot;&quot;,&quot;caption&quot;:&quot;&quot;,&quot;created_timestamp&quot;:&quot;0&quot;,&quot;copyright&quot;:&quot;&quot;,&quot;focal_length&quot;:&quot;0&quot;,&quot;iso&quot;:&quot;0&quot;,&quot;shutter_speed&quot;:&quot;0&quot;,&quot;title&quot;:&quot;&quot;,&quot;orientation&quot;:&quot;0&quot;}\" data-image-title=\"992D4617-27A1-4C22-9A8C-BF569A76A844\" data-image-description=\"\" data-image-caption=\"\" data-large-file=\"https:\/\/i0.wp.com\/www.tuseichholzremmighausen.de\/wordpress\/wp-content\/uploads\/2022\/04\/992D4617-27A1-4C22-9A8C-BF569A76A844.jpeg?fit=800%2C600&amp;ssl=1\" class=\"aligncenter size-large wp-image-15879\" src=\"https:\/\/i0.wp.com\/www.tuseichholzremmighausen.de\/wordpress\/wp-content\/uploads\/2022\/04\/992D4617-27A1-4C22-9A8C-BF569A76A844.jpeg?resize=800%2C600&#038;ssl=1\" alt=\"\" width=\"800\" height=\"600\" srcset=\"https:\/\/i0.wp.com\/www.tuseichholzremmighausen.de\/wordpress\/wp-content\/uploads\/2022\/04\/992D4617-27A1-4C22-9A8C-BF569A76A844.jpeg?resize=1024%2C768&amp;ssl=1 1024w, https:\/\/i0.wp.com\/www.tuseichholzremmighausen.de\/wordpress\/wp-content\/uploads\/2022\/04\/992D4617-27A1-4C22-9A8C-BF569A76A844.jpeg?resize=300%2C225&amp;ssl=1 300w, https:\/\/i0.wp.com\/www.tuseichholzremmighausen.de\/wordpress\/wp-content\/uploads\/2022\/04\/992D4617-27A1-4C22-9A8C-BF569A76A844.jpeg?resize=768%2C576&amp;ssl=1 768w, https:\/\/i0.wp.com\/www.tuseichholzremmighausen.de\/wordpress\/wp-content\/uploads\/2022\/04\/992D4617-27A1-4C22-9A8C-BF569A76A844.jpeg?resize=1536%2C1152&amp;ssl=1 1536w, https:\/\/i0.wp.com\/www.tuseichholzremmighausen.de\/wordpress\/wp-content\/uploads\/2022\/04\/992D4617-27A1-4C22-9A8C-BF569A76A844.jpeg?resize=1320%2C990&amp;ssl=1 1320w, https:\/\/i0.wp.com\/www.tuseichholzremmighausen.de\/wordpress\/wp-content\/uploads\/2022\/04\/992D4617-27A1-4C22-9A8C-BF569A76A844.jpeg?resize=600%2C450&amp;ssl=1 600w, https:\/\/i0.wp.com\/www.tuseichholzremmighausen.de\/wordpress\/wp-content\/uploads\/2022\/04\/992D4617-27A1-4C22-9A8C-BF569A76A844.jpeg?w=2000&amp;ssl=1 2000w, https:\/\/i0.wp.com\/www.tuseichholzremmighausen.de\/wordpress\/wp-content\/uploads\/2022\/04\/992D4617-27A1-4C22-9A8C-BF569A76A844.jpeg?w=1600&amp;ssl=1 1600w\" sizes=\"auto, (max-width: 800px) 100vw, 800px\" \/><\/p>\n<p><span style=\"font-size: large;\">Anschlie\u00dfend ging es zum aufw\u00e4rmen was Trainer Julian Stadtler leitete und dann die Aufstellung bekanntgab.<\/span><\/p>\n<p><span style=\"font-size: large;\">Es spielten 1Torwart und 5Feldspieler.<\/span><\/p>\n<p><span style=\"font-size: large;\">Spiel 1 (1:1) und Spiel 2 (2:2) ging jeweils unentschieden aus.Man spielte sich gute Torchancen heraus aber leider reichte es in beiden Spielen nicht zum Sieg.<\/span><\/p>\n<p>&nbsp;<\/p>\n<p><span style=\"font-size: large;\">Spiel 3 ( 1:0) und Spiel 4 ( 3:1 ) wurden dann nach sehr guter Mannschaftsleistung gewonnen.Jeder k\u00e4mpfte f\u00fcr jeden.<\/span><\/p>\n<p>&nbsp;<\/p>\n<p><span style=\"font-size: large;\">Spiel 5 ging leider durch ein Eigentor verloren.<\/span><\/p>\n<p>&nbsp;<\/p>\n<p><span style=\"font-size: large;\">Aber das war den Spielern egal.<br \/>\nDer Spa\u00df stand wie immer im Vordergrund und es kam jeder zu seiner Spielzeit.<\/span><\/p>\n<p>&nbsp;<\/p>\n<p><span style=\"font-size: large;\">Nach den Spielen wurden alle Spieler von den Verantwortlichen der Ibbenb\u00fcrener Kickers f\u00fcr die Fairness und den sehr torhungrigen Spielen gelobt.Die Mannschaften sollen weiter den Spa\u00df am Fussball beibehalten.Wiedersehen wird man sich bei dem ein oder anderen Turnier bestimmt in der n\u00e4chsten Zeit.<\/span><\/p>\n<p><span style=\"font-size: large;\">N\u00e4chstes Jahr soll wieder ein Turnier da stattfinden und wir wurden eingeladen.<\/span><\/p>\n<p>&nbsp;<\/p>\n<p><span style=\"font-size: large;\">Kleines fazit vom Trainer Julian :<\/span><\/p>\n<p>&nbsp;<\/p>\n<p><span style=\"font-size: large;\">F\u00fcr das erste Turnier in der Halle hat die Mannschaft das sehr gut gemacht.Man kann an die Spiele der Mannschaft aufbauen in den n\u00e4chsten Monaten.<\/span><\/p>\n<p>&nbsp;<\/p>\n<div>&nbsp;<\/div>\n","protected":false},"excerpt":{"rendered":"<p>Am Sonntag den 3.April ist die Inklusionsmannschaft des Tus Eichholz Remmighausen zu einem Turnier in Ibbenb\u00fcren bei den Ibbenb\u00fcrener Kickers<\/p>\n","protected":false},"author":54,"featured_media":15880,"comment_status":"closed","ping_status":"open","sticky":false,"template":"","format":"standard","meta":{"colormag_page_container_layout":"default_layout","colormag_page_sidebar_layout":"default_layout","_jetpack_memberships_contains_paid_content":false,"footnotes":"","jetpack_publicize_message":"","jetpack_publicize_feature_enabled":true,"jetpack_social_post_already_shared":true,"jetpack_social_options":{"image_generator_settings":{"template":"highway","default_image_id":0,"font":"","enabled":false},"version":2}},"categories":[157,159,250],"tags":[],"class_list":["post-15878","post","type-post","status-publish","format-standard","has-post-thumbnail","hentry","category-archiv","category-fb-senioren-aktuell","category-inklusion"],"jetpack_publicize_connections":[],"jetpack_featured_media_url":"https:\/\/i0.wp.com\/www.tuseichholzremmighausen.de\/wordpress\/wp-content\/uploads\/2022\/04\/3991E2C9-2B8A-4132-9336-C201B8C3A6C5.jpeg?fit=1600%2C1200&ssl=1","jetpack_sharing_enabled":true,"_links":{"self":[{"href":"https:\/\/www.tuseichholzremmighausen.de\/wordpress\/wp-json\/wp\/v2\/posts\/15878","targetHints":{"allow":["GET"]}}],"collection":[{"href":"https:\/\/www.tuseichholzremmighausen.de\/wordpress\/wp-json\/wp\/v2\/posts"}],"about":[{"href":"https:\/\/www.tuseichholzremmighausen.de\/wordpress\/wp-json\/wp\/v2\/types\/post"}],"author":[{"embeddable":true,"href":"https:\/\/www.tuseichholzremmighausen.de\/wordpress\/wp-json\/wp\/v2\/users\/54"}],"replies":[{"embeddable":true,"href":"https:\/\/www.tuseichholzremmighausen.de\/wordpress\/wp-json\/wp\/v2\/comments?post=15878"}],"version-history":[{"count":0,"href":"https:\/\/www.tuseichholzremmighausen.de\/wordpress\/wp-json\/wp\/v2\/posts\/15878\/revisions"}],"wp:featuredmedia":[{"embeddable":true,"href":"https:\/\/www.tuseichholzremmighausen.de\/wordpress\/wp-json\/wp\/v2\/media\/15880"}],"wp:attachment":[{"href":"https:\/\/www.tuseichholzremmighausen.de\/wordpress\/wp-json\/wp\/v2\/media?parent=15878"}],"wp:term":[{"taxonomy":"category","embeddable":true,"href":"https:\/\/www.tuseichholzremmighausen.de\/wordpress\/wp-json\/wp\/v2\/categories?post=15878"},{"taxonomy":"post_tag","embeddable":true,"href":"https:\/\/www.tuseichholzremmighausen.de\/wordpress\/wp-json\/wp\/v2\/tags?post=15878"}],"curies":[{"name":"wp","href":"https:\/\/api.w.org\/{rel}","templated":true}]}}