{"id":16007,"date":"2022-04-29T09:08:59","date_gmt":"2022-04-29T07:08:59","guid":{"rendered":"https:\/\/www.tuseichholzremmighausen.de\/wordpress\/?p=16007"},"modified":"2022-04-29T09:16:17","modified_gmt":"2022-04-29T07:16:17","slug":"memories-das-leben-ist-eine-sammlung-von-erinnerungen","status":"publish","type":"post","link":"https:\/\/www.tuseichholzremmighausen.de\/wordpress\/archives\/16007","title":{"rendered":"Memories &#8211; das Leben ist eine Sammlung von Erinnerungen"},"content":{"rendered":"<p>Die 11 M\u00e4dchen im Alter von 7 bis 9 Jahren tanzen nun schon seit Beginn des Jahres 2020 jeden Montag von 16 bis 17 Uhr gemeinsam in der Sporthalle in Remmighausen.\u00a0Ihre Trainerinnen sind Lara Grote\u00a0und Marie Ebeling, die beide schon langj\u00e4hrige T\u00e4nzerrinnen der Gruppe \u201eMariposa\u201c sind.<\/p>\n<h5><span style=\"color: #008000;\">Vor kurzem fand die Namensgebung der Gruppe statt.<\/span><\/h5>\n<p><img data-recalc-dims=\"1\" loading=\"lazy\" decoding=\"async\" data-attachment-id=\"16009\" data-permalink=\"https:\/\/www.tuseichholzremmighausen.de\/wordpress\/archives\/16007\/tus-er-memories-namensfeier-2022-02\" data-orig-file=\"https:\/\/i0.wp.com\/www.tuseichholzremmighausen.de\/wordpress\/wp-content\/uploads\/2022\/04\/tus-er-memories-namensfeier-2022-02.jpg?fit=1536%2C1442&amp;ssl=1\" data-orig-size=\"1536,1442\" data-comments-opened=\"0\" data-image-meta=\"{&quot;aperture&quot;:&quot;0&quot;,&quot;credit&quot;:&quot;&quot;,&quot;camera&quot;:&quot;&quot;,&quot;caption&quot;:&quot;&quot;,&quot;created_timestamp&quot;:&quot;0&quot;,&quot;copyright&quot;:&quot;&quot;,&quot;focal_length&quot;:&quot;0&quot;,&quot;iso&quot;:&quot;0&quot;,&quot;shutter_speed&quot;:&quot;0&quot;,&quot;title&quot;:&quot;&quot;,&quot;orientation&quot;:&quot;0&quot;}\" data-image-title=\"tus-er-memories-namensfeier-2022-02\" data-image-description=\"&lt;p&gt;Platzhalter&lt;\/p&gt;\n\" data-image-caption=\"\" data-large-file=\"https:\/\/i0.wp.com\/www.tuseichholzremmighausen.de\/wordpress\/wp-content\/uploads\/2022\/04\/tus-er-memories-namensfeier-2022-02.jpg?fit=800%2C751&amp;ssl=1\" class=\"wp-image-16009 alignleft\" src=\"https:\/\/i0.wp.com\/www.tuseichholzremmighausen.de\/wordpress\/wp-content\/uploads\/2022\/04\/tus-er-memories-namensfeier-2022-02.jpg?resize=190%2C179&#038;ssl=1\" alt=\"\" width=\"190\" height=\"179\" srcset=\"https:\/\/i0.wp.com\/www.tuseichholzremmighausen.de\/wordpress\/wp-content\/uploads\/2022\/04\/tus-er-memories-namensfeier-2022-02.jpg?resize=300%2C282&amp;ssl=1 300w, https:\/\/i0.wp.com\/www.tuseichholzremmighausen.de\/wordpress\/wp-content\/uploads\/2022\/04\/tus-er-memories-namensfeier-2022-02.jpg?resize=1024%2C961&amp;ssl=1 1024w, https:\/\/i0.wp.com\/www.tuseichholzremmighausen.de\/wordpress\/wp-content\/uploads\/2022\/04\/tus-er-memories-namensfeier-2022-02.jpg?resize=768%2C721&amp;ssl=1 768w, https:\/\/i0.wp.com\/www.tuseichholzremmighausen.de\/wordpress\/wp-content\/uploads\/2022\/04\/tus-er-memories-namensfeier-2022-02.jpg?resize=1320%2C1239&amp;ssl=1 1320w, https:\/\/i0.wp.com\/www.tuseichholzremmighausen.de\/wordpress\/wp-content\/uploads\/2022\/04\/tus-er-memories-namensfeier-2022-02.jpg?resize=600%2C563&amp;ssl=1 600w, https:\/\/i0.wp.com\/www.tuseichholzremmighausen.de\/wordpress\/wp-content\/uploads\/2022\/04\/tus-er-memories-namensfeier-2022-02.jpg?w=1536&amp;ssl=1 1536w\" sizes=\"auto, (max-width: 190px) 100vw, 190px\" \/>Erinnerungen. Wir sammeln sie an jeder Ecke unseres Lebens und das nat\u00fcrlich auch beim Tanzen. Davon haben Lara und Marie in den letzten Jahren eine Menge sammeln k\u00f6nnen, weshalb sie\u00a0den Gruppennamen \u201eMemories\u201c ausgew\u00e4hlt haben.<br \/>\nDie beiden verbinden das Tanzen mit einer Vielzahl von Erinnerungen und w\u00fcnschen sich das Gleiche f\u00fcr ihre M\u00e4dels.<\/p>\n<p>Die ersten gemeinsamen Momente konnten schon bei der aufregenden Namensgebung der Gruppe festgehalten werden mit einer kleinen leckeren \u00dcberraschung f\u00fcr alle.<\/p>\n<p>Durch die momentane Corona Lage hat sich die Gruppe nat\u00fcrlich nicht abhalten lassen, mit dem Tanzen durchzustarten, jedoch gab es noch keine Gelegenheit, das Talent\u00a0vor gro\u00dfem Publikum vorzuf\u00fchren.<br \/>\nF\u00fcr die Zukunft erhoffen sich Lara und Marie, dass dies bald m\u00f6glich wird und die \u201eMemories\u201c viele sch\u00f6ne Momente erleben, die sie schlie\u00dflich in Erinnerung behalten\u00a0k\u00f6nnen.<\/p>\n<h5><span style=\"color: #008000;\">\u201eDenn Erinnerungen bleiben f\u00fcr die Ewigkeit!\u201c<\/span><\/h5>\n","protected":false},"excerpt":{"rendered":"<p>Die 11 M\u00e4dchen im Alter von 7 bis 9 Jahren tanzen nun schon seit Beginn des Jahres 2020 jeden Montag<\/p>\n","protected":false},"author":52,"featured_media":16008,"comment_status":"closed","ping_status":"open","sticky":false,"template":"","format":"standard","meta":{"colormag_page_container_layout":"default_layout","colormag_page_sidebar_layout":"default_layout","_jetpack_memberships_contains_paid_content":false,"footnotes":"","jetpack_publicize_message":"","jetpack_publicize_feature_enabled":true,"jetpack_social_post_already_shared":true,"jetpack_social_options":{"image_generator_settings":{"template":"highway","default_image_id":0,"font":"","enabled":false},"version":2}},"categories":[157,165,65,60,162],"tags":[],"class_list":["post-16007","post","type-post","status-publish","format-standard","has-post-thumbnail","hentry","category-archiv","category-startseite-ohne-fb","category-tanzen_aktuell","category-tul-aktuell","category-tus-aktuell"],"jetpack_publicize_connections":[],"jetpack_featured_media_url":"https:\/\/i0.wp.com\/www.tuseichholzremmighausen.de\/wordpress\/wp-content\/uploads\/2022\/04\/tus-er-memories-namensfeier-2022-01.jpg?fit=1600%2C1200&ssl=1","jetpack_sharing_enabled":true,"_links":{"self":[{"href":"https:\/\/www.tuseichholzremmighausen.de\/wordpress\/wp-json\/wp\/v2\/posts\/16007","targetHints":{"allow":["GET"]}}],"collection":[{"href":"https:\/\/www.tuseichholzremmighausen.de\/wordpress\/wp-json\/wp\/v2\/posts"}],"about":[{"href":"https:\/\/www.tuseichholzremmighausen.de\/wordpress\/wp-json\/wp\/v2\/types\/post"}],"author":[{"embeddable":true,"href":"https:\/\/www.tuseichholzremmighausen.de\/wordpress\/wp-json\/wp\/v2\/users\/52"}],"replies":[{"embeddable":true,"href":"https:\/\/www.tuseichholzremmighausen.de\/wordpress\/wp-json\/wp\/v2\/comments?post=16007"}],"version-history":[{"count":0,"href":"https:\/\/www.tuseichholzremmighausen.de\/wordpress\/wp-json\/wp\/v2\/posts\/16007\/revisions"}],"wp:featuredmedia":[{"embeddable":true,"href":"https:\/\/www.tuseichholzremmighausen.de\/wordpress\/wp-json\/wp\/v2\/media\/16008"}],"wp:attachment":[{"href":"https:\/\/www.tuseichholzremmighausen.de\/wordpress\/wp-json\/wp\/v2\/media?parent=16007"}],"wp:term":[{"taxonomy":"category","embeddable":true,"href":"https:\/\/www.tuseichholzremmighausen.de\/wordpress\/wp-json\/wp\/v2\/categories?post=16007"},{"taxonomy":"post_tag","embeddable":true,"href":"https:\/\/www.tuseichholzremmighausen.de\/wordpress\/wp-json\/wp\/v2\/tags?post=16007"}],"curies":[{"name":"wp","href":"https:\/\/api.w.org\/{rel}","templated":true}]}}