{"id":16037,"date":"2022-05-01T12:07:20","date_gmt":"2022-05-01T10:07:20","guid":{"rendered":"https:\/\/www.tuseichholzremmighausen.de\/wordpress\/?p=16037"},"modified":"2022-05-01T12:07:20","modified_gmt":"2022-05-01T10:07:20","slug":"33-juniorinnen-beim-sc-wiedenbrueck-im-ligapokal-gefordert","status":"publish","type":"post","link":"https:\/\/www.tuseichholzremmighausen.de\/wordpress\/archives\/16037","title":{"rendered":"3:3 &#8211; Juniorinnen beim SC Wiedenbr\u00fcck im Ligapokal gefordert"},"content":{"rendered":"<p><img data-recalc-dims=\"1\" loading=\"lazy\" decoding=\"async\" data-attachment-id=\"16039\" data-permalink=\"https:\/\/www.tuseichholzremmighausen.de\/wordpress\/archives\/16037\/5i1a7728\" data-orig-file=\"https:\/\/i0.wp.com\/www.tuseichholzremmighausen.de\/wordpress\/wp-content\/uploads\/2022\/05\/5I1A7728.jpg?fit=1200%2C675&amp;ssl=1\" data-orig-size=\"1200,675\" data-comments-opened=\"0\" data-image-meta=\"{&quot;aperture&quot;:&quot;4&quot;,&quot;credit&quot;:&quot;Rolf Gehrke&quot;,&quot;camera&quot;:&quot;Canon EOS R6&quot;,&quot;caption&quot;:&quot;&quot;,&quot;created_timestamp&quot;:&quot;1651329382&quot;,&quot;copyright&quot;:&quot;RGehrke&quot;,&quot;focal_length&quot;:&quot;120&quot;,&quot;iso&quot;:&quot;250&quot;,&quot;shutter_speed&quot;:&quot;0.000625&quot;,&quot;title&quot;:&quot;&quot;,&quot;orientation&quot;:&quot;1&quot;}\" data-image-title=\"5I1A7728\" data-image-description=\"\" data-image-caption=\"\" data-large-file=\"https:\/\/i0.wp.com\/www.tuseichholzremmighausen.de\/wordpress\/wp-content\/uploads\/2022\/05\/5I1A7728.jpg?fit=800%2C450&amp;ssl=1\" class=\"alignnone size-full wp-image-16039\" src=\"https:\/\/i0.wp.com\/www.tuseichholzremmighausen.de\/wordpress\/wp-content\/uploads\/2022\/05\/5I1A7728.jpg?resize=800%2C450&#038;ssl=1\" alt=\"\" width=\"800\" height=\"450\" srcset=\"https:\/\/i0.wp.com\/www.tuseichholzremmighausen.de\/wordpress\/wp-content\/uploads\/2022\/05\/5I1A7728.jpg?w=1200&amp;ssl=1 1200w, https:\/\/i0.wp.com\/www.tuseichholzremmighausen.de\/wordpress\/wp-content\/uploads\/2022\/05\/5I1A7728.jpg?resize=300%2C169&amp;ssl=1 300w, https:\/\/i0.wp.com\/www.tuseichholzremmighausen.de\/wordpress\/wp-content\/uploads\/2022\/05\/5I1A7728.jpg?resize=1024%2C576&amp;ssl=1 1024w, https:\/\/i0.wp.com\/www.tuseichholzremmighausen.de\/wordpress\/wp-content\/uploads\/2022\/05\/5I1A7728.jpg?resize=768%2C432&amp;ssl=1 768w, https:\/\/i0.wp.com\/www.tuseichholzremmighausen.de\/wordpress\/wp-content\/uploads\/2022\/05\/5I1A7728.jpg?resize=600%2C338&amp;ssl=1 600w\" sizes=\"auto, (max-width: 800px) 100vw, 800px\" \/>Nach der herausforderungsarmen Saison gestaltet sich der staffel\u00fcbergreifende (G\u00fctersloh-Paderborn-Detmold) Ligapokal zum Saison Highlight. Am Samstagnachmittag reiste der TuS als Meister der Kreisliga Paderborn\/Detmold nach Wiedenbr\u00fcck. Der gastgebende SC errang in der Kreisliga G\u00fctersloh die Vizemeisterschaft \u2013 eine spannende Partie war zu erwarten. Wie schon oft in dieser Spielzeit musste der TuS auf einige Spielerinnen verzichten, darunter auch Keeper Jannika. F\u00fcr die allermeisten Mannschaften im Juniorinnenfu\u00dfball droht durch einen Ausfall der F\u00e4ngerin schon fast ein KO in der Partie. Aber nicht f\u00fcr die Eichholzer Juniorinnen\u2026 Das Trikot mit der Nummer 1 streifte sich Paula \u00fcber.<img data-recalc-dims=\"1\" loading=\"lazy\" decoding=\"async\" data-attachment-id=\"16040\" data-permalink=\"https:\/\/www.tuseichholzremmighausen.de\/wordpress\/archives\/16037\/5i1a7703\" data-orig-file=\"https:\/\/i0.wp.com\/www.tuseichholzremmighausen.de\/wordpress\/wp-content\/uploads\/2022\/05\/5I1A7703.jpg?fit=1200%2C674&amp;ssl=1\" data-orig-size=\"1200,674\" data-comments-opened=\"0\" data-image-meta=\"{&quot;aperture&quot;:&quot;4&quot;,&quot;credit&quot;:&quot;Rolf Gehrke&quot;,&quot;camera&quot;:&quot;Canon EOS R6&quot;,&quot;caption&quot;:&quot;&quot;,&quot;created_timestamp&quot;:&quot;1651328427&quot;,&quot;copyright&quot;:&quot;RGehrke&quot;,&quot;focal_length&quot;:&quot;182&quot;,&quot;iso&quot;:&quot;400&quot;,&quot;shutter_speed&quot;:&quot;0.000625&quot;,&quot;title&quot;:&quot;&quot;,&quot;orientation&quot;:&quot;1&quot;}\" data-image-title=\"5I1A7703\" data-image-description=\"\" data-image-caption=\"\" data-large-file=\"https:\/\/i0.wp.com\/www.tuseichholzremmighausen.de\/wordpress\/wp-content\/uploads\/2022\/05\/5I1A7703.jpg?fit=800%2C449&amp;ssl=1\" class=\"alignnone size-full wp-image-16040\" src=\"https:\/\/i0.wp.com\/www.tuseichholzremmighausen.de\/wordpress\/wp-content\/uploads\/2022\/05\/5I1A7703.jpg?resize=800%2C449&#038;ssl=1\" alt=\"\" width=\"800\" height=\"449\" srcset=\"https:\/\/i0.wp.com\/www.tuseichholzremmighausen.de\/wordpress\/wp-content\/uploads\/2022\/05\/5I1A7703.jpg?w=1200&amp;ssl=1 1200w, https:\/\/i0.wp.com\/www.tuseichholzremmighausen.de\/wordpress\/wp-content\/uploads\/2022\/05\/5I1A7703.jpg?resize=300%2C169&amp;ssl=1 300w, https:\/\/i0.wp.com\/www.tuseichholzremmighausen.de\/wordpress\/wp-content\/uploads\/2022\/05\/5I1A7703.jpg?resize=1024%2C575&amp;ssl=1 1024w, https:\/\/i0.wp.com\/www.tuseichholzremmighausen.de\/wordpress\/wp-content\/uploads\/2022\/05\/5I1A7703.jpg?resize=768%2C431&amp;ssl=1 768w, https:\/\/i0.wp.com\/www.tuseichholzremmighausen.de\/wordpress\/wp-content\/uploads\/2022\/05\/5I1A7703.jpg?resize=600%2C337&amp;ssl=1 600w\" sizes=\"auto, (max-width: 800px) 100vw, 800px\" \/> Paula bestritt ihre letzten Spiele 2019 f\u00fcr unsere Fu\u00dfball-Juniorinnen, forcierte danach ihren weiteren sportlichen Weg im Handball.\u00a0 Das Team der Eichholzer Fu\u00dfball-Juniorinnen liegt ihr erfreulicherweise sehr am Herzen. Keine Sekunde z\u00f6gerte sie, als sie vom Coach gefragt worden ist, die Mannschaft zu unterst\u00fctzen.<img data-recalc-dims=\"1\" loading=\"lazy\" decoding=\"async\" data-attachment-id=\"16041\" data-permalink=\"https:\/\/www.tuseichholzremmighausen.de\/wordpress\/archives\/16037\/5i1a7573\" data-orig-file=\"https:\/\/i0.wp.com\/www.tuseichholzremmighausen.de\/wordpress\/wp-content\/uploads\/2022\/05\/5I1A7573.jpg?fit=1200%2C674&amp;ssl=1\" data-orig-size=\"1200,674\" data-comments-opened=\"0\" data-image-meta=\"{&quot;aperture&quot;:&quot;4&quot;,&quot;credit&quot;:&quot;Rolf Gehrke&quot;,&quot;camera&quot;:&quot;Canon EOS R6&quot;,&quot;caption&quot;:&quot;&quot;,&quot;created_timestamp&quot;:&quot;1651325500&quot;,&quot;copyright&quot;:&quot;RGehrke&quot;,&quot;focal_length&quot;:&quot;115&quot;,&quot;iso&quot;:&quot;320&quot;,&quot;shutter_speed&quot;:&quot;0.000625&quot;,&quot;title&quot;:&quot;&quot;,&quot;orientation&quot;:&quot;1&quot;}\" data-image-title=\"5I1A7573\" data-image-description=\"\" data-image-caption=\"\" data-large-file=\"https:\/\/i0.wp.com\/www.tuseichholzremmighausen.de\/wordpress\/wp-content\/uploads\/2022\/05\/5I1A7573.jpg?fit=800%2C449&amp;ssl=1\" class=\"alignnone size-full wp-image-16041\" src=\"https:\/\/i0.wp.com\/www.tuseichholzremmighausen.de\/wordpress\/wp-content\/uploads\/2022\/05\/5I1A7573.jpg?resize=800%2C449&#038;ssl=1\" alt=\"\" width=\"800\" height=\"449\" srcset=\"https:\/\/i0.wp.com\/www.tuseichholzremmighausen.de\/wordpress\/wp-content\/uploads\/2022\/05\/5I1A7573.jpg?w=1200&amp;ssl=1 1200w, https:\/\/i0.wp.com\/www.tuseichholzremmighausen.de\/wordpress\/wp-content\/uploads\/2022\/05\/5I1A7573.jpg?resize=300%2C169&amp;ssl=1 300w, https:\/\/i0.wp.com\/www.tuseichholzremmighausen.de\/wordpress\/wp-content\/uploads\/2022\/05\/5I1A7573.jpg?resize=1024%2C575&amp;ssl=1 1024w, https:\/\/i0.wp.com\/www.tuseichholzremmighausen.de\/wordpress\/wp-content\/uploads\/2022\/05\/5I1A7573.jpg?resize=768%2C431&amp;ssl=1 768w, https:\/\/i0.wp.com\/www.tuseichholzremmighausen.de\/wordpress\/wp-content\/uploads\/2022\/05\/5I1A7573.jpg?resize=600%2C337&amp;ssl=1 600w\" sizes=\"auto, (max-width: 800px) 100vw, 800px\" \/> Und wie! \u00dcber die gesamten 80 Spielminuten zeigte sie ihr K\u00f6nnen und brachte mit ihren Megaparaden die einheimischen Angreiferinnen schier zur Verzweiflung. Nun, nach diesen Informationen k\u00f6nnte man fast denken, dass der SC Wiedenbr\u00fcck die spielbestimmende Mannschaft auf dem Feld war.<img data-recalc-dims=\"1\" loading=\"lazy\" decoding=\"async\" data-attachment-id=\"16045\" data-permalink=\"https:\/\/www.tuseichholzremmighausen.de\/wordpress\/archives\/16037\/5i1a7489\" data-orig-file=\"https:\/\/i0.wp.com\/www.tuseichholzremmighausen.de\/wordpress\/wp-content\/uploads\/2022\/05\/5I1A7489.jpg?fit=1200%2C675&amp;ssl=1\" data-orig-size=\"1200,675\" data-comments-opened=\"0\" data-image-meta=\"{&quot;aperture&quot;:&quot;4&quot;,&quot;credit&quot;:&quot;Rolf Gehrke&quot;,&quot;camera&quot;:&quot;Canon EOS R6&quot;,&quot;caption&quot;:&quot;&quot;,&quot;created_timestamp&quot;:&quot;1651324205&quot;,&quot;copyright&quot;:&quot;RGehrke&quot;,&quot;focal_length&quot;:&quot;120&quot;,&quot;iso&quot;:&quot;400&quot;,&quot;shutter_speed&quot;:&quot;0.000625&quot;,&quot;title&quot;:&quot;&quot;,&quot;orientation&quot;:&quot;1&quot;}\" data-image-title=\"5I1A7489\" data-image-description=\"\" data-image-caption=\"\" data-large-file=\"https:\/\/i0.wp.com\/www.tuseichholzremmighausen.de\/wordpress\/wp-content\/uploads\/2022\/05\/5I1A7489.jpg?fit=800%2C450&amp;ssl=1\" class=\"alignnone size-full wp-image-16045\" src=\"https:\/\/i0.wp.com\/www.tuseichholzremmighausen.de\/wordpress\/wp-content\/uploads\/2022\/05\/5I1A7489.jpg?resize=800%2C450&#038;ssl=1\" alt=\"\" width=\"800\" height=\"450\" srcset=\"https:\/\/i0.wp.com\/www.tuseichholzremmighausen.de\/wordpress\/wp-content\/uploads\/2022\/05\/5I1A7489.jpg?w=1200&amp;ssl=1 1200w, https:\/\/i0.wp.com\/www.tuseichholzremmighausen.de\/wordpress\/wp-content\/uploads\/2022\/05\/5I1A7489.jpg?resize=300%2C169&amp;ssl=1 300w, https:\/\/i0.wp.com\/www.tuseichholzremmighausen.de\/wordpress\/wp-content\/uploads\/2022\/05\/5I1A7489.jpg?resize=1024%2C576&amp;ssl=1 1024w, https:\/\/i0.wp.com\/www.tuseichholzremmighausen.de\/wordpress\/wp-content\/uploads\/2022\/05\/5I1A7489.jpg?resize=768%2C432&amp;ssl=1 768w, https:\/\/i0.wp.com\/www.tuseichholzremmighausen.de\/wordpress\/wp-content\/uploads\/2022\/05\/5I1A7489.jpg?resize=600%2C338&amp;ssl=1 600w\" sizes=\"auto, (max-width: 800px) 100vw, 800px\" \/> Dem war von Beginn an nicht so! Gr\u00fcn\/Wei\u00df kontrollierte in der ersten Halbzeit Ball und Gegner in gewohnter Manier.<img data-recalc-dims=\"1\" loading=\"lazy\" decoding=\"async\" data-attachment-id=\"16047\" data-permalink=\"https:\/\/www.tuseichholzremmighausen.de\/wordpress\/archives\/16037\/5i1a7503\" data-orig-file=\"https:\/\/i0.wp.com\/www.tuseichholzremmighausen.de\/wordpress\/wp-content\/uploads\/2022\/05\/5I1A7503.jpg?fit=1200%2C675&amp;ssl=1\" data-orig-size=\"1200,675\" data-comments-opened=\"0\" data-image-meta=\"{&quot;aperture&quot;:&quot;4&quot;,&quot;credit&quot;:&quot;Rolf Gehrke&quot;,&quot;camera&quot;:&quot;Canon EOS R6&quot;,&quot;caption&quot;:&quot;&quot;,&quot;created_timestamp&quot;:&quot;1651324351&quot;,&quot;copyright&quot;:&quot;RGehrke&quot;,&quot;focal_length&quot;:&quot;120&quot;,&quot;iso&quot;:&quot;400&quot;,&quot;shutter_speed&quot;:&quot;0.000625&quot;,&quot;title&quot;:&quot;&quot;,&quot;orientation&quot;:&quot;1&quot;}\" data-image-title=\"5I1A7503\" data-image-description=\"\" data-image-caption=\"\" data-large-file=\"https:\/\/i0.wp.com\/www.tuseichholzremmighausen.de\/wordpress\/wp-content\/uploads\/2022\/05\/5I1A7503.jpg?fit=800%2C450&amp;ssl=1\" class=\"alignnone size-full wp-image-16047\" src=\"https:\/\/i0.wp.com\/www.tuseichholzremmighausen.de\/wordpress\/wp-content\/uploads\/2022\/05\/5I1A7503.jpg?resize=800%2C450&#038;ssl=1\" alt=\"\" width=\"800\" height=\"450\" srcset=\"https:\/\/i0.wp.com\/www.tuseichholzremmighausen.de\/wordpress\/wp-content\/uploads\/2022\/05\/5I1A7503.jpg?w=1200&amp;ssl=1 1200w, https:\/\/i0.wp.com\/www.tuseichholzremmighausen.de\/wordpress\/wp-content\/uploads\/2022\/05\/5I1A7503.jpg?resize=300%2C169&amp;ssl=1 300w, https:\/\/i0.wp.com\/www.tuseichholzremmighausen.de\/wordpress\/wp-content\/uploads\/2022\/05\/5I1A7503.jpg?resize=1024%2C576&amp;ssl=1 1024w, https:\/\/i0.wp.com\/www.tuseichholzremmighausen.de\/wordpress\/wp-content\/uploads\/2022\/05\/5I1A7503.jpg?resize=768%2C432&amp;ssl=1 768w, https:\/\/i0.wp.com\/www.tuseichholzremmighausen.de\/wordpress\/wp-content\/uploads\/2022\/05\/5I1A7503.jpg?resize=600%2C338&amp;ssl=1 600w\" sizes=\"auto, (max-width: 800px) 100vw, 800px\" \/> Mit dem ersten Schuss aufs gegnerische Tor netzte Jule zum 0:1 ein, keine 60 Sekunden waren absolviert. Vom fr\u00fchen Schock erholten sie die Einheimischen nur langsam.<img data-recalc-dims=\"1\" loading=\"lazy\" decoding=\"async\" data-attachment-id=\"16043\" data-permalink=\"https:\/\/www.tuseichholzremmighausen.de\/wordpress\/archives\/16037\/5i1a7685\" data-orig-file=\"https:\/\/i0.wp.com\/www.tuseichholzremmighausen.de\/wordpress\/wp-content\/uploads\/2022\/05\/5I1A7685.jpg?fit=1200%2C675&amp;ssl=1\" data-orig-size=\"1200,675\" data-comments-opened=\"0\" data-image-meta=\"{&quot;aperture&quot;:&quot;2.8&quot;,&quot;credit&quot;:&quot;Rolf Gehrke&quot;,&quot;camera&quot;:&quot;Canon EOS R6&quot;,&quot;caption&quot;:&quot;&quot;,&quot;created_timestamp&quot;:&quot;1651327370&quot;,&quot;copyright&quot;:&quot;RGehrke&quot;,&quot;focal_length&quot;:&quot;168&quot;,&quot;iso&quot;:&quot;160&quot;,&quot;shutter_speed&quot;:&quot;0.000625&quot;,&quot;title&quot;:&quot;&quot;,&quot;orientation&quot;:&quot;1&quot;}\" data-image-title=\"5I1A7685\" data-image-description=\"\" data-image-caption=\"\" data-large-file=\"https:\/\/i0.wp.com\/www.tuseichholzremmighausen.de\/wordpress\/wp-content\/uploads\/2022\/05\/5I1A7685.jpg?fit=800%2C450&amp;ssl=1\" class=\"alignnone size-full wp-image-16043\" src=\"https:\/\/i0.wp.com\/www.tuseichholzremmighausen.de\/wordpress\/wp-content\/uploads\/2022\/05\/5I1A7685.jpg?resize=800%2C450&#038;ssl=1\" alt=\"\" width=\"800\" height=\"450\" srcset=\"https:\/\/i0.wp.com\/www.tuseichholzremmighausen.de\/wordpress\/wp-content\/uploads\/2022\/05\/5I1A7685.jpg?w=1200&amp;ssl=1 1200w, https:\/\/i0.wp.com\/www.tuseichholzremmighausen.de\/wordpress\/wp-content\/uploads\/2022\/05\/5I1A7685.jpg?resize=300%2C169&amp;ssl=1 300w, https:\/\/i0.wp.com\/www.tuseichholzremmighausen.de\/wordpress\/wp-content\/uploads\/2022\/05\/5I1A7685.jpg?resize=1024%2C576&amp;ssl=1 1024w, https:\/\/i0.wp.com\/www.tuseichholzremmighausen.de\/wordpress\/wp-content\/uploads\/2022\/05\/5I1A7685.jpg?resize=768%2C432&amp;ssl=1 768w, https:\/\/i0.wp.com\/www.tuseichholzremmighausen.de\/wordpress\/wp-content\/uploads\/2022\/05\/5I1A7685.jpg?resize=600%2C338&amp;ssl=1 600w\" sizes=\"auto, (max-width: 800px) 100vw, 800px\" \/> Carolin trifft aus zentraler Position zum 0:2 in Minute 15 und sollte die Gr\u00fcn\/Wei\u00dfen damit schon auf den richtigen Weg f\u00fchren. Die mitgereisten Fans waren begeistert und sahen eine gute erste Halbzeit der M\u00e4dels. Allerdings h\u00e4tte Eichholz gerade in der Phase nach dem 0:2 deutlich mehr draus machen k\u00f6nnen.<img data-recalc-dims=\"1\" loading=\"lazy\" decoding=\"async\" data-attachment-id=\"16046\" data-permalink=\"https:\/\/www.tuseichholzremmighausen.de\/wordpress\/archives\/16037\/5i1a7587\" data-orig-file=\"https:\/\/i0.wp.com\/www.tuseichholzremmighausen.de\/wordpress\/wp-content\/uploads\/2022\/05\/5I1A7587.jpg?fit=1200%2C675&amp;ssl=1\" data-orig-size=\"1200,675\" data-comments-opened=\"0\" data-image-meta=\"{&quot;aperture&quot;:&quot;4&quot;,&quot;credit&quot;:&quot;Rolf Gehrke&quot;,&quot;camera&quot;:&quot;Canon EOS R6&quot;,&quot;caption&quot;:&quot;&quot;,&quot;created_timestamp&quot;:&quot;1651325667&quot;,&quot;copyright&quot;:&quot;RGehrke&quot;,&quot;focal_length&quot;:&quot;130&quot;,&quot;iso&quot;:&quot;200&quot;,&quot;shutter_speed&quot;:&quot;0.000625&quot;,&quot;title&quot;:&quot;&quot;,&quot;orientation&quot;:&quot;1&quot;}\" data-image-title=\"5I1A7587\" data-image-description=\"\" data-image-caption=\"\" data-large-file=\"https:\/\/i0.wp.com\/www.tuseichholzremmighausen.de\/wordpress\/wp-content\/uploads\/2022\/05\/5I1A7587.jpg?fit=800%2C450&amp;ssl=1\" class=\"alignnone size-full wp-image-16046\" src=\"https:\/\/i0.wp.com\/www.tuseichholzremmighausen.de\/wordpress\/wp-content\/uploads\/2022\/05\/5I1A7587.jpg?resize=800%2C450&#038;ssl=1\" alt=\"\" width=\"800\" height=\"450\" srcset=\"https:\/\/i0.wp.com\/www.tuseichholzremmighausen.de\/wordpress\/wp-content\/uploads\/2022\/05\/5I1A7587.jpg?w=1200&amp;ssl=1 1200w, https:\/\/i0.wp.com\/www.tuseichholzremmighausen.de\/wordpress\/wp-content\/uploads\/2022\/05\/5I1A7587.jpg?resize=300%2C169&amp;ssl=1 300w, https:\/\/i0.wp.com\/www.tuseichholzremmighausen.de\/wordpress\/wp-content\/uploads\/2022\/05\/5I1A7587.jpg?resize=1024%2C576&amp;ssl=1 1024w, https:\/\/i0.wp.com\/www.tuseichholzremmighausen.de\/wordpress\/wp-content\/uploads\/2022\/05\/5I1A7587.jpg?resize=768%2C432&amp;ssl=1 768w, https:\/\/i0.wp.com\/www.tuseichholzremmighausen.de\/wordpress\/wp-content\/uploads\/2022\/05\/5I1A7587.jpg?resize=600%2C338&amp;ssl=1 600w\" sizes=\"auto, (max-width: 800px) 100vw, 800px\" \/> Mit zunehmender Dauer forcierte der SC seine Offensivaktionen. Vor der Pause fast ausschlie\u00dflich mit langen B\u00e4llen in die Spitze. Genau daraus entstanden einige brenzlige Situationen, die nicht zum Erfolg f\u00fcr Wiedenbr\u00fcck f\u00fchrten.<img data-recalc-dims=\"1\" loading=\"lazy\" decoding=\"async\" data-attachment-id=\"16044\" data-permalink=\"https:\/\/www.tuseichholzremmighausen.de\/wordpress\/archives\/16037\/5i1a7526\" data-orig-file=\"https:\/\/i0.wp.com\/www.tuseichholzremmighausen.de\/wordpress\/wp-content\/uploads\/2022\/05\/5I1A7526.jpg?fit=1200%2C675&amp;ssl=1\" data-orig-size=\"1200,675\" data-comments-opened=\"0\" data-image-meta=\"{&quot;aperture&quot;:&quot;4&quot;,&quot;credit&quot;:&quot;Rolf Gehrke&quot;,&quot;camera&quot;:&quot;Canon EOS R6&quot;,&quot;caption&quot;:&quot;&quot;,&quot;created_timestamp&quot;:&quot;1651324675&quot;,&quot;copyright&quot;:&quot;RGehrke&quot;,&quot;focal_length&quot;:&quot;140&quot;,&quot;iso&quot;:&quot;160&quot;,&quot;shutter_speed&quot;:&quot;0.000625&quot;,&quot;title&quot;:&quot;&quot;,&quot;orientation&quot;:&quot;1&quot;}\" data-image-title=\"5I1A7526\" data-image-description=\"\" data-image-caption=\"\" data-large-file=\"https:\/\/i0.wp.com\/www.tuseichholzremmighausen.de\/wordpress\/wp-content\/uploads\/2022\/05\/5I1A7526.jpg?fit=800%2C450&amp;ssl=1\" class=\"alignnone size-full wp-image-16044\" src=\"https:\/\/i0.wp.com\/www.tuseichholzremmighausen.de\/wordpress\/wp-content\/uploads\/2022\/05\/5I1A7526.jpg?resize=800%2C450&#038;ssl=1\" alt=\"\" width=\"800\" height=\"450\" srcset=\"https:\/\/i0.wp.com\/www.tuseichholzremmighausen.de\/wordpress\/wp-content\/uploads\/2022\/05\/5I1A7526.jpg?w=1200&amp;ssl=1 1200w, https:\/\/i0.wp.com\/www.tuseichholzremmighausen.de\/wordpress\/wp-content\/uploads\/2022\/05\/5I1A7526.jpg?resize=300%2C169&amp;ssl=1 300w, https:\/\/i0.wp.com\/www.tuseichholzremmighausen.de\/wordpress\/wp-content\/uploads\/2022\/05\/5I1A7526.jpg?resize=1024%2C576&amp;ssl=1 1024w, https:\/\/i0.wp.com\/www.tuseichholzremmighausen.de\/wordpress\/wp-content\/uploads\/2022\/05\/5I1A7526.jpg?resize=768%2C432&amp;ssl=1 768w, https:\/\/i0.wp.com\/www.tuseichholzremmighausen.de\/wordpress\/wp-content\/uploads\/2022\/05\/5I1A7526.jpg?resize=600%2C338&amp;ssl=1 600w\" sizes=\"auto, (max-width: 800px) 100vw, 800px\" \/> Entweder im richtigen Moment das Bein der Gr\u00fcn\/Wei\u00dfen Abwehr dazwischen oder Paula mit ihren klasse Reflexen konnten den Einschlag verhindern. Zur Pause eine 2:0-F\u00fchrung, wobei sogar mehr drin war, eigentlich alles im gr\u00fcnen Bereich! Dennoch musste im zweiten Durchgang die Konzentration hochgehalten werden. Wiedenbr\u00fcck w\u00fcrde alles daransetzen, ins Spiel zur\u00fcckzukommen. Ob Coach Andreas und Madleen in der Halbzeitansprache die richtigen Worte gefunden hatten? Oder, wie konnte es Team Gr\u00fcn\/Wei\u00df umsetzen? Die Ern\u00fcchterung nur zwei Minuten nach Wiederanpfiff. Blau im Angriff bereits an der Torauslinie, die Situation eigentlich schon gekl\u00e4rt. Dann doch der unn\u00f6tige \u201eBallvert\u00e4ndler\u201c nur drei Meter vom eigenen Tor weg. Die Nummer 7 des SC bedankt sich und schiebt zum 1:2 ein. Wie freundlich der TuS den gastgebenden Mannschaften gesinnt sein kann, zeigte sich auch beim zweiten Treffer f\u00fcr den SC Wiedenbr\u00fcck. Dieses Mal war es die Spielerin mit der Nummer 14, die einen Konzentrationsfehler gnadenlos bestrafte. Nach einer Stunde Spielzeit brachte Sophia den TuS mit einem satten Schuss aus halblinker Position wieder in Front.<img data-recalc-dims=\"1\" loading=\"lazy\" decoding=\"async\" data-attachment-id=\"16042\" data-permalink=\"https:\/\/www.tuseichholzremmighausen.de\/wordpress\/archives\/16037\/5i1a7592\" data-orig-file=\"https:\/\/i0.wp.com\/www.tuseichholzremmighausen.de\/wordpress\/wp-content\/uploads\/2022\/05\/5I1A7592.jpg?fit=1200%2C675&amp;ssl=1\" data-orig-size=\"1200,675\" data-comments-opened=\"0\" data-image-meta=\"{&quot;aperture&quot;:&quot;4&quot;,&quot;credit&quot;:&quot;Rolf Gehrke&quot;,&quot;camera&quot;:&quot;Canon EOS R6&quot;,&quot;caption&quot;:&quot;&quot;,&quot;created_timestamp&quot;:&quot;1651325853&quot;,&quot;copyright&quot;:&quot;RGehrke&quot;,&quot;focal_length&quot;:&quot;182&quot;,&quot;iso&quot;:&quot;400&quot;,&quot;shutter_speed&quot;:&quot;0.000625&quot;,&quot;title&quot;:&quot;&quot;,&quot;orientation&quot;:&quot;1&quot;}\" data-image-title=\"5I1A7592\" data-image-description=\"\" data-image-caption=\"\" data-large-file=\"https:\/\/i0.wp.com\/www.tuseichholzremmighausen.de\/wordpress\/wp-content\/uploads\/2022\/05\/5I1A7592.jpg?fit=800%2C450&amp;ssl=1\" class=\"alignnone size-full wp-image-16042\" src=\"https:\/\/i0.wp.com\/www.tuseichholzremmighausen.de\/wordpress\/wp-content\/uploads\/2022\/05\/5I1A7592.jpg?resize=800%2C450&#038;ssl=1\" alt=\"\" width=\"800\" height=\"450\" srcset=\"https:\/\/i0.wp.com\/www.tuseichholzremmighausen.de\/wordpress\/wp-content\/uploads\/2022\/05\/5I1A7592.jpg?w=1200&amp;ssl=1 1200w, https:\/\/i0.wp.com\/www.tuseichholzremmighausen.de\/wordpress\/wp-content\/uploads\/2022\/05\/5I1A7592.jpg?resize=300%2C169&amp;ssl=1 300w, https:\/\/i0.wp.com\/www.tuseichholzremmighausen.de\/wordpress\/wp-content\/uploads\/2022\/05\/5I1A7592.jpg?resize=1024%2C576&amp;ssl=1 1024w, https:\/\/i0.wp.com\/www.tuseichholzremmighausen.de\/wordpress\/wp-content\/uploads\/2022\/05\/5I1A7592.jpg?resize=768%2C432&amp;ssl=1 768w, https:\/\/i0.wp.com\/www.tuseichholzremmighausen.de\/wordpress\/wp-content\/uploads\/2022\/05\/5I1A7592.jpg?resize=600%2C338&amp;ssl=1 600w\" sizes=\"auto, (max-width: 800px) 100vw, 800px\" \/> Die Freude im Eichholzer Lager \u00fcber das 2:3 w\u00e4hrte nur kurz. Wenige Minuten nach dem 2:3 gelang den Hausherrinnen der erneute Ausgleich. Ein langer Ball durch die Mitte, direkt an den 16er gespielt und die v\u00f6llig freistehende Nummer 9 der Gastgeberinnen l\u00e4sst Paula mit einem Flachschuss keine Chance. Nach diesem 3:3 setzte das Heimteam voll auf Offensive und hatte auch einige gute M\u00f6glichkeiten. Den Eichholzerinnen boten sich dadurch R\u00e4ume f\u00fcr ihre gef\u00fcrchteten Konter. Keine der beiden Mannschaften konnten allerdings den erhofften lucky Punch feiern. Es blieb beim insgesamt leistungsgerechten 3:3 in Wiedenbr\u00fcck. Nach dem Schlusspfiff Shake Hands und gegenseitige Anerkennung f\u00fcr ein faires und gutes Spiel.<img data-recalc-dims=\"1\" loading=\"lazy\" decoding=\"async\" data-attachment-id=\"16048\" data-permalink=\"https:\/\/www.tuseichholzremmighausen.de\/wordpress\/archives\/16037\/5i1a7471\" data-orig-file=\"https:\/\/i0.wp.com\/www.tuseichholzremmighausen.de\/wordpress\/wp-content\/uploads\/2022\/05\/5I1A7471.jpg?fit=1200%2C675&amp;ssl=1\" data-orig-size=\"1200,675\" data-comments-opened=\"0\" data-image-meta=\"{&quot;aperture&quot;:&quot;4&quot;,&quot;credit&quot;:&quot;Rolf Gehrke&quot;,&quot;camera&quot;:&quot;Canon EOS R6&quot;,&quot;caption&quot;:&quot;&quot;,&quot;created_timestamp&quot;:&quot;1651323900&quot;,&quot;copyright&quot;:&quot;RGehrke&quot;,&quot;focal_length&quot;:&quot;200&quot;,&quot;iso&quot;:&quot;320&quot;,&quot;shutter_speed&quot;:&quot;0.000625&quot;,&quot;title&quot;:&quot;&quot;,&quot;orientation&quot;:&quot;1&quot;}\" data-image-title=\"5I1A7471\" data-image-description=\"\" data-image-caption=\"\" data-large-file=\"https:\/\/i0.wp.com\/www.tuseichholzremmighausen.de\/wordpress\/wp-content\/uploads\/2022\/05\/5I1A7471.jpg?fit=800%2C450&amp;ssl=1\" class=\"alignnone size-full wp-image-16048\" src=\"https:\/\/i0.wp.com\/www.tuseichholzremmighausen.de\/wordpress\/wp-content\/uploads\/2022\/05\/5I1A7471.jpg?resize=800%2C450&#038;ssl=1\" alt=\"\" width=\"800\" height=\"450\" srcset=\"https:\/\/i0.wp.com\/www.tuseichholzremmighausen.de\/wordpress\/wp-content\/uploads\/2022\/05\/5I1A7471.jpg?w=1200&amp;ssl=1 1200w, https:\/\/i0.wp.com\/www.tuseichholzremmighausen.de\/wordpress\/wp-content\/uploads\/2022\/05\/5I1A7471.jpg?resize=300%2C169&amp;ssl=1 300w, https:\/\/i0.wp.com\/www.tuseichholzremmighausen.de\/wordpress\/wp-content\/uploads\/2022\/05\/5I1A7471.jpg?resize=1024%2C576&amp;ssl=1 1024w, https:\/\/i0.wp.com\/www.tuseichholzremmighausen.de\/wordpress\/wp-content\/uploads\/2022\/05\/5I1A7471.jpg?resize=768%2C432&amp;ssl=1 768w, https:\/\/i0.wp.com\/www.tuseichholzremmighausen.de\/wordpress\/wp-content\/uploads\/2022\/05\/5I1A7471.jpg?resize=600%2C338&amp;ssl=1 600w\" sizes=\"auto, (max-width: 800px) 100vw, 800px\" \/> \u00a0Zum R\u00fcckspiel erwartet der TuS den SC Wiedenbr\u00fcck am Samstag, den 07.05.2022; Ansto\u00dfzeit 16 Uhr.<\/p>\n","protected":false},"excerpt":{"rendered":"<p>3:3 &#8211; Juniorinnen beim SC Wiedenbr\u00fcck im Ligapokal gefordert<\/p>\n","protected":false},"author":16,"featured_media":16038,"comment_status":"closed","ping_status":"open","sticky":false,"template":"","format":"standard","meta":{"colormag_page_container_layout":"default_layout","colormag_page_sidebar_layout":"default_layout","_jetpack_memberships_contains_paid_content":false,"footnotes":"","jetpack_publicize_message":"","jetpack_publicize_feature_enabled":true,"jetpack_social_post_already_shared":true,"jetpack_social_options":{"image_generator_settings":{"template":"highway","default_image_id":0,"font":"","enabled":false},"version":2}},"categories":[157,207],"tags":[],"class_list":["post-16037","post","type-post","status-publish","format-standard","has-post-thumbnail","hentry","category-archiv","category-b-juniorinnen"],"jetpack_publicize_connections":[],"jetpack_featured_media_url":"https:\/\/i0.wp.com\/www.tuseichholzremmighausen.de\/wordpress\/wp-content\/uploads\/2022\/05\/5I1A7717.jpg?fit=1200%2C674&ssl=1","jetpack_sharing_enabled":true,"_links":{"self":[{"href":"https:\/\/www.tuseichholzremmighausen.de\/wordpress\/wp-json\/wp\/v2\/posts\/16037","targetHints":{"allow":["GET"]}}],"collection":[{"href":"https:\/\/www.tuseichholzremmighausen.de\/wordpress\/wp-json\/wp\/v2\/posts"}],"about":[{"href":"https:\/\/www.tuseichholzremmighausen.de\/wordpress\/wp-json\/wp\/v2\/types\/post"}],"author":[{"embeddable":true,"href":"https:\/\/www.tuseichholzremmighausen.de\/wordpress\/wp-json\/wp\/v2\/users\/16"}],"replies":[{"embeddable":true,"href":"https:\/\/www.tuseichholzremmighausen.de\/wordpress\/wp-json\/wp\/v2\/comments?post=16037"}],"version-history":[{"count":0,"href":"https:\/\/www.tuseichholzremmighausen.de\/wordpress\/wp-json\/wp\/v2\/posts\/16037\/revisions"}],"wp:featuredmedia":[{"embeddable":true,"href":"https:\/\/www.tuseichholzremmighausen.de\/wordpress\/wp-json\/wp\/v2\/media\/16038"}],"wp:attachment":[{"href":"https:\/\/www.tuseichholzremmighausen.de\/wordpress\/wp-json\/wp\/v2\/media?parent=16037"}],"wp:term":[{"taxonomy":"category","embeddable":true,"href":"https:\/\/www.tuseichholzremmighausen.de\/wordpress\/wp-json\/wp\/v2\/categories?post=16037"},{"taxonomy":"post_tag","embeddable":true,"href":"https:\/\/www.tuseichholzremmighausen.de\/wordpress\/wp-json\/wp\/v2\/tags?post=16037"}],"curies":[{"name":"wp","href":"https:\/\/api.w.org\/{rel}","templated":true}]}}