{"id":16415,"date":"2022-06-08T12:43:44","date_gmt":"2022-06-08T10:43:44","guid":{"rendered":"https:\/\/www.tuseichholzremmighausen.de\/wordpress\/?p=16415"},"modified":"2022-06-08T12:43:44","modified_gmt":"2022-06-08T10:43:44","slug":"jan-lukas-und-mohamed-ben-ayed-vom-dfb-geehrt","status":"publish","type":"post","link":"https:\/\/www.tuseichholzremmighausen.de\/wordpress\/archives\/16415","title":{"rendered":"Jan Lukas und Mohamed Ben Ayed vom DFB geehrt"},"content":{"rendered":"<p>Jan Lukas und Mohamed Ben Ayed wurden vom DFB f\u00fcr ihren ehrenamtlichen Einsatz geehrt und holen die Ehrenamtsf\u00f6rderpreise &#8222;DFB-Fu\u00dfballhelden&#8220; (Jan Lukas) und den &#8222;DFB-Ehrenamtspreis&#8220; (Mohamed Ben Ayed) des DFB zum TuS Eichholz Remmighausen e.V. Dies sorgt nat\u00fcrlich f\u00fcr gro\u00dfe Freude innerhalb des Vereins und man sieht sich auf seinem Weg best\u00e4tigt. Hier im TuS passiert gerade was und viele Menschen unterst\u00fctzen die positive Entwicklung was sogar dem DFB aufgefallen ist. Die Fu\u00dfballabteilung gratuliert zu dieser tollen Auszeichnung!<\/p>\n<p>Auszug aus dem offiziellen DFB-Richtlinien:<\/p>\n<p>Der Ehrenamtsf\u00f6rderpreis \u201eFu\u00dfballhelden\u201c richtet sich speziell an junge Ehrenamtliche, um dieser Gruppe gezielt einen Mehrwert zu bieten. Die ehrenamtliche Nachwuchsarbeit in den Vereinen soll somit langfristig gest\u00e4rkt und den Folgen der demographischen Entwicklung f\u00fcr das Ehrenamt entgegengewirkt werden. Jeder Fu\u00dfballkreis in Deutschland stellt \u2013 analog dem bestehenden DFB-Ehrenamtspreis \u2013 eine*n Preistr\u00e4ger*in, sodass 264 Personen (Stand Mai 2022) im Jahr ausgezeichnet werden. Die nachfolgenden Richtlinien und Kriterien beschreiben detailliert die Zielgruppen, Inhalte und Abl\u00e4ufe des DFB-Wettbewerbs \u201eFu\u00dfballhelden \u2013 Aktion junges Ehrenamt\u201c.<\/p>\n<p>Seit 1997 verleiht der DFB in Zusammenarbeit mit seinen Landesverb\u00e4nden j\u00e4hrlich den &#8222;DFB-Ehrenamtspreis&#8220;. Jeder Verein hat hierbei die M\u00f6glichkeit hochengagierte Vereinsmitarbeiter*innen f\u00fcr die Auszeichnung vorzuschlagen. Die Ehrenamtsbeauftragten der Kreise und Bezirke w\u00e4hlen anschlie\u00dfend mit viel Fingerspitzengef\u00fchl 264 Preistr\u00e4ger*innen &#8211; eine*n aus jedem Fu\u00dfballkreis &#8211; aus. Die Kreissieger*innen werden, stellvertretend f\u00fcr viele weitere herausragend engagierte Vereinsmitarbeiter*innen &#8211; f\u00fcr ihre hervorragenden ehrenamtlichen Leistungen ausgezeichnet.<\/p>\n<p>Quellen: Offizielle DFB Richtlinien zum Ehrenamtsf\u00f6rderpreis &#8222;DFB-Fu\u00dfballhelden&#8220; und &#8222;DFB-Ehrenamtspreis&#8220;.<\/p>\n<p>Bericht: Patrick Werner<\/p>\n<p>Bilder: Archiv.<\/p>\n<p>&nbsp;<\/p>\n<p><a href=\"https:\/\/i0.wp.com\/www.tuseichholzremmighausen.de\/wordpress\/wp-content\/uploads\/2022\/05\/IMG_4371-scaled.jpg?ssl=1\"><img data-recalc-dims=\"1\" loading=\"lazy\" decoding=\"async\" data-attachment-id=\"16142\" data-permalink=\"https:\/\/www.tuseichholzremmighausen.de\/wordpress\/archives\/16119\/img_4371\" data-orig-file=\"https:\/\/i0.wp.com\/www.tuseichholzremmighausen.de\/wordpress\/wp-content\/uploads\/2022\/05\/IMG_4371-scaled.jpg?fit=2560%2C1707&amp;ssl=1\" data-orig-size=\"2560,1707\" data-comments-opened=\"0\" data-image-meta=\"{&quot;aperture&quot;:&quot;6.3&quot;,&quot;credit&quot;:&quot;&quot;,&quot;camera&quot;:&quot;Canon EOS 1100D&quot;,&quot;caption&quot;:&quot;&quot;,&quot;created_timestamp&quot;:&quot;1651319245&quot;,&quot;copyright&quot;:&quot;&quot;,&quot;focal_length&quot;:&quot;135&quot;,&quot;iso&quot;:&quot;100&quot;,&quot;shutter_speed&quot;:&quot;0.0025&quot;,&quot;title&quot;:&quot;&quot;,&quot;orientation&quot;:&quot;1&quot;}\" data-image-title=\"IMG_4371\" data-image-description=\"\" data-image-caption=\"\" data-large-file=\"https:\/\/i0.wp.com\/www.tuseichholzremmighausen.de\/wordpress\/wp-content\/uploads\/2022\/05\/IMG_4371-scaled.jpg?fit=800%2C534&amp;ssl=1\" class=\"alignnone size-large wp-image-16142\" src=\"https:\/\/i0.wp.com\/www.tuseichholzremmighausen.de\/wordpress\/wp-content\/uploads\/2022\/05\/IMG_4371.jpg?resize=800%2C534&#038;ssl=1\" alt=\"\" width=\"800\" height=\"534\" srcset=\"https:\/\/i0.wp.com\/www.tuseichholzremmighausen.de\/wordpress\/wp-content\/uploads\/2022\/05\/IMG_4371-scaled.jpg?resize=1024%2C683&amp;ssl=1 1024w, https:\/\/i0.wp.com\/www.tuseichholzremmighausen.de\/wordpress\/wp-content\/uploads\/2022\/05\/IMG_4371-scaled.jpg?resize=300%2C200&amp;ssl=1 300w, https:\/\/i0.wp.com\/www.tuseichholzremmighausen.de\/wordpress\/wp-content\/uploads\/2022\/05\/IMG_4371-scaled.jpg?resize=768%2C512&amp;ssl=1 768w, https:\/\/i0.wp.com\/www.tuseichholzremmighausen.de\/wordpress\/wp-content\/uploads\/2022\/05\/IMG_4371-scaled.jpg?resize=1536%2C1024&amp;ssl=1 1536w, https:\/\/i0.wp.com\/www.tuseichholzremmighausen.de\/wordpress\/wp-content\/uploads\/2022\/05\/IMG_4371-scaled.jpg?resize=2048%2C1365&amp;ssl=1 2048w, https:\/\/i0.wp.com\/www.tuseichholzremmighausen.de\/wordpress\/wp-content\/uploads\/2022\/05\/IMG_4371-scaled.jpg?resize=1320%2C880&amp;ssl=1 1320w, https:\/\/i0.wp.com\/www.tuseichholzremmighausen.de\/wordpress\/wp-content\/uploads\/2022\/05\/IMG_4371-scaled.jpg?resize=600%2C400&amp;ssl=1 600w, https:\/\/i0.wp.com\/www.tuseichholzremmighausen.de\/wordpress\/wp-content\/uploads\/2022\/05\/IMG_4371-scaled.jpg?w=1600&amp;ssl=1 1600w, https:\/\/i0.wp.com\/www.tuseichholzremmighausen.de\/wordpress\/wp-content\/uploads\/2022\/05\/IMG_4371-scaled.jpg?w=2400&amp;ssl=1 2400w\" sizes=\"auto, (max-width: 800px) 100vw, 800px\" \/><\/a><\/p>\n<p>Bildmitte: Mohamed Ben Ayed&nbsp;<\/p>\n<p>&nbsp;<\/p>\n<p><a href=\"https:\/\/i0.wp.com\/www.tuseichholzremmighausen.de\/wordpress\/wp-content\/uploads\/2022\/06\/5I1A3684.jpg?ssl=1\"><img data-recalc-dims=\"1\" loading=\"lazy\" decoding=\"async\" data-attachment-id=\"16382\" data-permalink=\"https:\/\/www.tuseichholzremmighausen.de\/wordpress\/archives\/16370\/5i1a3684\" data-orig-file=\"https:\/\/i0.wp.com\/www.tuseichholzremmighausen.de\/wordpress\/wp-content\/uploads\/2022\/06\/5I1A3684.jpg?fit=1200%2C675&amp;ssl=1\" data-orig-size=\"1200,675\" data-comments-opened=\"0\" data-image-meta=\"{&quot;aperture&quot;:&quot;0&quot;,&quot;credit&quot;:&quot;&quot;,&quot;camera&quot;:&quot;&quot;,&quot;caption&quot;:&quot;&quot;,&quot;created_timestamp&quot;:&quot;0&quot;,&quot;copyright&quot;:&quot;&quot;,&quot;focal_length&quot;:&quot;0&quot;,&quot;iso&quot;:&quot;0&quot;,&quot;shutter_speed&quot;:&quot;0&quot;,&quot;title&quot;:&quot;&quot;,&quot;orientation&quot;:&quot;0&quot;}\" data-image-title=\"5I1A3684\" data-image-description=\"\" data-image-caption=\"\" data-large-file=\"https:\/\/i0.wp.com\/www.tuseichholzremmighausen.de\/wordpress\/wp-content\/uploads\/2022\/06\/5I1A3684.jpg?fit=800%2C450&amp;ssl=1\" class=\"alignnone size-large wp-image-16382\" src=\"https:\/\/i0.wp.com\/www.tuseichholzremmighausen.de\/wordpress\/wp-content\/uploads\/2022\/06\/5I1A3684.jpg?resize=800%2C450&#038;ssl=1\" alt=\"\" width=\"800\" height=\"450\" srcset=\"https:\/\/i0.wp.com\/www.tuseichholzremmighausen.de\/wordpress\/wp-content\/uploads\/2022\/06\/5I1A3684.jpg?resize=1024%2C576&amp;ssl=1 1024w, https:\/\/i0.wp.com\/www.tuseichholzremmighausen.de\/wordpress\/wp-content\/uploads\/2022\/06\/5I1A3684.jpg?resize=300%2C169&amp;ssl=1 300w, https:\/\/i0.wp.com\/www.tuseichholzremmighausen.de\/wordpress\/wp-content\/uploads\/2022\/06\/5I1A3684.jpg?resize=768%2C432&amp;ssl=1 768w, https:\/\/i0.wp.com\/www.tuseichholzremmighausen.de\/wordpress\/wp-content\/uploads\/2022\/06\/5I1A3684.jpg?resize=600%2C338&amp;ssl=1 600w, https:\/\/i0.wp.com\/www.tuseichholzremmighausen.de\/wordpress\/wp-content\/uploads\/2022\/06\/5I1A3684.jpg?w=1200&amp;ssl=1 1200w\" sizes=\"auto, (max-width: 800px) 100vw, 800px\" \/><\/a><\/p>\n<p>Bildmitte: Jan Lukas<\/p>\n","protected":false},"excerpt":{"rendered":"<p>Jan Lukas und Mohamed Ben Ayed wurden vom DFB f\u00fcr ihren ehrenamtlichen Einsatz geehrt und holen die Ehrenamtsf\u00f6rderpreise &#8222;DFB-Fu\u00dfballhelden&#8220; (Jan<\/p>\n","protected":false},"author":56,"featured_media":16382,"comment_status":"closed","ping_status":"open","sticky":false,"template":"","format":"standard","meta":{"colormag_page_container_layout":"default_layout","colormag_page_sidebar_layout":"default_layout","_jetpack_memberships_contains_paid_content":false,"footnotes":"","jetpack_publicize_message":"","jetpack_publicize_feature_enabled":true,"jetpack_social_post_already_shared":true,"jetpack_social_options":{"image_generator_settings":{"template":"highway","default_image_id":0,"font":"","enabled":false},"version":2}},"categories":[157,203,158,159,162],"tags":[],"class_list":["post-16415","post","type-post","status-publish","format-standard","has-post-thumbnail","hentry","category-archiv","category-e-junioren","category-fb-jugend-aktuell","category-fb-senioren-aktuell","category-tus-aktuell"],"jetpack_publicize_connections":[],"jetpack_featured_media_url":"https:\/\/i0.wp.com\/www.tuseichholzremmighausen.de\/wordpress\/wp-content\/uploads\/2022\/06\/5I1A3684.jpg?fit=1200%2C675&ssl=1","jetpack_sharing_enabled":true,"_links":{"self":[{"href":"https:\/\/www.tuseichholzremmighausen.de\/wordpress\/wp-json\/wp\/v2\/posts\/16415","targetHints":{"allow":["GET"]}}],"collection":[{"href":"https:\/\/www.tuseichholzremmighausen.de\/wordpress\/wp-json\/wp\/v2\/posts"}],"about":[{"href":"https:\/\/www.tuseichholzremmighausen.de\/wordpress\/wp-json\/wp\/v2\/types\/post"}],"author":[{"embeddable":true,"href":"https:\/\/www.tuseichholzremmighausen.de\/wordpress\/wp-json\/wp\/v2\/users\/56"}],"replies":[{"embeddable":true,"href":"https:\/\/www.tuseichholzremmighausen.de\/wordpress\/wp-json\/wp\/v2\/comments?post=16415"}],"version-history":[{"count":0,"href":"https:\/\/www.tuseichholzremmighausen.de\/wordpress\/wp-json\/wp\/v2\/posts\/16415\/revisions"}],"wp:featuredmedia":[{"embeddable":true,"href":"https:\/\/www.tuseichholzremmighausen.de\/wordpress\/wp-json\/wp\/v2\/media\/16382"}],"wp:attachment":[{"href":"https:\/\/www.tuseichholzremmighausen.de\/wordpress\/wp-json\/wp\/v2\/media?parent=16415"}],"wp:term":[{"taxonomy":"category","embeddable":true,"href":"https:\/\/www.tuseichholzremmighausen.de\/wordpress\/wp-json\/wp\/v2\/categories?post=16415"},{"taxonomy":"post_tag","embeddable":true,"href":"https:\/\/www.tuseichholzremmighausen.de\/wordpress\/wp-json\/wp\/v2\/tags?post=16415"}],"curies":[{"name":"wp","href":"https:\/\/api.w.org\/{rel}","templated":true}]}}