{"id":17185,"date":"2022-08-29T21:37:03","date_gmt":"2022-08-29T19:37:03","guid":{"rendered":"https:\/\/www.tuseichholzremmighausen.de\/wordpress\/?p=17185"},"modified":"2022-09-09T17:59:59","modified_gmt":"2022-09-09T15:59:59","slug":"punktgewinn-bei-heimspielpremiere-juniorinnen-00-gegen-sv-kt07","status":"publish","type":"post","link":"https:\/\/www.tuseichholzremmighausen.de\/wordpress\/archives\/17185","title":{"rendered":"Punktgewinn bei Heimspielpremiere! Juniorinnen 0:0 gegen SV KT07"},"content":{"rendered":"<p>Auch am zweiten Spieltag der noch jungen Bezirksligasaison liefert Team Eichholz sensationell ab!<img data-recalc-dims=\"1\" loading=\"lazy\" decoding=\"async\" data-attachment-id=\"17187\" data-permalink=\"https:\/\/www.tuseichholzremmighausen.de\/wordpress\/archives\/17185\/5i1a8725\" data-orig-file=\"https:\/\/i0.wp.com\/www.tuseichholzremmighausen.de\/wordpress\/wp-content\/uploads\/2022\/08\/5I1A8725.jpg?fit=1200%2C674&amp;ssl=1\" data-orig-size=\"1200,674\" data-comments-opened=\"0\" data-image-meta=\"{&quot;aperture&quot;:&quot;4&quot;,&quot;credit&quot;:&quot;Rolf Gehrke&quot;,&quot;camera&quot;:&quot;Canon EOS R6&quot;,&quot;caption&quot;:&quot;&quot;,&quot;created_timestamp&quot;:&quot;1661686258&quot;,&quot;copyright&quot;:&quot;RGehrke&quot;,&quot;focal_length&quot;:&quot;180&quot;,&quot;iso&quot;:&quot;500&quot;,&quot;shutter_speed&quot;:&quot;0.0005&quot;,&quot;title&quot;:&quot;&quot;,&quot;orientation&quot;:&quot;1&quot;}\" data-image-title=\"5I1A8725\" data-image-description=\"\" data-image-caption=\"\" data-large-file=\"https:\/\/i0.wp.com\/www.tuseichholzremmighausen.de\/wordpress\/wp-content\/uploads\/2022\/08\/5I1A8725.jpg?fit=800%2C449&amp;ssl=1\" class=\"alignnone size-full wp-image-17187\" src=\"https:\/\/i0.wp.com\/www.tuseichholzremmighausen.de\/wordpress\/wp-content\/uploads\/2022\/08\/5I1A8725.jpg?resize=800%2C449&#038;ssl=1\" alt=\"\" width=\"800\" height=\"449\" srcset=\"https:\/\/i0.wp.com\/www.tuseichholzremmighausen.de\/wordpress\/wp-content\/uploads\/2022\/08\/5I1A8725.jpg?w=1200&amp;ssl=1 1200w, https:\/\/i0.wp.com\/www.tuseichholzremmighausen.de\/wordpress\/wp-content\/uploads\/2022\/08\/5I1A8725.jpg?resize=300%2C169&amp;ssl=1 300w, https:\/\/i0.wp.com\/www.tuseichholzremmighausen.de\/wordpress\/wp-content\/uploads\/2022\/08\/5I1A8725.jpg?resize=1024%2C575&amp;ssl=1 1024w, https:\/\/i0.wp.com\/www.tuseichholzremmighausen.de\/wordpress\/wp-content\/uploads\/2022\/08\/5I1A8725.jpg?resize=768%2C431&amp;ssl=1 768w\" sizes=\"auto, (max-width: 800px) 100vw, 800px\" \/> Mit dem SV Kutenhausen-Todtenhausen 07 erwartete der TuS eine bezirksligaerfahrene Mannschaft (Rang 3 in Staffel2 der vergangenen Saison) zur Heimspielpremiere. Aufgrund der Verletzung von F\u00e4ngerin Jannika hat auf Eichholzer Seite weiterhin die Stabilisierung im Defensivbereich \u00e4u\u00dferste Priorit\u00e4t. Nach vielen \u00dcberlegungen und Gespr\u00e4chen stellten die Betreuerinnen auf einigen Positionen um.<img data-recalc-dims=\"1\" loading=\"lazy\" decoding=\"async\" data-attachment-id=\"17191\" data-permalink=\"https:\/\/www.tuseichholzremmighausen.de\/wordpress\/archives\/17185\/5i1a8600\" data-orig-file=\"https:\/\/i0.wp.com\/www.tuseichholzremmighausen.de\/wordpress\/wp-content\/uploads\/2022\/08\/5I1A8600.jpg?fit=1200%2C675&amp;ssl=1\" data-orig-size=\"1200,675\" data-comments-opened=\"0\" data-image-meta=\"{&quot;aperture&quot;:&quot;8&quot;,&quot;credit&quot;:&quot;Rolf Gehrke&quot;,&quot;camera&quot;:&quot;Canon EOS R6&quot;,&quot;caption&quot;:&quot;&quot;,&quot;created_timestamp&quot;:&quot;1661683946&quot;,&quot;copyright&quot;:&quot;RGehrke&quot;,&quot;focal_length&quot;:&quot;100&quot;,&quot;iso&quot;:&quot;640&quot;,&quot;shutter_speed&quot;:&quot;0.0025&quot;,&quot;title&quot;:&quot;&quot;,&quot;orientation&quot;:&quot;1&quot;}\" data-image-title=\"5I1A8600\" data-image-description=\"\" data-image-caption=\"\" data-large-file=\"https:\/\/i0.wp.com\/www.tuseichholzremmighausen.de\/wordpress\/wp-content\/uploads\/2022\/08\/5I1A8600.jpg?fit=800%2C450&amp;ssl=1\" class=\"alignnone size-full wp-image-17191\" src=\"https:\/\/i0.wp.com\/www.tuseichholzremmighausen.de\/wordpress\/wp-content\/uploads\/2022\/08\/5I1A8600.jpg?resize=800%2C450&#038;ssl=1\" alt=\"\" width=\"800\" height=\"450\" srcset=\"https:\/\/i0.wp.com\/www.tuseichholzremmighausen.de\/wordpress\/wp-content\/uploads\/2022\/08\/5I1A8600.jpg?w=1200&amp;ssl=1 1200w, https:\/\/i0.wp.com\/www.tuseichholzremmighausen.de\/wordpress\/wp-content\/uploads\/2022\/08\/5I1A8600.jpg?resize=300%2C169&amp;ssl=1 300w, https:\/\/i0.wp.com\/www.tuseichholzremmighausen.de\/wordpress\/wp-content\/uploads\/2022\/08\/5I1A8600.jpg?resize=1024%2C576&amp;ssl=1 1024w, https:\/\/i0.wp.com\/www.tuseichholzremmighausen.de\/wordpress\/wp-content\/uploads\/2022\/08\/5I1A8600.jpg?resize=768%2C432&amp;ssl=1 768w\" sizes=\"auto, (max-width: 800px) 100vw, 800px\" \/> In leichter Ver\u00e4nderung zur Auftaktpartie in H\u00f6xter, streifte sich Caro die Torwarthandschuhe \u00fcber. Dorkas wechselte ins Feld. Da Caro bereits in fr\u00fcheren Fu\u00dfballzeiten im Tor gespielt hatte, sicher eine durchaus erfolgversprechende Ma\u00dfnahme.<img data-recalc-dims=\"1\" loading=\"lazy\" decoding=\"async\" data-attachment-id=\"17188\" data-permalink=\"https:\/\/www.tuseichholzremmighausen.de\/wordpress\/archives\/17185\/5i1a8657\" data-orig-file=\"https:\/\/i0.wp.com\/www.tuseichholzremmighausen.de\/wordpress\/wp-content\/uploads\/2022\/08\/5I1A8657.jpg?fit=1200%2C675&amp;ssl=1\" data-orig-size=\"1200,675\" data-comments-opened=\"0\" data-image-meta=\"{&quot;aperture&quot;:&quot;9&quot;,&quot;credit&quot;:&quot;Rolf Gehrke&quot;,&quot;camera&quot;:&quot;Canon EOS R6&quot;,&quot;caption&quot;:&quot;&quot;,&quot;created_timestamp&quot;:&quot;1661684718&quot;,&quot;copyright&quot;:&quot;RGehrke&quot;,&quot;focal_length&quot;:&quot;200&quot;,&quot;iso&quot;:&quot;1000&quot;,&quot;shutter_speed&quot;:&quot;0.00125&quot;,&quot;title&quot;:&quot;&quot;,&quot;orientation&quot;:&quot;1&quot;}\" data-image-title=\"5I1A8657\" data-image-description=\"\" data-image-caption=\"\" data-large-file=\"https:\/\/i0.wp.com\/www.tuseichholzremmighausen.de\/wordpress\/wp-content\/uploads\/2022\/08\/5I1A8657.jpg?fit=800%2C450&amp;ssl=1\" class=\"alignnone size-full wp-image-17188\" src=\"https:\/\/i0.wp.com\/www.tuseichholzremmighausen.de\/wordpress\/wp-content\/uploads\/2022\/08\/5I1A8657.jpg?resize=800%2C450&#038;ssl=1\" alt=\"\" width=\"800\" height=\"450\" srcset=\"https:\/\/i0.wp.com\/www.tuseichholzremmighausen.de\/wordpress\/wp-content\/uploads\/2022\/08\/5I1A8657.jpg?w=1200&amp;ssl=1 1200w, https:\/\/i0.wp.com\/www.tuseichholzremmighausen.de\/wordpress\/wp-content\/uploads\/2022\/08\/5I1A8657.jpg?resize=300%2C169&amp;ssl=1 300w, https:\/\/i0.wp.com\/www.tuseichholzremmighausen.de\/wordpress\/wp-content\/uploads\/2022\/08\/5I1A8657.jpg?resize=1024%2C576&amp;ssl=1 1024w, https:\/\/i0.wp.com\/www.tuseichholzremmighausen.de\/wordpress\/wp-content\/uploads\/2022\/08\/5I1A8657.jpg?resize=768%2C432&amp;ssl=1 768w\" sizes=\"auto, (max-width: 800px) 100vw, 800px\" \/> Coach Janine nahm bewusst in Kauf, dass die eigene Offensive gegebenenfalls um Nuancen die Durchschlagskraft genommen werden k\u00f6nnte. Immerhin hatte St\u00fcrmerin Caro am letzten Wochenende beim 2:2 einen Treffer erzielen k\u00f6nnen.<img data-recalc-dims=\"1\" loading=\"lazy\" decoding=\"async\" data-attachment-id=\"17189\" data-permalink=\"https:\/\/www.tuseichholzremmighausen.de\/wordpress\/archives\/17185\/5i1a8675\" data-orig-file=\"https:\/\/i0.wp.com\/www.tuseichholzremmighausen.de\/wordpress\/wp-content\/uploads\/2022\/08\/5I1A8675.jpg?fit=1200%2C674&amp;ssl=1\" data-orig-size=\"1200,674\" data-comments-opened=\"0\" data-image-meta=\"{&quot;aperture&quot;:&quot;4&quot;,&quot;credit&quot;:&quot;Rolf Gehrke&quot;,&quot;camera&quot;:&quot;Canon EOS R6&quot;,&quot;caption&quot;:&quot;&quot;,&quot;created_timestamp&quot;:&quot;1661685322&quot;,&quot;copyright&quot;:&quot;RGehrke&quot;,&quot;focal_length&quot;:&quot;170&quot;,&quot;iso&quot;:&quot;320&quot;,&quot;shutter_speed&quot;:&quot;0.0005&quot;,&quot;title&quot;:&quot;&quot;,&quot;orientation&quot;:&quot;1&quot;}\" data-image-title=\"5I1A8675\" data-image-description=\"\" data-image-caption=\"\" data-large-file=\"https:\/\/i0.wp.com\/www.tuseichholzremmighausen.de\/wordpress\/wp-content\/uploads\/2022\/08\/5I1A8675.jpg?fit=800%2C449&amp;ssl=1\" class=\"alignnone size-full wp-image-17189\" src=\"https:\/\/i0.wp.com\/www.tuseichholzremmighausen.de\/wordpress\/wp-content\/uploads\/2022\/08\/5I1A8675.jpg?resize=800%2C449&#038;ssl=1\" alt=\"\" width=\"800\" height=\"449\" srcset=\"https:\/\/i0.wp.com\/www.tuseichholzremmighausen.de\/wordpress\/wp-content\/uploads\/2022\/08\/5I1A8675.jpg?w=1200&amp;ssl=1 1200w, https:\/\/i0.wp.com\/www.tuseichholzremmighausen.de\/wordpress\/wp-content\/uploads\/2022\/08\/5I1A8675.jpg?resize=300%2C169&amp;ssl=1 300w, https:\/\/i0.wp.com\/www.tuseichholzremmighausen.de\/wordpress\/wp-content\/uploads\/2022\/08\/5I1A8675.jpg?resize=1024%2C575&amp;ssl=1 1024w, https:\/\/i0.wp.com\/www.tuseichholzremmighausen.de\/wordpress\/wp-content\/uploads\/2022\/08\/5I1A8675.jpg?resize=768%2C431&amp;ssl=1 768w\" sizes=\"auto, (max-width: 800px) 100vw, 800px\" \/> <img data-recalc-dims=\"1\" loading=\"lazy\" decoding=\"async\" data-attachment-id=\"17195\" data-permalink=\"https:\/\/www.tuseichholzremmighausen.de\/wordpress\/archives\/17185\/5i1a8869\" data-orig-file=\"https:\/\/i0.wp.com\/www.tuseichholzremmighausen.de\/wordpress\/wp-content\/uploads\/2022\/08\/5I1A8869.jpg?fit=1200%2C674&amp;ssl=1\" data-orig-size=\"1200,674\" data-comments-opened=\"0\" data-image-meta=\"{&quot;aperture&quot;:&quot;2.8&quot;,&quot;credit&quot;:&quot;Rolf Gehrke&quot;,&quot;camera&quot;:&quot;Canon EOS R6&quot;,&quot;caption&quot;:&quot;&quot;,&quot;created_timestamp&quot;:&quot;1661688353&quot;,&quot;copyright&quot;:&quot;RGehrke&quot;,&quot;focal_length&quot;:&quot;102&quot;,&quot;iso&quot;:&quot;200&quot;,&quot;shutter_speed&quot;:&quot;0.000625&quot;,&quot;title&quot;:&quot;&quot;,&quot;orientation&quot;:&quot;1&quot;}\" data-image-title=\"5I1A8869\" data-image-description=\"\" data-image-caption=\"\" data-large-file=\"https:\/\/i0.wp.com\/www.tuseichholzremmighausen.de\/wordpress\/wp-content\/uploads\/2022\/08\/5I1A8869.jpg?fit=800%2C449&amp;ssl=1\" class=\"alignnone size-full wp-image-17195\" src=\"https:\/\/i0.wp.com\/www.tuseichholzremmighausen.de\/wordpress\/wp-content\/uploads\/2022\/08\/5I1A8869.jpg?resize=800%2C449&#038;ssl=1\" alt=\"\" width=\"800\" height=\"449\" srcset=\"https:\/\/i0.wp.com\/www.tuseichholzremmighausen.de\/wordpress\/wp-content\/uploads\/2022\/08\/5I1A8869.jpg?w=1200&amp;ssl=1 1200w, https:\/\/i0.wp.com\/www.tuseichholzremmighausen.de\/wordpress\/wp-content\/uploads\/2022\/08\/5I1A8869.jpg?resize=300%2C169&amp;ssl=1 300w, https:\/\/i0.wp.com\/www.tuseichholzremmighausen.de\/wordpress\/wp-content\/uploads\/2022\/08\/5I1A8869.jpg?resize=1024%2C575&amp;ssl=1 1024w, https:\/\/i0.wp.com\/www.tuseichholzremmighausen.de\/wordpress\/wp-content\/uploads\/2022\/08\/5I1A8869.jpg?resize=768%2C431&amp;ssl=1 768w\" sizes=\"auto, (max-width: 800px) 100vw, 800px\" \/>Die Abwehrreihe mit Kapit\u00e4nin Laura, Sophie und Charlotte stand sicher und hatte dazu eine gute Anbindung ans Mittelfeld.<img data-recalc-dims=\"1\" loading=\"lazy\" decoding=\"async\" data-attachment-id=\"17190\" data-permalink=\"https:\/\/www.tuseichholzremmighausen.de\/wordpress\/archives\/17185\/5i1a8700\" data-orig-file=\"https:\/\/i0.wp.com\/www.tuseichholzremmighausen.de\/wordpress\/wp-content\/uploads\/2022\/08\/5I1A8700.jpg?fit=1200%2C675&amp;ssl=1\" data-orig-size=\"1200,675\" data-comments-opened=\"0\" data-image-meta=\"{&quot;aperture&quot;:&quot;4&quot;,&quot;credit&quot;:&quot;Rolf Gehrke&quot;,&quot;camera&quot;:&quot;Canon EOS R6&quot;,&quot;caption&quot;:&quot;&quot;,&quot;created_timestamp&quot;:&quot;1661685472&quot;,&quot;copyright&quot;:&quot;RGehrke&quot;,&quot;focal_length&quot;:&quot;200&quot;,&quot;iso&quot;:&quot;320&quot;,&quot;shutter_speed&quot;:&quot;0.0005&quot;,&quot;title&quot;:&quot;&quot;,&quot;orientation&quot;:&quot;1&quot;}\" data-image-title=\"5I1A8700\" data-image-description=\"\" data-image-caption=\"\" data-large-file=\"https:\/\/i0.wp.com\/www.tuseichholzremmighausen.de\/wordpress\/wp-content\/uploads\/2022\/08\/5I1A8700.jpg?fit=800%2C450&amp;ssl=1\" class=\"alignnone size-full wp-image-17190\" src=\"https:\/\/i0.wp.com\/www.tuseichholzremmighausen.de\/wordpress\/wp-content\/uploads\/2022\/08\/5I1A8700.jpg?resize=800%2C450&#038;ssl=1\" alt=\"\" width=\"800\" height=\"450\" srcset=\"https:\/\/i0.wp.com\/www.tuseichholzremmighausen.de\/wordpress\/wp-content\/uploads\/2022\/08\/5I1A8700.jpg?w=1200&amp;ssl=1 1200w, https:\/\/i0.wp.com\/www.tuseichholzremmighausen.de\/wordpress\/wp-content\/uploads\/2022\/08\/5I1A8700.jpg?resize=300%2C169&amp;ssl=1 300w, https:\/\/i0.wp.com\/www.tuseichholzremmighausen.de\/wordpress\/wp-content\/uploads\/2022\/08\/5I1A8700.jpg?resize=1024%2C576&amp;ssl=1 1024w, https:\/\/i0.wp.com\/www.tuseichholzremmighausen.de\/wordpress\/wp-content\/uploads\/2022\/08\/5I1A8700.jpg?resize=768%2C432&amp;ssl=1 768w\" sizes=\"auto, (max-width: 800px) 100vw, 800px\" \/> <img data-recalc-dims=\"1\" loading=\"lazy\" decoding=\"async\" data-attachment-id=\"17194\" data-permalink=\"https:\/\/www.tuseichholzremmighausen.de\/wordpress\/archives\/17185\/5i1a8948\" data-orig-file=\"https:\/\/i0.wp.com\/www.tuseichholzremmighausen.de\/wordpress\/wp-content\/uploads\/2022\/08\/5I1A8948.jpg?fit=1200%2C675&amp;ssl=1\" data-orig-size=\"1200,675\" data-comments-opened=\"0\" data-image-meta=\"{&quot;aperture&quot;:&quot;4&quot;,&quot;credit&quot;:&quot;Rolf Gehrke&quot;,&quot;camera&quot;:&quot;Canon EOS R6&quot;,&quot;caption&quot;:&quot;&quot;,&quot;created_timestamp&quot;:&quot;1661689495&quot;,&quot;copyright&quot;:&quot;RGehrke&quot;,&quot;focal_length&quot;:&quot;115&quot;,&quot;iso&quot;:&quot;500&quot;,&quot;shutter_speed&quot;:&quot;0.0005&quot;,&quot;title&quot;:&quot;&quot;,&quot;orientation&quot;:&quot;1&quot;}\" data-image-title=\"5I1A8948\" data-image-description=\"\" data-image-caption=\"\" data-large-file=\"https:\/\/i0.wp.com\/www.tuseichholzremmighausen.de\/wordpress\/wp-content\/uploads\/2022\/08\/5I1A8948.jpg?fit=800%2C450&amp;ssl=1\" class=\"alignnone size-full wp-image-17194\" src=\"https:\/\/i0.wp.com\/www.tuseichholzremmighausen.de\/wordpress\/wp-content\/uploads\/2022\/08\/5I1A8948.jpg?resize=800%2C450&#038;ssl=1\" alt=\"\" width=\"800\" height=\"450\" srcset=\"https:\/\/i0.wp.com\/www.tuseichholzremmighausen.de\/wordpress\/wp-content\/uploads\/2022\/08\/5I1A8948.jpg?w=1200&amp;ssl=1 1200w, https:\/\/i0.wp.com\/www.tuseichholzremmighausen.de\/wordpress\/wp-content\/uploads\/2022\/08\/5I1A8948.jpg?resize=300%2C169&amp;ssl=1 300w, https:\/\/i0.wp.com\/www.tuseichholzremmighausen.de\/wordpress\/wp-content\/uploads\/2022\/08\/5I1A8948.jpg?resize=1024%2C576&amp;ssl=1 1024w, https:\/\/i0.wp.com\/www.tuseichholzremmighausen.de\/wordpress\/wp-content\/uploads\/2022\/08\/5I1A8948.jpg?resize=768%2C432&amp;ssl=1 768w\" sizes=\"auto, (max-width: 800px) 100vw, 800px\" \/>Auch wenn die G\u00e4ste aus dem Mindener Land etwas besser in die Begegnung starteten, konnte sich Gr\u00fcn\/Wei\u00df auf die Defensivreihen und F\u00e4ngerin Caro verlassen. Eichholz lie\u00df die St\u00fcrmerinnen des SV Kutenhausen-T. nicht zur Entfaltung kommen. Ja, leider kam auch der TuS im ersten Durchgang nie richtig in Schussposition. In der zweiten Halbzeit traute sich Gr\u00fcn\/Wei\u00df etwas mehr zu, die z\u00fcndenden Aktionen in der Spitze blieben aber aus. Die G\u00e4ste blieben ebenfalls beim sicheren und kontrollierten Spielaufbau.<img data-recalc-dims=\"1\" loading=\"lazy\" decoding=\"async\" data-attachment-id=\"17193\" data-permalink=\"https:\/\/www.tuseichholzremmighausen.de\/wordpress\/archives\/17185\/5i1a8956\" data-orig-file=\"https:\/\/i0.wp.com\/www.tuseichholzremmighausen.de\/wordpress\/wp-content\/uploads\/2022\/08\/5I1A8956.jpg?fit=1200%2C675&amp;ssl=1\" data-orig-size=\"1200,675\" data-comments-opened=\"0\" data-image-meta=\"{&quot;aperture&quot;:&quot;4&quot;,&quot;credit&quot;:&quot;Rolf Gehrke&quot;,&quot;camera&quot;:&quot;Canon EOS R6&quot;,&quot;caption&quot;:&quot;&quot;,&quot;created_timestamp&quot;:&quot;1661689501&quot;,&quot;copyright&quot;:&quot;RGehrke&quot;,&quot;focal_length&quot;:&quot;170&quot;,&quot;iso&quot;:&quot;500&quot;,&quot;shutter_speed&quot;:&quot;0.0005&quot;,&quot;title&quot;:&quot;&quot;,&quot;orientation&quot;:&quot;1&quot;}\" data-image-title=\"5I1A8956\" data-image-description=\"\" data-image-caption=\"\" data-large-file=\"https:\/\/i0.wp.com\/www.tuseichholzremmighausen.de\/wordpress\/wp-content\/uploads\/2022\/08\/5I1A8956.jpg?fit=800%2C450&amp;ssl=1\" class=\"alignnone size-full wp-image-17193\" src=\"https:\/\/i0.wp.com\/www.tuseichholzremmighausen.de\/wordpress\/wp-content\/uploads\/2022\/08\/5I1A8956.jpg?resize=800%2C450&#038;ssl=1\" alt=\"\" width=\"800\" height=\"450\" srcset=\"https:\/\/i0.wp.com\/www.tuseichholzremmighausen.de\/wordpress\/wp-content\/uploads\/2022\/08\/5I1A8956.jpg?w=1200&amp;ssl=1 1200w, https:\/\/i0.wp.com\/www.tuseichholzremmighausen.de\/wordpress\/wp-content\/uploads\/2022\/08\/5I1A8956.jpg?resize=300%2C169&amp;ssl=1 300w, https:\/\/i0.wp.com\/www.tuseichholzremmighausen.de\/wordpress\/wp-content\/uploads\/2022\/08\/5I1A8956.jpg?resize=1024%2C576&amp;ssl=1 1024w, https:\/\/i0.wp.com\/www.tuseichholzremmighausen.de\/wordpress\/wp-content\/uploads\/2022\/08\/5I1A8956.jpg?resize=768%2C432&amp;ssl=1 768w\" sizes=\"auto, (max-width: 800px) 100vw, 800px\" \/> Die wenigen Offensivaktionen des SV KT07 konnten fr\u00fchzeitig vom b\u00e4renstarken Abwehrblock der Eichholzer M\u00e4dels gestoppt werden. Bis zum Schlusspfiff lebte die \u00e4u\u00dferst faire, leider auch torraumszenenarme Partie von der Spannung.<img data-recalc-dims=\"1\" loading=\"lazy\" decoding=\"async\" data-attachment-id=\"17192\" data-permalink=\"https:\/\/www.tuseichholzremmighausen.de\/wordpress\/archives\/17185\/5i1a8980\" data-orig-file=\"https:\/\/i0.wp.com\/www.tuseichholzremmighausen.de\/wordpress\/wp-content\/uploads\/2022\/08\/5I1A8980.jpg?fit=1200%2C674&amp;ssl=1\" data-orig-size=\"1200,674\" data-comments-opened=\"0\" data-image-meta=\"{&quot;aperture&quot;:&quot;4&quot;,&quot;credit&quot;:&quot;Rolf Gehrke&quot;,&quot;camera&quot;:&quot;Canon EOS R6&quot;,&quot;caption&quot;:&quot;&quot;,&quot;created_timestamp&quot;:&quot;1661689971&quot;,&quot;copyright&quot;:&quot;RGehrke&quot;,&quot;focal_length&quot;:&quot;200&quot;,&quot;iso&quot;:&quot;320&quot;,&quot;shutter_speed&quot;:&quot;0.0005&quot;,&quot;title&quot;:&quot;&quot;,&quot;orientation&quot;:&quot;1&quot;}\" data-image-title=\"5I1A8980\" data-image-description=\"\" data-image-caption=\"\" data-large-file=\"https:\/\/i0.wp.com\/www.tuseichholzremmighausen.de\/wordpress\/wp-content\/uploads\/2022\/08\/5I1A8980.jpg?fit=800%2C449&amp;ssl=1\" class=\"alignnone size-full wp-image-17192\" src=\"https:\/\/i0.wp.com\/www.tuseichholzremmighausen.de\/wordpress\/wp-content\/uploads\/2022\/08\/5I1A8980.jpg?resize=800%2C449&#038;ssl=1\" alt=\"\" width=\"800\" height=\"449\" srcset=\"https:\/\/i0.wp.com\/www.tuseichholzremmighausen.de\/wordpress\/wp-content\/uploads\/2022\/08\/5I1A8980.jpg?w=1200&amp;ssl=1 1200w, https:\/\/i0.wp.com\/www.tuseichholzremmighausen.de\/wordpress\/wp-content\/uploads\/2022\/08\/5I1A8980.jpg?resize=300%2C169&amp;ssl=1 300w, https:\/\/i0.wp.com\/www.tuseichholzremmighausen.de\/wordpress\/wp-content\/uploads\/2022\/08\/5I1A8980.jpg?resize=1024%2C575&amp;ssl=1 1024w, https:\/\/i0.wp.com\/www.tuseichholzremmighausen.de\/wordpress\/wp-content\/uploads\/2022\/08\/5I1A8980.jpg?resize=768%2C431&amp;ssl=1 768w\" sizes=\"auto, (max-width: 800px) 100vw, 800px\" \/> 0:0 nach 80 Minuten Juniorinnenfu\u00dfball auf Augenh\u00f6he. Fazit: F\u00fcr die Eichholzer M\u00e4dels sicher ein klasse Erfolg, im zweiten Spiel den zweiten Punkt und damit Rang 7 in der Tabelle verbuchen zu k\u00f6nnen. Am dritten Spieltag erwartet Eichholz den TuS Wadersloh, Tabellensechster mit 3 Z\u00e4hlern. Um 11 Uhr auf dem Sportfestsonntag wird angesto\u00dfen. \u00a0Unsere zweite Mannschaft hofft endlich in die Saison starten zu k\u00f6nnen. Nach spielfreiem ersten Meisterschaftswochenende musste FSV Pivitsheide das f\u00fcr letzten Samstag angesetzte Spiel leider absagen. Am kommenden Samstagnachmittag, 15 Uhr Ansto\u00dfzeit, ist die Partie bei TuRa Elsen der ersehnte Saisonauftakt f\u00fcr unsere Zweite. Zuschauer, Eltern und Fans sind herzlich eingeladen, unsere 2. Mannschaft in Elsen beim ersten Ligaspiel zu unterst\u00fctzen. <img data-recalc-dims=\"1\" loading=\"lazy\" decoding=\"async\" data-attachment-id=\"17196\" data-permalink=\"https:\/\/www.tuseichholzremmighausen.de\/wordpress\/archives\/17185\/5i1a8753\" data-orig-file=\"https:\/\/i0.wp.com\/www.tuseichholzremmighausen.de\/wordpress\/wp-content\/uploads\/2022\/08\/5I1A8753.jpg?fit=1200%2C674&amp;ssl=1\" data-orig-size=\"1200,674\" data-comments-opened=\"0\" data-image-meta=\"{&quot;aperture&quot;:&quot;6.3&quot;,&quot;credit&quot;:&quot;Rolf Gehrke&quot;,&quot;camera&quot;:&quot;Canon EOS R6&quot;,&quot;caption&quot;:&quot;&quot;,&quot;created_timestamp&quot;:&quot;1661687110&quot;,&quot;copyright&quot;:&quot;RGehrke&quot;,&quot;focal_length&quot;:&quot;105&quot;,&quot;iso&quot;:&quot;500&quot;,&quot;shutter_speed&quot;:&quot;0.0008&quot;,&quot;title&quot;:&quot;&quot;,&quot;orientation&quot;:&quot;1&quot;}\" data-image-title=\"5I1A8753\" data-image-description=\"\" data-image-caption=\"\" data-large-file=\"https:\/\/i0.wp.com\/www.tuseichholzremmighausen.de\/wordpress\/wp-content\/uploads\/2022\/08\/5I1A8753.jpg?fit=800%2C449&amp;ssl=1\" class=\"alignnone size-full wp-image-17196\" src=\"https:\/\/i0.wp.com\/www.tuseichholzremmighausen.de\/wordpress\/wp-content\/uploads\/2022\/08\/5I1A8753.jpg?resize=800%2C449&#038;ssl=1\" alt=\"\" width=\"800\" height=\"449\" srcset=\"https:\/\/i0.wp.com\/www.tuseichholzremmighausen.de\/wordpress\/wp-content\/uploads\/2022\/08\/5I1A8753.jpg?w=1200&amp;ssl=1 1200w, https:\/\/i0.wp.com\/www.tuseichholzremmighausen.de\/wordpress\/wp-content\/uploads\/2022\/08\/5I1A8753.jpg?resize=300%2C169&amp;ssl=1 300w, https:\/\/i0.wp.com\/www.tuseichholzremmighausen.de\/wordpress\/wp-content\/uploads\/2022\/08\/5I1A8753.jpg?resize=1024%2C575&amp;ssl=1 1024w, https:\/\/i0.wp.com\/www.tuseichholzremmighausen.de\/wordpress\/wp-content\/uploads\/2022\/08\/5I1A8753.jpg?resize=768%2C431&amp;ssl=1 768w\" sizes=\"auto, (max-width: 800px) 100vw, 800px\" \/><\/p>\n","protected":false},"excerpt":{"rendered":"<p>Punktgewinn bei Heimspielpremiere! Juniorinnen 0:0 gegen SV KT07<\/p>\n","protected":false},"author":16,"featured_media":17186,"comment_status":"closed","ping_status":"open","sticky":false,"template":"","format":"standard","meta":{"colormag_page_container_layout":"default_layout","colormag_page_sidebar_layout":"default_layout","_jetpack_memberships_contains_paid_content":false,"footnotes":"","jetpack_publicize_message":"","jetpack_publicize_feature_enabled":true,"jetpack_social_post_already_shared":true,"jetpack_social_options":{"image_generator_settings":{"template":"highway","default_image_id":0,"font":"","enabled":false},"version":2}},"categories":[157,207,158,254],"tags":[],"class_list":["post-17185","post","type-post","status-publish","format-standard","has-post-thumbnail","hentry","category-archiv","category-b-juniorinnen","category-fb-jugend-aktuell","category-fb-weiblich-aktuell"],"jetpack_publicize_connections":[],"jetpack_featured_media_url":"https:\/\/i0.wp.com\/www.tuseichholzremmighausen.de\/wordpress\/wp-content\/uploads\/2022\/08\/5I1A8887.jpg?fit=1200%2C675&ssl=1","jetpack_sharing_enabled":true,"_links":{"self":[{"href":"https:\/\/www.tuseichholzremmighausen.de\/wordpress\/wp-json\/wp\/v2\/posts\/17185","targetHints":{"allow":["GET"]}}],"collection":[{"href":"https:\/\/www.tuseichholzremmighausen.de\/wordpress\/wp-json\/wp\/v2\/posts"}],"about":[{"href":"https:\/\/www.tuseichholzremmighausen.de\/wordpress\/wp-json\/wp\/v2\/types\/post"}],"author":[{"embeddable":true,"href":"https:\/\/www.tuseichholzremmighausen.de\/wordpress\/wp-json\/wp\/v2\/users\/16"}],"replies":[{"embeddable":true,"href":"https:\/\/www.tuseichholzremmighausen.de\/wordpress\/wp-json\/wp\/v2\/comments?post=17185"}],"version-history":[{"count":0,"href":"https:\/\/www.tuseichholzremmighausen.de\/wordpress\/wp-json\/wp\/v2\/posts\/17185\/revisions"}],"wp:featuredmedia":[{"embeddable":true,"href":"https:\/\/www.tuseichholzremmighausen.de\/wordpress\/wp-json\/wp\/v2\/media\/17186"}],"wp:attachment":[{"href":"https:\/\/www.tuseichholzremmighausen.de\/wordpress\/wp-json\/wp\/v2\/media?parent=17185"}],"wp:term":[{"taxonomy":"category","embeddable":true,"href":"https:\/\/www.tuseichholzremmighausen.de\/wordpress\/wp-json\/wp\/v2\/categories?post=17185"},{"taxonomy":"post_tag","embeddable":true,"href":"https:\/\/www.tuseichholzremmighausen.de\/wordpress\/wp-json\/wp\/v2\/tags?post=17185"}],"curies":[{"name":"wp","href":"https:\/\/api.w.org\/{rel}","templated":true}]}}