{"id":18359,"date":"2022-12-21T21:23:08","date_gmt":"2022-12-21T20:23:08","guid":{"rendered":"https:\/\/www.tuseichholzremmighausen.de\/wordpress\/?p=18359"},"modified":"2022-12-21T22:12:47","modified_gmt":"2022-12-21T21:12:47","slug":"erste-abteilungsuebergreifende-weihnachtsfeier-ein-voller-erfolg","status":"publish","type":"post","link":"https:\/\/www.tuseichholzremmighausen.de\/wordpress\/archives\/18359","title":{"rendered":"Erste abteilungs\u00fcbergreifende Weihnachtsfeier \u2013 ein voller Erfolg!"},"content":{"rendered":"<h3>Bereits letztes Jahr geplant \u2013 dieses Jahr erfolgreich umgesetzt.<\/h3>\n<p>Unter dem Motto \u201eGemeinschaft f\u00fchlen \u2013 Sport leben\u201c fand am Samstag, den 17.12.2022 unsere vereinsweite TuS Weihnachtsfeier in den R\u00e4umlichkeiten der Lebenshilfe in Detmold statt. Mit insgesamt rund 350 \u201eBesuchern\u201c und zahlreichen Helfern blicken wir zufrieden auf eine gelungene Veranstaltung zur\u00fcck. Das Organisationsteam hat sich im Vorfeld viele Gedanken gemacht, welches Angebot f\u00fcr welche Altersgruppe wohl das Beste ist. Dabei stand eins immer im Vordergrund: Wir wollen einen Raum schaffen, wo unsere Vereinsmitglieder \u2013 unabh\u00e4ngig davon ob aktiv oder passiv, egal welches Alter oder welches Geschlecht, vor allem aber auch egal welche Abteilung \u2013 untereinander ins Gespr\u00e4ch kommen und nach der langen Corona-Pause endlich wieder das Vereinsleben aufleben lassen und gemeinsam Zeit verbringen.<\/p>\n<h3>Samstag, 17.12.2022<\/h3>\n<p><strong>Morgens 8 Uhr:<\/strong> Der Aufbau beginnt, Br\u00f6tchen werden abgeholt, K\u00e4se- und Wurst-Platten vorbereitet, Gem\u00fcse geschnitten, Kaffee gekocht, und und und \u2026<\/p>\n<div data-carousel-extra='{&quot;blog_id&quot;:1,&quot;permalink&quot;:&quot;https:\/\/www.tuseichholzremmighausen.de\/wordpress\/archives\/18359&quot;}' id='gallery-1' class='gallery galleryid-18359 gallery-columns-3 gallery-size-colormag-featured-image'><figure class='gallery-item'>\n\t\t\t<div class='gallery-icon landscape'>\n\t\t\t\t<a href='https:\/\/www.tuseichholzremmighausen.de\/wordpress\/archives\/18359\/tus-er-weihnachtsfeier-2022-027'><img loading=\"lazy\" decoding=\"async\" width=\"800\" height=\"445\" src=\"https:\/\/i0.wp.com\/www.tuseichholzremmighausen.de\/wordpress\/wp-content\/uploads\/2022\/12\/tus-er-weihnachtsfeier-2022-027.jpg?resize=800%2C445&amp;ssl=1\" class=\"attachment-colormag-featured-image size-colormag-featured-image\" alt=\"\" srcset=\"https:\/\/i0.wp.com\/www.tuseichholzremmighausen.de\/wordpress\/wp-content\/uploads\/2022\/12\/tus-er-weihnachtsfeier-2022-027.jpg?resize=800%2C445&amp;ssl=1 800w, https:\/\/i0.wp.com\/www.tuseichholzremmighausen.de\/wordpress\/wp-content\/uploads\/2022\/12\/tus-er-weihnachtsfeier-2022-027.jpg?zoom=2&amp;resize=800%2C445&amp;ssl=1 1600w\" sizes=\"auto, (max-width: 800px) 100vw, 800px\" data-attachment-id=\"18364\" data-permalink=\"https:\/\/www.tuseichholzremmighausen.de\/wordpress\/archives\/18359\/tus-er-weihnachtsfeier-2022-027\" data-orig-file=\"https:\/\/i0.wp.com\/www.tuseichholzremmighausen.de\/wordpress\/wp-content\/uploads\/2022\/12\/tus-er-weihnachtsfeier-2022-027.jpg?fit=2048%2C1536&amp;ssl=1\" data-orig-size=\"2048,1536\" data-comments-opened=\"0\" data-image-meta=\"{&quot;aperture&quot;:&quot;0&quot;,&quot;credit&quot;:&quot;&quot;,&quot;camera&quot;:&quot;&quot;,&quot;caption&quot;:&quot;&quot;,&quot;created_timestamp&quot;:&quot;0&quot;,&quot;copyright&quot;:&quot;&quot;,&quot;focal_length&quot;:&quot;0&quot;,&quot;iso&quot;:&quot;0&quot;,&quot;shutter_speed&quot;:&quot;0&quot;,&quot;title&quot;:&quot;&quot;,&quot;orientation&quot;:&quot;0&quot;}\" data-image-title=\"tus-er-weihnachtsfeier-2022-027\" data-image-description=\"\" data-image-caption=\"\" data-large-file=\"https:\/\/i0.wp.com\/www.tuseichholzremmighausen.de\/wordpress\/wp-content\/uploads\/2022\/12\/tus-er-weihnachtsfeier-2022-027.jpg?fit=800%2C600&amp;ssl=1\" \/><\/a>\n\t\t\t<\/div><\/figure><figure class='gallery-item'>\n\t\t\t<div class='gallery-icon portrait'>\n\t\t\t\t<a href='https:\/\/www.tuseichholzremmighausen.de\/wordpress\/archives\/18359\/tus-er-weihnachtsfeier-2022-011'><img loading=\"lazy\" decoding=\"async\" width=\"800\" height=\"445\" src=\"https:\/\/i0.wp.com\/www.tuseichholzremmighausen.de\/wordpress\/wp-content\/uploads\/2022\/12\/tus-er-weihnachtsfeier-2022-011.jpg?resize=800%2C445&amp;ssl=1\" class=\"attachment-colormag-featured-image size-colormag-featured-image\" alt=\"\" data-attachment-id=\"18360\" data-permalink=\"https:\/\/www.tuseichholzremmighausen.de\/wordpress\/archives\/18359\/tus-er-weihnachtsfeier-2022-011\" data-orig-file=\"https:\/\/i0.wp.com\/www.tuseichholzremmighausen.de\/wordpress\/wp-content\/uploads\/2022\/12\/tus-er-weihnachtsfeier-2022-011.jpg?fit=1536%2C2048&amp;ssl=1\" data-orig-size=\"1536,2048\" data-comments-opened=\"0\" data-image-meta=\"{&quot;aperture&quot;:&quot;0&quot;,&quot;credit&quot;:&quot;&quot;,&quot;camera&quot;:&quot;&quot;,&quot;caption&quot;:&quot;&quot;,&quot;created_timestamp&quot;:&quot;0&quot;,&quot;copyright&quot;:&quot;&quot;,&quot;focal_length&quot;:&quot;0&quot;,&quot;iso&quot;:&quot;0&quot;,&quot;shutter_speed&quot;:&quot;0&quot;,&quot;title&quot;:&quot;&quot;,&quot;orientation&quot;:&quot;0&quot;}\" data-image-title=\"tus-er-weihnachtsfeier-2022-011\" data-image-description=\"\" data-image-caption=\"\" data-large-file=\"https:\/\/i0.wp.com\/www.tuseichholzremmighausen.de\/wordpress\/wp-content\/uploads\/2022\/12\/tus-er-weihnachtsfeier-2022-011.jpg?fit=768%2C1024&amp;ssl=1\" \/><\/a>\n\t\t\t<\/div><\/figure><figure class='gallery-item'>\n\t\t\t<div class='gallery-icon portrait'>\n\t\t\t\t<a href='https:\/\/www.tuseichholzremmighausen.de\/wordpress\/archives\/18359\/tus-er-weihnachtsfeier-2022-032'><img loading=\"lazy\" decoding=\"async\" width=\"800\" height=\"445\" src=\"https:\/\/i0.wp.com\/www.tuseichholzremmighausen.de\/wordpress\/wp-content\/uploads\/2022\/12\/tus-er-weihnachtsfeier-2022-032.jpg?resize=800%2C445&amp;ssl=1\" class=\"attachment-colormag-featured-image size-colormag-featured-image\" alt=\"\" data-attachment-id=\"18365\" data-permalink=\"https:\/\/www.tuseichholzremmighausen.de\/wordpress\/archives\/18359\/tus-er-weihnachtsfeier-2022-032\" data-orig-file=\"https:\/\/i0.wp.com\/www.tuseichholzremmighausen.de\/wordpress\/wp-content\/uploads\/2022\/12\/tus-er-weihnachtsfeier-2022-032.jpg?fit=1536%2C2048&amp;ssl=1\" data-orig-size=\"1536,2048\" data-comments-opened=\"0\" data-image-meta=\"{&quot;aperture&quot;:&quot;0&quot;,&quot;credit&quot;:&quot;&quot;,&quot;camera&quot;:&quot;&quot;,&quot;caption&quot;:&quot;&quot;,&quot;created_timestamp&quot;:&quot;0&quot;,&quot;copyright&quot;:&quot;&quot;,&quot;focal_length&quot;:&quot;0&quot;,&quot;iso&quot;:&quot;0&quot;,&quot;shutter_speed&quot;:&quot;0&quot;,&quot;title&quot;:&quot;&quot;,&quot;orientation&quot;:&quot;0&quot;}\" data-image-title=\"tus-er-weihnachtsfeier-2022-032\" data-image-description=\"\" data-image-caption=\"\" data-large-file=\"https:\/\/i0.wp.com\/www.tuseichholzremmighausen.de\/wordpress\/wp-content\/uploads\/2022\/12\/tus-er-weihnachtsfeier-2022-032.jpg?fit=768%2C1024&amp;ssl=1\" \/><\/a>\n\t\t\t<\/div><\/figure><figure class='gallery-item'>\n\t\t\t<div class='gallery-icon portrait'>\n\t\t\t\t<a href='https:\/\/www.tuseichholzremmighausen.de\/wordpress\/archives\/18359\/tus-er-weihnachtsfeier-2022-039'><img loading=\"lazy\" decoding=\"async\" width=\"800\" height=\"445\" src=\"https:\/\/i0.wp.com\/www.tuseichholzremmighausen.de\/wordpress\/wp-content\/uploads\/2022\/12\/tus-er-weihnachtsfeier-2022-039.jpg?resize=800%2C445&amp;ssl=1\" class=\"attachment-colormag-featured-image size-colormag-featured-image\" alt=\"\" data-attachment-id=\"18367\" data-permalink=\"https:\/\/www.tuseichholzremmighausen.de\/wordpress\/archives\/18359\/tus-er-weihnachtsfeier-2022-039\" data-orig-file=\"https:\/\/i0.wp.com\/www.tuseichholzremmighausen.de\/wordpress\/wp-content\/uploads\/2022\/12\/tus-er-weihnachtsfeier-2022-039.jpg?fit=1536%2C2048&amp;ssl=1\" data-orig-size=\"1536,2048\" data-comments-opened=\"0\" data-image-meta=\"{&quot;aperture&quot;:&quot;0&quot;,&quot;credit&quot;:&quot;&quot;,&quot;camera&quot;:&quot;&quot;,&quot;caption&quot;:&quot;&quot;,&quot;created_timestamp&quot;:&quot;0&quot;,&quot;copyright&quot;:&quot;&quot;,&quot;focal_length&quot;:&quot;0&quot;,&quot;iso&quot;:&quot;0&quot;,&quot;shutter_speed&quot;:&quot;0&quot;,&quot;title&quot;:&quot;&quot;,&quot;orientation&quot;:&quot;0&quot;}\" data-image-title=\"tus-er-weihnachtsfeier-2022-039\" data-image-description=\"\" data-image-caption=\"\" data-large-file=\"https:\/\/i0.wp.com\/www.tuseichholzremmighausen.de\/wordpress\/wp-content\/uploads\/2022\/12\/tus-er-weihnachtsfeier-2022-039.jpg?fit=768%2C1024&amp;ssl=1\" \/><\/a>\n\t\t\t<\/div><\/figure><figure class='gallery-item'>\n\t\t\t<div class='gallery-icon portrait'>\n\t\t\t\t<a href='https:\/\/www.tuseichholzremmighausen.de\/wordpress\/archives\/18359\/tus-er-weihnachtsfeier-2022-023'><img loading=\"lazy\" decoding=\"async\" width=\"800\" height=\"445\" src=\"https:\/\/i0.wp.com\/www.tuseichholzremmighausen.de\/wordpress\/wp-content\/uploads\/2022\/12\/tus-er-weihnachtsfeier-2022-023.jpg?resize=800%2C445&amp;ssl=1\" class=\"attachment-colormag-featured-image size-colormag-featured-image\" alt=\"\" data-attachment-id=\"18362\" data-permalink=\"https:\/\/www.tuseichholzremmighausen.de\/wordpress\/archives\/18359\/tus-er-weihnachtsfeier-2022-023\" data-orig-file=\"https:\/\/i0.wp.com\/www.tuseichholzremmighausen.de\/wordpress\/wp-content\/uploads\/2022\/12\/tus-er-weihnachtsfeier-2022-023.jpg?fit=1536%2C2048&amp;ssl=1\" data-orig-size=\"1536,2048\" data-comments-opened=\"0\" data-image-meta=\"{&quot;aperture&quot;:&quot;0&quot;,&quot;credit&quot;:&quot;&quot;,&quot;camera&quot;:&quot;&quot;,&quot;caption&quot;:&quot;&quot;,&quot;created_timestamp&quot;:&quot;0&quot;,&quot;copyright&quot;:&quot;&quot;,&quot;focal_length&quot;:&quot;0&quot;,&quot;iso&quot;:&quot;0&quot;,&quot;shutter_speed&quot;:&quot;0&quot;,&quot;title&quot;:&quot;&quot;,&quot;orientation&quot;:&quot;0&quot;}\" data-image-title=\"tus-er-weihnachtsfeier-2022-023\" data-image-description=\"\" data-image-caption=\"\" data-large-file=\"https:\/\/i0.wp.com\/www.tuseichholzremmighausen.de\/wordpress\/wp-content\/uploads\/2022\/12\/tus-er-weihnachtsfeier-2022-023.jpg?fit=768%2C1024&amp;ssl=1\" \/><\/a>\n\t\t\t<\/div><\/figure><figure class='gallery-item'>\n\t\t\t<div class='gallery-icon portrait'>\n\t\t\t\t<a href='https:\/\/www.tuseichholzremmighausen.de\/wordpress\/archives\/18359\/tus-er-weihnachtsfeier-2022-037'><img loading=\"lazy\" decoding=\"async\" width=\"800\" height=\"445\" src=\"https:\/\/i0.wp.com\/www.tuseichholzremmighausen.de\/wordpress\/wp-content\/uploads\/2022\/12\/tus-er-weihnachtsfeier-2022-037.jpg?resize=800%2C445&amp;ssl=1\" class=\"attachment-colormag-featured-image size-colormag-featured-image\" alt=\"\" data-attachment-id=\"18366\" data-permalink=\"https:\/\/www.tuseichholzremmighausen.de\/wordpress\/archives\/18359\/tus-er-weihnachtsfeier-2022-037\" data-orig-file=\"https:\/\/i0.wp.com\/www.tuseichholzremmighausen.de\/wordpress\/wp-content\/uploads\/2022\/12\/tus-er-weihnachtsfeier-2022-037.jpg?fit=1536%2C2048&amp;ssl=1\" data-orig-size=\"1536,2048\" data-comments-opened=\"0\" data-image-meta=\"{&quot;aperture&quot;:&quot;0&quot;,&quot;credit&quot;:&quot;&quot;,&quot;camera&quot;:&quot;&quot;,&quot;caption&quot;:&quot;&quot;,&quot;created_timestamp&quot;:&quot;0&quot;,&quot;copyright&quot;:&quot;&quot;,&quot;focal_length&quot;:&quot;0&quot;,&quot;iso&quot;:&quot;0&quot;,&quot;shutter_speed&quot;:&quot;0&quot;,&quot;title&quot;:&quot;&quot;,&quot;orientation&quot;:&quot;0&quot;}\" data-image-title=\"tus-er-weihnachtsfeier-2022-037\" data-image-description=\"\" data-image-caption=\"\" data-large-file=\"https:\/\/i0.wp.com\/www.tuseichholzremmighausen.de\/wordpress\/wp-content\/uploads\/2022\/12\/tus-er-weihnachtsfeier-2022-037.jpg?fit=768%2C1024&amp;ssl=1\" \/><\/a>\n\t\t\t<\/div><\/figure><figure class='gallery-item'>\n\t\t\t<div class='gallery-icon landscape'>\n\t\t\t\t<a href='https:\/\/www.tuseichholzremmighausen.de\/wordpress\/archives\/18359\/tus-er-weihnachtsfeier-2022-025'><img loading=\"lazy\" decoding=\"async\" width=\"800\" height=\"445\" src=\"https:\/\/i0.wp.com\/www.tuseichholzremmighausen.de\/wordpress\/wp-content\/uploads\/2022\/12\/tus-er-weihnachtsfeier-2022-025.jpg?resize=800%2C445&amp;ssl=1\" class=\"attachment-colormag-featured-image size-colormag-featured-image\" alt=\"\" srcset=\"https:\/\/i0.wp.com\/www.tuseichholzremmighausen.de\/wordpress\/wp-content\/uploads\/2022\/12\/tus-er-weihnachtsfeier-2022-025.jpg?resize=800%2C445&amp;ssl=1 800w, https:\/\/i0.wp.com\/www.tuseichholzremmighausen.de\/wordpress\/wp-content\/uploads\/2022\/12\/tus-er-weihnachtsfeier-2022-025.jpg?zoom=2&amp;resize=800%2C445&amp;ssl=1 1600w\" sizes=\"auto, (max-width: 800px) 100vw, 800px\" data-attachment-id=\"18363\" data-permalink=\"https:\/\/www.tuseichholzremmighausen.de\/wordpress\/archives\/18359\/tus-er-weihnachtsfeier-2022-025\" data-orig-file=\"https:\/\/i0.wp.com\/www.tuseichholzremmighausen.de\/wordpress\/wp-content\/uploads\/2022\/12\/tus-er-weihnachtsfeier-2022-025.jpg?fit=2048%2C1536&amp;ssl=1\" data-orig-size=\"2048,1536\" data-comments-opened=\"0\" data-image-meta=\"{&quot;aperture&quot;:&quot;0&quot;,&quot;credit&quot;:&quot;&quot;,&quot;camera&quot;:&quot;&quot;,&quot;caption&quot;:&quot;&quot;,&quot;created_timestamp&quot;:&quot;0&quot;,&quot;copyright&quot;:&quot;&quot;,&quot;focal_length&quot;:&quot;0&quot;,&quot;iso&quot;:&quot;0&quot;,&quot;shutter_speed&quot;:&quot;0&quot;,&quot;title&quot;:&quot;&quot;,&quot;orientation&quot;:&quot;0&quot;}\" data-image-title=\"tus-er-weihnachtsfeier-2022-025\" data-image-description=\"\" data-image-caption=\"\" data-large-file=\"https:\/\/i0.wp.com\/www.tuseichholzremmighausen.de\/wordpress\/wp-content\/uploads\/2022\/12\/tus-er-weihnachtsfeier-2022-025.jpg?fit=800%2C600&amp;ssl=1\" \/><\/a>\n\t\t\t<\/div><\/figure><figure class='gallery-item'>\n\t\t\t<div class='gallery-icon portrait'>\n\t\t\t\t<a href='https:\/\/www.tuseichholzremmighausen.de\/wordpress\/archives\/18359\/tus-er-weihnachtsfeier-2022-043'><img loading=\"lazy\" decoding=\"async\" width=\"800\" height=\"445\" src=\"https:\/\/i0.wp.com\/www.tuseichholzremmighausen.de\/wordpress\/wp-content\/uploads\/2022\/12\/tus-er-weihnachtsfeier-2022-043.jpg?resize=800%2C445&amp;ssl=1\" class=\"attachment-colormag-featured-image size-colormag-featured-image\" alt=\"\" data-attachment-id=\"18368\" data-permalink=\"https:\/\/www.tuseichholzremmighausen.de\/wordpress\/archives\/18359\/tus-er-weihnachtsfeier-2022-043\" data-orig-file=\"https:\/\/i0.wp.com\/www.tuseichholzremmighausen.de\/wordpress\/wp-content\/uploads\/2022\/12\/tus-er-weihnachtsfeier-2022-043.jpg?fit=1536%2C2048&amp;ssl=1\" data-orig-size=\"1536,2048\" data-comments-opened=\"0\" data-image-meta=\"{&quot;aperture&quot;:&quot;0&quot;,&quot;credit&quot;:&quot;&quot;,&quot;camera&quot;:&quot;&quot;,&quot;caption&quot;:&quot;&quot;,&quot;created_timestamp&quot;:&quot;0&quot;,&quot;copyright&quot;:&quot;&quot;,&quot;focal_length&quot;:&quot;0&quot;,&quot;iso&quot;:&quot;0&quot;,&quot;shutter_speed&quot;:&quot;0&quot;,&quot;title&quot;:&quot;&quot;,&quot;orientation&quot;:&quot;0&quot;}\" data-image-title=\"tus-er-weihnachtsfeier-2022-043\" data-image-description=\"\" data-image-caption=\"\" data-large-file=\"https:\/\/i0.wp.com\/www.tuseichholzremmighausen.de\/wordpress\/wp-content\/uploads\/2022\/12\/tus-er-weihnachtsfeier-2022-043.jpg?fit=768%2C1024&amp;ssl=1\" \/><\/a>\n\t\t\t<\/div><\/figure><figure class='gallery-item'>\n\t\t\t<div class='gallery-icon portrait'>\n\t\t\t\t<a href='https:\/\/www.tuseichholzremmighausen.de\/wordpress\/archives\/18359\/tus-er-weihnachtsfeier-2022-066'><img loading=\"lazy\" decoding=\"async\" width=\"800\" height=\"445\" src=\"https:\/\/i0.wp.com\/www.tuseichholzremmighausen.de\/wordpress\/wp-content\/uploads\/2022\/12\/tus-er-weihnachtsfeier-2022-066.jpg?resize=800%2C445&amp;ssl=1\" class=\"attachment-colormag-featured-image size-colormag-featured-image\" alt=\"\" data-attachment-id=\"18369\" data-permalink=\"https:\/\/www.tuseichholzremmighausen.de\/wordpress\/archives\/18359\/tus-er-weihnachtsfeier-2022-066\" data-orig-file=\"https:\/\/i0.wp.com\/www.tuseichholzremmighausen.de\/wordpress\/wp-content\/uploads\/2022\/12\/tus-er-weihnachtsfeier-2022-066.jpg?fit=1536%2C2048&amp;ssl=1\" data-orig-size=\"1536,2048\" data-comments-opened=\"0\" data-image-meta=\"{&quot;aperture&quot;:&quot;0&quot;,&quot;credit&quot;:&quot;&quot;,&quot;camera&quot;:&quot;&quot;,&quot;caption&quot;:&quot;&quot;,&quot;created_timestamp&quot;:&quot;0&quot;,&quot;copyright&quot;:&quot;&quot;,&quot;focal_length&quot;:&quot;0&quot;,&quot;iso&quot;:&quot;0&quot;,&quot;shutter_speed&quot;:&quot;0&quot;,&quot;title&quot;:&quot;&quot;,&quot;orientation&quot;:&quot;0&quot;}\" data-image-title=\"tus-er-weihnachtsfeier-2022-066\" data-image-description=\"\" data-image-caption=\"\" data-large-file=\"https:\/\/i0.wp.com\/www.tuseichholzremmighausen.de\/wordpress\/wp-content\/uploads\/2022\/12\/tus-er-weihnachtsfeier-2022-066.jpg?fit=768%2C1024&amp;ssl=1\" \/><\/a>\n\t\t\t<\/div><\/figure>\n\t\t<\/div>\n\n<p><strong>10 Uhr:<\/strong> Die ersten Vereinsmitglieder trudeln ein. Im ersten Zeitblock f\u00fcr die unter-10-j\u00e4hrigen mit ihren Geschwistern und Eltern waren insgesamt fast 130 Personen angemeldet. Nach einer kurzen Begr\u00fc\u00dfung ist das reichhaltige Fr\u00fchst\u00fccks-Buffet er\u00f6ffnet. Bei den tollen vorbereiteten Mitmach- und Bastel-Angeboten bleiben die Kinder aber nicht lange auf ihren St\u00fchlen sitzen. W\u00e4hrend die Eltern sich in Ruhe unterhalten und kennenlernen, verzieren die Kleinen in liebevoller Betreuung Knusperh\u00e4uschen, malen Mandalas aus, gestalten Kugeln f\u00fcr den Weihnachtsbaum, basteln weihnachtlichen Schmuck aus Chenilledraht und suchen sich ein passendes Motiv f\u00fcr einen selbstgemachten Button aus. Wer etwas mehr Action haben m\u00f6chte, tobt sich in der Turnhalle beim Kickern, Tischtennis oder verschiedenen Wurf-Spielen aus.<\/p>\n<div data-carousel-extra='{&quot;blog_id&quot;:1,&quot;permalink&quot;:&quot;https:\/\/www.tuseichholzremmighausen.de\/wordpress\/archives\/18359&quot;}' id='gallery-2' class='gallery galleryid-18359 gallery-columns-3 gallery-size-colormag-featured-image'><figure class='gallery-item'>\n\t\t\t<div class='gallery-icon landscape'>\n\t\t\t\t<a href='https:\/\/www.tuseichholzremmighausen.de\/wordpress\/archives\/18359\/tus-er-weihnachtsfeier-2022-012'><img loading=\"lazy\" decoding=\"async\" width=\"800\" height=\"445\" src=\"https:\/\/i0.wp.com\/www.tuseichholzremmighausen.de\/wordpress\/wp-content\/uploads\/2022\/12\/tus-er-weihnachtsfeier-2022-012.jpg?resize=800%2C445&amp;ssl=1\" class=\"attachment-colormag-featured-image size-colormag-featured-image\" alt=\"\" srcset=\"https:\/\/i0.wp.com\/www.tuseichholzremmighausen.de\/wordpress\/wp-content\/uploads\/2022\/12\/tus-er-weihnachtsfeier-2022-012.jpg?resize=800%2C445&amp;ssl=1 800w, https:\/\/i0.wp.com\/www.tuseichholzremmighausen.de\/wordpress\/wp-content\/uploads\/2022\/12\/tus-er-weihnachtsfeier-2022-012.jpg?zoom=2&amp;resize=800%2C445&amp;ssl=1 1600w\" sizes=\"auto, (max-width: 800px) 100vw, 800px\" data-attachment-id=\"18374\" data-permalink=\"https:\/\/www.tuseichholzremmighausen.de\/wordpress\/archives\/18359\/tus-er-weihnachtsfeier-2022-012\" data-orig-file=\"https:\/\/i0.wp.com\/www.tuseichholzremmighausen.de\/wordpress\/wp-content\/uploads\/2022\/12\/tus-er-weihnachtsfeier-2022-012.jpg?fit=2048%2C1536&amp;ssl=1\" data-orig-size=\"2048,1536\" data-comments-opened=\"0\" data-image-meta=\"{&quot;aperture&quot;:&quot;0&quot;,&quot;credit&quot;:&quot;&quot;,&quot;camera&quot;:&quot;&quot;,&quot;caption&quot;:&quot;&quot;,&quot;created_timestamp&quot;:&quot;0&quot;,&quot;copyright&quot;:&quot;&quot;,&quot;focal_length&quot;:&quot;0&quot;,&quot;iso&quot;:&quot;0&quot;,&quot;shutter_speed&quot;:&quot;0&quot;,&quot;title&quot;:&quot;&quot;,&quot;orientation&quot;:&quot;0&quot;}\" data-image-title=\"tus-er-weihnachtsfeier-2022-012\" data-image-description=\"\" data-image-caption=\"\" data-large-file=\"https:\/\/i0.wp.com\/www.tuseichholzremmighausen.de\/wordpress\/wp-content\/uploads\/2022\/12\/tus-er-weihnachtsfeier-2022-012.jpg?fit=800%2C600&amp;ssl=1\" \/><\/a>\n\t\t\t<\/div><\/figure><figure class='gallery-item'>\n\t\t\t<div class='gallery-icon portrait'>\n\t\t\t\t<a href='https:\/\/www.tuseichholzremmighausen.de\/wordpress\/archives\/18359\/tus-er-weihnachtsfeier-2022-028'><img loading=\"lazy\" decoding=\"async\" width=\"800\" height=\"445\" src=\"https:\/\/i0.wp.com\/www.tuseichholzremmighausen.de\/wordpress\/wp-content\/uploads\/2022\/12\/tus-er-weihnachtsfeier-2022-028.jpg?resize=800%2C445&amp;ssl=1\" class=\"attachment-colormag-featured-image size-colormag-featured-image\" alt=\"\" data-attachment-id=\"18377\" data-permalink=\"https:\/\/www.tuseichholzremmighausen.de\/wordpress\/archives\/18359\/tus-er-weihnachtsfeier-2022-028\" data-orig-file=\"https:\/\/i0.wp.com\/www.tuseichholzremmighausen.de\/wordpress\/wp-content\/uploads\/2022\/12\/tus-er-weihnachtsfeier-2022-028.jpg?fit=1536%2C2048&amp;ssl=1\" data-orig-size=\"1536,2048\" data-comments-opened=\"0\" data-image-meta=\"{&quot;aperture&quot;:&quot;0&quot;,&quot;credit&quot;:&quot;&quot;,&quot;camera&quot;:&quot;&quot;,&quot;caption&quot;:&quot;&quot;,&quot;created_timestamp&quot;:&quot;0&quot;,&quot;copyright&quot;:&quot;&quot;,&quot;focal_length&quot;:&quot;0&quot;,&quot;iso&quot;:&quot;0&quot;,&quot;shutter_speed&quot;:&quot;0&quot;,&quot;title&quot;:&quot;&quot;,&quot;orientation&quot;:&quot;0&quot;}\" data-image-title=\"tus-er-weihnachtsfeier-2022-028\" data-image-description=\"\" data-image-caption=\"\" data-large-file=\"https:\/\/i0.wp.com\/www.tuseichholzremmighausen.de\/wordpress\/wp-content\/uploads\/2022\/12\/tus-er-weihnachtsfeier-2022-028.jpg?fit=768%2C1024&amp;ssl=1\" \/><\/a>\n\t\t\t<\/div><\/figure><figure class='gallery-item'>\n\t\t\t<div class='gallery-icon portrait'>\n\t\t\t\t<a href='https:\/\/www.tuseichholzremmighausen.de\/wordpress\/archives\/18359\/tus-er-weihnachtsfeier-2022-08'><img loading=\"lazy\" decoding=\"async\" width=\"800\" height=\"445\" src=\"https:\/\/i0.wp.com\/www.tuseichholzremmighausen.de\/wordpress\/wp-content\/uploads\/2022\/12\/tus-er-weihnachtsfeier-2022-08.jpg?resize=800%2C445&amp;ssl=1\" class=\"attachment-colormag-featured-image size-colormag-featured-image\" alt=\"\" data-attachment-id=\"18373\" data-permalink=\"https:\/\/www.tuseichholzremmighausen.de\/wordpress\/archives\/18359\/tus-er-weihnachtsfeier-2022-08\" data-orig-file=\"https:\/\/i0.wp.com\/www.tuseichholzremmighausen.de\/wordpress\/wp-content\/uploads\/2022\/12\/tus-er-weihnachtsfeier-2022-08.jpg?fit=1536%2C2048&amp;ssl=1\" data-orig-size=\"1536,2048\" data-comments-opened=\"0\" data-image-meta=\"{&quot;aperture&quot;:&quot;0&quot;,&quot;credit&quot;:&quot;&quot;,&quot;camera&quot;:&quot;&quot;,&quot;caption&quot;:&quot;&quot;,&quot;created_timestamp&quot;:&quot;0&quot;,&quot;copyright&quot;:&quot;&quot;,&quot;focal_length&quot;:&quot;0&quot;,&quot;iso&quot;:&quot;0&quot;,&quot;shutter_speed&quot;:&quot;0&quot;,&quot;title&quot;:&quot;&quot;,&quot;orientation&quot;:&quot;0&quot;}\" data-image-title=\"tus-er-weihnachtsfeier-2022-08\" data-image-description=\"\" data-image-caption=\"\" data-large-file=\"https:\/\/i0.wp.com\/www.tuseichholzremmighausen.de\/wordpress\/wp-content\/uploads\/2022\/12\/tus-er-weihnachtsfeier-2022-08.jpg?fit=768%2C1024&amp;ssl=1\" \/><\/a>\n\t\t\t<\/div><\/figure><figure class='gallery-item'>\n\t\t\t<div class='gallery-icon portrait'>\n\t\t\t\t<a href='https:\/\/www.tuseichholzremmighausen.de\/wordpress\/archives\/18359\/tus-er-weihnachtsfeier-2022-04'><img loading=\"lazy\" decoding=\"async\" width=\"800\" height=\"445\" src=\"https:\/\/i0.wp.com\/www.tuseichholzremmighausen.de\/wordpress\/wp-content\/uploads\/2022\/12\/tus-er-weihnachtsfeier-2022-04.jpg?resize=800%2C445&amp;ssl=1\" class=\"attachment-colormag-featured-image size-colormag-featured-image\" alt=\"\" data-attachment-id=\"18371\" data-permalink=\"https:\/\/www.tuseichholzremmighausen.de\/wordpress\/archives\/18359\/tus-er-weihnachtsfeier-2022-04\" data-orig-file=\"https:\/\/i0.wp.com\/www.tuseichholzremmighausen.de\/wordpress\/wp-content\/uploads\/2022\/12\/tus-er-weihnachtsfeier-2022-04.jpg?fit=1536%2C2048&amp;ssl=1\" data-orig-size=\"1536,2048\" data-comments-opened=\"0\" data-image-meta=\"{&quot;aperture&quot;:&quot;0&quot;,&quot;credit&quot;:&quot;&quot;,&quot;camera&quot;:&quot;&quot;,&quot;caption&quot;:&quot;&quot;,&quot;created_timestamp&quot;:&quot;0&quot;,&quot;copyright&quot;:&quot;&quot;,&quot;focal_length&quot;:&quot;0&quot;,&quot;iso&quot;:&quot;0&quot;,&quot;shutter_speed&quot;:&quot;0&quot;,&quot;title&quot;:&quot;&quot;,&quot;orientation&quot;:&quot;0&quot;}\" data-image-title=\"tus-er-weihnachtsfeier-2022-04\" data-image-description=\"\" data-image-caption=\"\" data-large-file=\"https:\/\/i0.wp.com\/www.tuseichholzremmighausen.de\/wordpress\/wp-content\/uploads\/2022\/12\/tus-er-weihnachtsfeier-2022-04.jpg?fit=768%2C1024&amp;ssl=1\" \/><\/a>\n\t\t\t<\/div><\/figure><figure class='gallery-item'>\n\t\t\t<div class='gallery-icon portrait'>\n\t\t\t\t<a href='https:\/\/www.tuseichholzremmighausen.de\/wordpress\/archives\/18359\/tus-er-weihnachtsfeier-2022-024'><img loading=\"lazy\" decoding=\"async\" width=\"800\" height=\"445\" src=\"https:\/\/i0.wp.com\/www.tuseichholzremmighausen.de\/wordpress\/wp-content\/uploads\/2022\/12\/tus-er-weihnachtsfeier-2022-024.jpg?resize=800%2C445&amp;ssl=1\" class=\"attachment-colormag-featured-image size-colormag-featured-image\" alt=\"\" data-attachment-id=\"18376\" data-permalink=\"https:\/\/www.tuseichholzremmighausen.de\/wordpress\/archives\/18359\/tus-er-weihnachtsfeier-2022-024\" data-orig-file=\"https:\/\/i0.wp.com\/www.tuseichholzremmighausen.de\/wordpress\/wp-content\/uploads\/2022\/12\/tus-er-weihnachtsfeier-2022-024.jpg?fit=1536%2C2048&amp;ssl=1\" data-orig-size=\"1536,2048\" data-comments-opened=\"0\" data-image-meta=\"{&quot;aperture&quot;:&quot;0&quot;,&quot;credit&quot;:&quot;&quot;,&quot;camera&quot;:&quot;&quot;,&quot;caption&quot;:&quot;&quot;,&quot;created_timestamp&quot;:&quot;0&quot;,&quot;copyright&quot;:&quot;&quot;,&quot;focal_length&quot;:&quot;0&quot;,&quot;iso&quot;:&quot;0&quot;,&quot;shutter_speed&quot;:&quot;0&quot;,&quot;title&quot;:&quot;&quot;,&quot;orientation&quot;:&quot;0&quot;}\" data-image-title=\"tus-er-weihnachtsfeier-2022-024\" data-image-description=\"\" data-image-caption=\"\" data-large-file=\"https:\/\/i0.wp.com\/www.tuseichholzremmighausen.de\/wordpress\/wp-content\/uploads\/2022\/12\/tus-er-weihnachtsfeier-2022-024.jpg?fit=768%2C1024&amp;ssl=1\" \/><\/a>\n\t\t\t<\/div><\/figure><figure class='gallery-item'>\n\t\t\t<div class='gallery-icon portrait'>\n\t\t\t\t<a href='https:\/\/www.tuseichholzremmighausen.de\/wordpress\/archives\/18359\/tus-er-weihnachtsfeier-2022-051'><img loading=\"lazy\" decoding=\"async\" width=\"800\" height=\"445\" src=\"https:\/\/i0.wp.com\/www.tuseichholzremmighausen.de\/wordpress\/wp-content\/uploads\/2022\/12\/tus-er-weihnachtsfeier-2022-051.jpg?resize=800%2C445&amp;ssl=1\" class=\"attachment-colormag-featured-image size-colormag-featured-image\" alt=\"\" data-attachment-id=\"18381\" data-permalink=\"https:\/\/www.tuseichholzremmighausen.de\/wordpress\/archives\/18359\/tus-er-weihnachtsfeier-2022-051\" data-orig-file=\"https:\/\/i0.wp.com\/www.tuseichholzremmighausen.de\/wordpress\/wp-content\/uploads\/2022\/12\/tus-er-weihnachtsfeier-2022-051.jpg?fit=1536%2C2048&amp;ssl=1\" data-orig-size=\"1536,2048\" data-comments-opened=\"0\" data-image-meta=\"{&quot;aperture&quot;:&quot;0&quot;,&quot;credit&quot;:&quot;&quot;,&quot;camera&quot;:&quot;&quot;,&quot;caption&quot;:&quot;&quot;,&quot;created_timestamp&quot;:&quot;0&quot;,&quot;copyright&quot;:&quot;&quot;,&quot;focal_length&quot;:&quot;0&quot;,&quot;iso&quot;:&quot;0&quot;,&quot;shutter_speed&quot;:&quot;0&quot;,&quot;title&quot;:&quot;&quot;,&quot;orientation&quot;:&quot;0&quot;}\" data-image-title=\"tus-er-weihnachtsfeier-2022-051\" data-image-description=\"\" data-image-caption=\"\" data-large-file=\"https:\/\/i0.wp.com\/www.tuseichholzremmighausen.de\/wordpress\/wp-content\/uploads\/2022\/12\/tus-er-weihnachtsfeier-2022-051.jpg?fit=768%2C1024&amp;ssl=1\" \/><\/a>\n\t\t\t<\/div><\/figure><figure class='gallery-item'>\n\t\t\t<div class='gallery-icon portrait'>\n\t\t\t\t<a href='https:\/\/www.tuseichholzremmighausen.de\/wordpress\/archives\/18359\/tus-er-weihnachtsfeier-2022-040'><img loading=\"lazy\" decoding=\"async\" width=\"800\" height=\"445\" src=\"https:\/\/i0.wp.com\/www.tuseichholzremmighausen.de\/wordpress\/wp-content\/uploads\/2022\/12\/tus-er-weihnachtsfeier-2022-040.jpg?resize=800%2C445&amp;ssl=1\" class=\"attachment-colormag-featured-image size-colormag-featured-image\" alt=\"\" data-attachment-id=\"18380\" data-permalink=\"https:\/\/www.tuseichholzremmighausen.de\/wordpress\/archives\/18359\/tus-er-weihnachtsfeier-2022-040\" data-orig-file=\"https:\/\/i0.wp.com\/www.tuseichholzremmighausen.de\/wordpress\/wp-content\/uploads\/2022\/12\/tus-er-weihnachtsfeier-2022-040.jpg?fit=1536%2C2048&amp;ssl=1\" data-orig-size=\"1536,2048\" data-comments-opened=\"0\" data-image-meta=\"{&quot;aperture&quot;:&quot;0&quot;,&quot;credit&quot;:&quot;&quot;,&quot;camera&quot;:&quot;&quot;,&quot;caption&quot;:&quot;&quot;,&quot;created_timestamp&quot;:&quot;0&quot;,&quot;copyright&quot;:&quot;&quot;,&quot;focal_length&quot;:&quot;0&quot;,&quot;iso&quot;:&quot;0&quot;,&quot;shutter_speed&quot;:&quot;0&quot;,&quot;title&quot;:&quot;&quot;,&quot;orientation&quot;:&quot;0&quot;}\" data-image-title=\"tus-er-weihnachtsfeier-2022-040\" data-image-description=\"\" data-image-caption=\"\" data-large-file=\"https:\/\/i0.wp.com\/www.tuseichholzremmighausen.de\/wordpress\/wp-content\/uploads\/2022\/12\/tus-er-weihnachtsfeier-2022-040.jpg?fit=768%2C1024&amp;ssl=1\" \/><\/a>\n\t\t\t<\/div><\/figure><figure class='gallery-item'>\n\t\t\t<div class='gallery-icon portrait'>\n\t\t\t\t<a href='https:\/\/www.tuseichholzremmighausen.de\/wordpress\/archives\/18359\/tus-er-weihnachtsfeier-2022-030'><img loading=\"lazy\" decoding=\"async\" width=\"800\" height=\"445\" src=\"https:\/\/i0.wp.com\/www.tuseichholzremmighausen.de\/wordpress\/wp-content\/uploads\/2022\/12\/tus-er-weihnachtsfeier-2022-030.jpg?resize=800%2C445&amp;ssl=1\" class=\"attachment-colormag-featured-image size-colormag-featured-image\" alt=\"\" data-attachment-id=\"18378\" data-permalink=\"https:\/\/www.tuseichholzremmighausen.de\/wordpress\/archives\/18359\/tus-er-weihnachtsfeier-2022-030\" data-orig-file=\"https:\/\/i0.wp.com\/www.tuseichholzremmighausen.de\/wordpress\/wp-content\/uploads\/2022\/12\/tus-er-weihnachtsfeier-2022-030.jpg?fit=1536%2C2048&amp;ssl=1\" data-orig-size=\"1536,2048\" data-comments-opened=\"0\" data-image-meta=\"{&quot;aperture&quot;:&quot;0&quot;,&quot;credit&quot;:&quot;&quot;,&quot;camera&quot;:&quot;&quot;,&quot;caption&quot;:&quot;&quot;,&quot;created_timestamp&quot;:&quot;0&quot;,&quot;copyright&quot;:&quot;&quot;,&quot;focal_length&quot;:&quot;0&quot;,&quot;iso&quot;:&quot;0&quot;,&quot;shutter_speed&quot;:&quot;0&quot;,&quot;title&quot;:&quot;&quot;,&quot;orientation&quot;:&quot;0&quot;}\" data-image-title=\"tus-er-weihnachtsfeier-2022-030\" data-image-description=\"\" data-image-caption=\"\" data-large-file=\"https:\/\/i0.wp.com\/www.tuseichholzremmighausen.de\/wordpress\/wp-content\/uploads\/2022\/12\/tus-er-weihnachtsfeier-2022-030.jpg?fit=768%2C1024&amp;ssl=1\" \/><\/a>\n\t\t\t<\/div><\/figure><figure class='gallery-item'>\n\t\t\t<div class='gallery-icon portrait'>\n\t\t\t\t<a href='https:\/\/www.tuseichholzremmighausen.de\/wordpress\/archives\/18359\/tus-er-weihnachtsfeier-2022-031'><img loading=\"lazy\" decoding=\"async\" width=\"800\" height=\"445\" src=\"https:\/\/i0.wp.com\/www.tuseichholzremmighausen.de\/wordpress\/wp-content\/uploads\/2022\/12\/tus-er-weihnachtsfeier-2022-031.jpg?resize=800%2C445&amp;ssl=1\" class=\"attachment-colormag-featured-image size-colormag-featured-image\" alt=\"\" data-attachment-id=\"18379\" data-permalink=\"https:\/\/www.tuseichholzremmighausen.de\/wordpress\/archives\/18359\/tus-er-weihnachtsfeier-2022-031\" data-orig-file=\"https:\/\/i0.wp.com\/www.tuseichholzremmighausen.de\/wordpress\/wp-content\/uploads\/2022\/12\/tus-er-weihnachtsfeier-2022-031.jpg?fit=1536%2C2048&amp;ssl=1\" data-orig-size=\"1536,2048\" data-comments-opened=\"0\" data-image-meta=\"{&quot;aperture&quot;:&quot;0&quot;,&quot;credit&quot;:&quot;&quot;,&quot;camera&quot;:&quot;&quot;,&quot;caption&quot;:&quot;&quot;,&quot;created_timestamp&quot;:&quot;0&quot;,&quot;copyright&quot;:&quot;&quot;,&quot;focal_length&quot;:&quot;0&quot;,&quot;iso&quot;:&quot;0&quot;,&quot;shutter_speed&quot;:&quot;0&quot;,&quot;title&quot;:&quot;&quot;,&quot;orientation&quot;:&quot;0&quot;}\" data-image-title=\"tus-er-weihnachtsfeier-2022-031\" data-image-description=\"\" data-image-caption=\"\" data-large-file=\"https:\/\/i0.wp.com\/www.tuseichholzremmighausen.de\/wordpress\/wp-content\/uploads\/2022\/12\/tus-er-weihnachtsfeier-2022-031.jpg?fit=768%2C1024&amp;ssl=1\" \/><\/a>\n\t\t\t<\/div><\/figure><figure class='gallery-item'>\n\t\t\t<div class='gallery-icon portrait'>\n\t\t\t\t<a href='https:\/\/www.tuseichholzremmighausen.de\/wordpress\/archives\/18359\/tus-er-weihnachtsfeier-2022-020'><img loading=\"lazy\" decoding=\"async\" width=\"800\" height=\"445\" src=\"https:\/\/i0.wp.com\/www.tuseichholzremmighausen.de\/wordpress\/wp-content\/uploads\/2022\/12\/tus-er-weihnachtsfeier-2022-020.jpg?resize=800%2C445&amp;ssl=1\" class=\"attachment-colormag-featured-image size-colormag-featured-image\" alt=\"\" data-attachment-id=\"18375\" data-permalink=\"https:\/\/www.tuseichholzremmighausen.de\/wordpress\/archives\/18359\/tus-er-weihnachtsfeier-2022-020\" data-orig-file=\"https:\/\/i0.wp.com\/www.tuseichholzremmighausen.de\/wordpress\/wp-content\/uploads\/2022\/12\/tus-er-weihnachtsfeier-2022-020.jpg?fit=1536%2C2048&amp;ssl=1\" data-orig-size=\"1536,2048\" data-comments-opened=\"0\" data-image-meta=\"{&quot;aperture&quot;:&quot;0&quot;,&quot;credit&quot;:&quot;&quot;,&quot;camera&quot;:&quot;&quot;,&quot;caption&quot;:&quot;&quot;,&quot;created_timestamp&quot;:&quot;0&quot;,&quot;copyright&quot;:&quot;&quot;,&quot;focal_length&quot;:&quot;0&quot;,&quot;iso&quot;:&quot;0&quot;,&quot;shutter_speed&quot;:&quot;0&quot;,&quot;title&quot;:&quot;&quot;,&quot;orientation&quot;:&quot;0&quot;}\" data-image-title=\"tus-er-weihnachtsfeier-2022-020\" data-image-description=\"\" data-image-caption=\"\" data-large-file=\"https:\/\/i0.wp.com\/www.tuseichholzremmighausen.de\/wordpress\/wp-content\/uploads\/2022\/12\/tus-er-weihnachtsfeier-2022-020.jpg?fit=768%2C1024&amp;ssl=1\" \/><\/a>\n\t\t\t<\/div><\/figure><figure class='gallery-item'>\n\t\t\t<div class='gallery-icon portrait'>\n\t\t\t\t<a href='https:\/\/www.tuseichholzremmighausen.de\/wordpress\/archives\/18359\/tus-er-weihnachtsfeier-2022-02'><img loading=\"lazy\" decoding=\"async\" width=\"800\" height=\"445\" src=\"https:\/\/i0.wp.com\/www.tuseichholzremmighausen.de\/wordpress\/wp-content\/uploads\/2022\/12\/tus-er-weihnachtsfeier-2022-02.jpg?resize=800%2C445&amp;ssl=1\" class=\"attachment-colormag-featured-image size-colormag-featured-image\" alt=\"\" data-attachment-id=\"18370\" data-permalink=\"https:\/\/www.tuseichholzremmighausen.de\/wordpress\/archives\/18359\/tus-er-weihnachtsfeier-2022-02\" data-orig-file=\"https:\/\/i0.wp.com\/www.tuseichholzremmighausen.de\/wordpress\/wp-content\/uploads\/2022\/12\/tus-er-weihnachtsfeier-2022-02.jpg?fit=1536%2C2048&amp;ssl=1\" data-orig-size=\"1536,2048\" data-comments-opened=\"0\" data-image-meta=\"{&quot;aperture&quot;:&quot;0&quot;,&quot;credit&quot;:&quot;&quot;,&quot;camera&quot;:&quot;&quot;,&quot;caption&quot;:&quot;&quot;,&quot;created_timestamp&quot;:&quot;0&quot;,&quot;copyright&quot;:&quot;&quot;,&quot;focal_length&quot;:&quot;0&quot;,&quot;iso&quot;:&quot;0&quot;,&quot;shutter_speed&quot;:&quot;0&quot;,&quot;title&quot;:&quot;&quot;,&quot;orientation&quot;:&quot;0&quot;}\" data-image-title=\"tus-er-weihnachtsfeier-2022-02\" data-image-description=\"\" data-image-caption=\"\" data-large-file=\"https:\/\/i0.wp.com\/www.tuseichholzremmighausen.de\/wordpress\/wp-content\/uploads\/2022\/12\/tus-er-weihnachtsfeier-2022-02.jpg?fit=768%2C1024&amp;ssl=1\" \/><\/a>\n\t\t\t<\/div><\/figure><figure class='gallery-item'>\n\t\t\t<div class='gallery-icon landscape'>\n\t\t\t\t<a href='https:\/\/www.tuseichholzremmighausen.de\/wordpress\/archives\/18359\/tus-er-weihnachtsfeier-2022-07'><img loading=\"lazy\" decoding=\"async\" width=\"800\" height=\"445\" src=\"https:\/\/i0.wp.com\/www.tuseichholzremmighausen.de\/wordpress\/wp-content\/uploads\/2022\/12\/tus-er-weihnachtsfeier-2022-07.jpg?resize=800%2C445&amp;ssl=1\" class=\"attachment-colormag-featured-image size-colormag-featured-image\" alt=\"\" srcset=\"https:\/\/i0.wp.com\/www.tuseichholzremmighausen.de\/wordpress\/wp-content\/uploads\/2022\/12\/tus-er-weihnachtsfeier-2022-07.jpg?resize=800%2C445&amp;ssl=1 800w, https:\/\/i0.wp.com\/www.tuseichholzremmighausen.de\/wordpress\/wp-content\/uploads\/2022\/12\/tus-er-weihnachtsfeier-2022-07.jpg?zoom=2&amp;resize=800%2C445&amp;ssl=1 1600w\" sizes=\"auto, (max-width: 800px) 100vw, 800px\" data-attachment-id=\"18372\" data-permalink=\"https:\/\/www.tuseichholzremmighausen.de\/wordpress\/archives\/18359\/tus-er-weihnachtsfeier-2022-07\" data-orig-file=\"https:\/\/i0.wp.com\/www.tuseichholzremmighausen.de\/wordpress\/wp-content\/uploads\/2022\/12\/tus-er-weihnachtsfeier-2022-07.jpg?fit=2048%2C1536&amp;ssl=1\" data-orig-size=\"2048,1536\" data-comments-opened=\"0\" data-image-meta=\"{&quot;aperture&quot;:&quot;0&quot;,&quot;credit&quot;:&quot;&quot;,&quot;camera&quot;:&quot;&quot;,&quot;caption&quot;:&quot;&quot;,&quot;created_timestamp&quot;:&quot;0&quot;,&quot;copyright&quot;:&quot;&quot;,&quot;focal_length&quot;:&quot;0&quot;,&quot;iso&quot;:&quot;0&quot;,&quot;shutter_speed&quot;:&quot;0&quot;,&quot;title&quot;:&quot;&quot;,&quot;orientation&quot;:&quot;0&quot;}\" data-image-title=\"tus-er-weihnachtsfeier-2022-07\" data-image-description=\"\" data-image-caption=\"\" data-large-file=\"https:\/\/i0.wp.com\/www.tuseichholzremmighausen.de\/wordpress\/wp-content\/uploads\/2022\/12\/tus-er-weihnachtsfeier-2022-07.jpg?fit=800%2C600&amp;ssl=1\" \/><\/a>\n\t\t\t<\/div><\/figure>\n\t\t<\/div>\n\n<p><strong>13 Uhr:<\/strong> Auf die zahlreichen Angebote k\u00f6nnen sich nat\u00fcrlich auch die 10-14-J\u00e4hrigen aus unserem zweiten Zeitblock freuen. Doch erstmal gibt es f\u00fcr unsere hungrigen Vereinsmitglieder und ihre Eltern eine knusprig gebratene Bratwurst im Br\u00f6tchen oder mit Krautsalat und\/oder Kartoffelsalat. Auch hier bleiben die F\u00fc\u00dfe nicht lange still und ab geht\u2019s in die Turnhalle. Hier ist zus\u00e4tzlich noch eine Wii aufgebaut, an der sich gleichzeitig 4 Kinder beispielsweise bei Mario Kart duellieren k\u00f6nnen.<\/p>\n<div data-carousel-extra='{&quot;blog_id&quot;:1,&quot;permalink&quot;:&quot;https:\/\/www.tuseichholzremmighausen.de\/wordpress\/archives\/18359&quot;}' id='gallery-3' class='gallery galleryid-18359 gallery-columns-3 gallery-size-colormag-featured-image'><figure class='gallery-item'>\n\t\t\t<div class='gallery-icon portrait'>\n\t\t\t\t<a href='https:\/\/www.tuseichholzremmighausen.de\/wordpress\/archives\/18359\/tus-er-weihnachtsfeier-2022-058'><img loading=\"lazy\" decoding=\"async\" width=\"800\" height=\"445\" src=\"https:\/\/i0.wp.com\/www.tuseichholzremmighausen.de\/wordpress\/wp-content\/uploads\/2022\/12\/tus-er-weihnachtsfeier-2022-058.jpg?resize=800%2C445&amp;ssl=1\" class=\"attachment-colormag-featured-image size-colormag-featured-image\" alt=\"\" data-attachment-id=\"18393\" data-permalink=\"https:\/\/www.tuseichholzremmighausen.de\/wordpress\/archives\/18359\/tus-er-weihnachtsfeier-2022-058\" data-orig-file=\"https:\/\/i0.wp.com\/www.tuseichholzremmighausen.de\/wordpress\/wp-content\/uploads\/2022\/12\/tus-er-weihnachtsfeier-2022-058.jpg?fit=1536%2C2048&amp;ssl=1\" data-orig-size=\"1536,2048\" data-comments-opened=\"0\" data-image-meta=\"{&quot;aperture&quot;:&quot;0&quot;,&quot;credit&quot;:&quot;&quot;,&quot;camera&quot;:&quot;&quot;,&quot;caption&quot;:&quot;&quot;,&quot;created_timestamp&quot;:&quot;0&quot;,&quot;copyright&quot;:&quot;&quot;,&quot;focal_length&quot;:&quot;0&quot;,&quot;iso&quot;:&quot;0&quot;,&quot;shutter_speed&quot;:&quot;0&quot;,&quot;title&quot;:&quot;&quot;,&quot;orientation&quot;:&quot;0&quot;}\" data-image-title=\"tus-er-weihnachtsfeier-2022-058\" data-image-description=\"\" data-image-caption=\"\" data-large-file=\"https:\/\/i0.wp.com\/www.tuseichholzremmighausen.de\/wordpress\/wp-content\/uploads\/2022\/12\/tus-er-weihnachtsfeier-2022-058.jpg?fit=768%2C1024&amp;ssl=1\" \/><\/a>\n\t\t\t<\/div><\/figure><figure class='gallery-item'>\n\t\t\t<div class='gallery-icon portrait'>\n\t\t\t\t<a href='https:\/\/www.tuseichholzremmighausen.de\/wordpress\/archives\/18359\/tus-er-weihnachtsfeier-2022-065'><img loading=\"lazy\" decoding=\"async\" width=\"800\" height=\"445\" src=\"https:\/\/i0.wp.com\/www.tuseichholzremmighausen.de\/wordpress\/wp-content\/uploads\/2022\/12\/tus-er-weihnachtsfeier-2022-065.jpg?resize=800%2C445&amp;ssl=1\" class=\"attachment-colormag-featured-image size-colormag-featured-image\" alt=\"\" data-attachment-id=\"18394\" data-permalink=\"https:\/\/www.tuseichholzremmighausen.de\/wordpress\/archives\/18359\/tus-er-weihnachtsfeier-2022-065\" data-orig-file=\"https:\/\/i0.wp.com\/www.tuseichholzremmighausen.de\/wordpress\/wp-content\/uploads\/2022\/12\/tus-er-weihnachtsfeier-2022-065.jpg?fit=1536%2C2048&amp;ssl=1\" data-orig-size=\"1536,2048\" data-comments-opened=\"0\" data-image-meta=\"{&quot;aperture&quot;:&quot;0&quot;,&quot;credit&quot;:&quot;&quot;,&quot;camera&quot;:&quot;&quot;,&quot;caption&quot;:&quot;&quot;,&quot;created_timestamp&quot;:&quot;0&quot;,&quot;copyright&quot;:&quot;&quot;,&quot;focal_length&quot;:&quot;0&quot;,&quot;iso&quot;:&quot;0&quot;,&quot;shutter_speed&quot;:&quot;0&quot;,&quot;title&quot;:&quot;&quot;,&quot;orientation&quot;:&quot;0&quot;}\" data-image-title=\"tus-er-weihnachtsfeier-2022-065\" data-image-description=\"\" data-image-caption=\"\" data-large-file=\"https:\/\/i0.wp.com\/www.tuseichholzremmighausen.de\/wordpress\/wp-content\/uploads\/2022\/12\/tus-er-weihnachtsfeier-2022-065.jpg?fit=768%2C1024&amp;ssl=1\" \/><\/a>\n\t\t\t<\/div><\/figure><figure class='gallery-item'>\n\t\t\t<div class='gallery-icon portrait'>\n\t\t\t\t<a href='https:\/\/www.tuseichholzremmighausen.de\/wordpress\/archives\/18359\/tus-er-weihnachtsfeier-2022-09'><img loading=\"lazy\" decoding=\"async\" width=\"800\" height=\"445\" src=\"https:\/\/i0.wp.com\/www.tuseichholzremmighausen.de\/wordpress\/wp-content\/uploads\/2022\/12\/tus-er-weihnachtsfeier-2022-09.jpg?resize=800%2C445&amp;ssl=1\" class=\"attachment-colormag-featured-image size-colormag-featured-image\" alt=\"\" data-attachment-id=\"18383\" data-permalink=\"https:\/\/www.tuseichholzremmighausen.de\/wordpress\/archives\/18359\/tus-er-weihnachtsfeier-2022-09\" data-orig-file=\"https:\/\/i0.wp.com\/www.tuseichholzremmighausen.de\/wordpress\/wp-content\/uploads\/2022\/12\/tus-er-weihnachtsfeier-2022-09.jpg?fit=1536%2C2048&amp;ssl=1\" data-orig-size=\"1536,2048\" data-comments-opened=\"0\" data-image-meta=\"{&quot;aperture&quot;:&quot;0&quot;,&quot;credit&quot;:&quot;&quot;,&quot;camera&quot;:&quot;&quot;,&quot;caption&quot;:&quot;&quot;,&quot;created_timestamp&quot;:&quot;0&quot;,&quot;copyright&quot;:&quot;&quot;,&quot;focal_length&quot;:&quot;0&quot;,&quot;iso&quot;:&quot;0&quot;,&quot;shutter_speed&quot;:&quot;0&quot;,&quot;title&quot;:&quot;&quot;,&quot;orientation&quot;:&quot;0&quot;}\" data-image-title=\"tus-er-weihnachtsfeier-2022-09\" data-image-description=\"\" data-image-caption=\"\" data-large-file=\"https:\/\/i0.wp.com\/www.tuseichholzremmighausen.de\/wordpress\/wp-content\/uploads\/2022\/12\/tus-er-weihnachtsfeier-2022-09.jpg?fit=768%2C1024&amp;ssl=1\" \/><\/a>\n\t\t\t<\/div><\/figure><figure class='gallery-item'>\n\t\t\t<div class='gallery-icon portrait'>\n\t\t\t\t<a href='https:\/\/www.tuseichholzremmighausen.de\/wordpress\/archives\/18359\/tus-er-weihnachtsfeier-2022-057'><img loading=\"lazy\" decoding=\"async\" width=\"800\" height=\"445\" src=\"https:\/\/i0.wp.com\/www.tuseichholzremmighausen.de\/wordpress\/wp-content\/uploads\/2022\/12\/tus-er-weihnachtsfeier-2022-057.jpg?resize=800%2C445&amp;ssl=1\" class=\"attachment-colormag-featured-image size-colormag-featured-image\" alt=\"\" data-attachment-id=\"18392\" data-permalink=\"https:\/\/www.tuseichholzremmighausen.de\/wordpress\/archives\/18359\/tus-er-weihnachtsfeier-2022-057\" data-orig-file=\"https:\/\/i0.wp.com\/www.tuseichholzremmighausen.de\/wordpress\/wp-content\/uploads\/2022\/12\/tus-er-weihnachtsfeier-2022-057.jpg?fit=1536%2C2048&amp;ssl=1\" data-orig-size=\"1536,2048\" data-comments-opened=\"0\" data-image-meta=\"{&quot;aperture&quot;:&quot;0&quot;,&quot;credit&quot;:&quot;&quot;,&quot;camera&quot;:&quot;&quot;,&quot;caption&quot;:&quot;&quot;,&quot;created_timestamp&quot;:&quot;0&quot;,&quot;copyright&quot;:&quot;&quot;,&quot;focal_length&quot;:&quot;0&quot;,&quot;iso&quot;:&quot;0&quot;,&quot;shutter_speed&quot;:&quot;0&quot;,&quot;title&quot;:&quot;&quot;,&quot;orientation&quot;:&quot;0&quot;}\" data-image-title=\"tus-er-weihnachtsfeier-2022-057\" data-image-description=\"\" data-image-caption=\"\" data-large-file=\"https:\/\/i0.wp.com\/www.tuseichholzremmighausen.de\/wordpress\/wp-content\/uploads\/2022\/12\/tus-er-weihnachtsfeier-2022-057.jpg?fit=768%2C1024&amp;ssl=1\" \/><\/a>\n\t\t\t<\/div><\/figure><figure class='gallery-item'>\n\t\t\t<div class='gallery-icon portrait'>\n\t\t\t\t<a href='https:\/\/www.tuseichholzremmighausen.de\/wordpress\/archives\/18359\/tus-er-weihnachtsfeier-2022-038'><img loading=\"lazy\" decoding=\"async\" width=\"800\" height=\"445\" src=\"https:\/\/i0.wp.com\/www.tuseichholzremmighausen.de\/wordpress\/wp-content\/uploads\/2022\/12\/tus-er-weihnachtsfeier-2022-038.jpg?resize=800%2C445&amp;ssl=1\" class=\"attachment-colormag-featured-image size-colormag-featured-image\" alt=\"\" data-attachment-id=\"18387\" data-permalink=\"https:\/\/www.tuseichholzremmighausen.de\/wordpress\/archives\/18359\/tus-er-weihnachtsfeier-2022-038\" data-orig-file=\"https:\/\/i0.wp.com\/www.tuseichholzremmighausen.de\/wordpress\/wp-content\/uploads\/2022\/12\/tus-er-weihnachtsfeier-2022-038.jpg?fit=1536%2C2048&amp;ssl=1\" data-orig-size=\"1536,2048\" data-comments-opened=\"0\" data-image-meta=\"{&quot;aperture&quot;:&quot;0&quot;,&quot;credit&quot;:&quot;&quot;,&quot;camera&quot;:&quot;&quot;,&quot;caption&quot;:&quot;&quot;,&quot;created_timestamp&quot;:&quot;0&quot;,&quot;copyright&quot;:&quot;&quot;,&quot;focal_length&quot;:&quot;0&quot;,&quot;iso&quot;:&quot;0&quot;,&quot;shutter_speed&quot;:&quot;0&quot;,&quot;title&quot;:&quot;&quot;,&quot;orientation&quot;:&quot;0&quot;}\" data-image-title=\"tus-er-weihnachtsfeier-2022-038\" data-image-description=\"\" data-image-caption=\"\" data-large-file=\"https:\/\/i0.wp.com\/www.tuseichholzremmighausen.de\/wordpress\/wp-content\/uploads\/2022\/12\/tus-er-weihnachtsfeier-2022-038.jpg?fit=768%2C1024&amp;ssl=1\" \/><\/a>\n\t\t\t<\/div><\/figure><figure class='gallery-item'>\n\t\t\t<div class='gallery-icon portrait'>\n\t\t\t\t<a href='https:\/\/www.tuseichholzremmighausen.de\/wordpress\/archives\/18359\/tus-er-weihnachtsfeier-2022-053'><img loading=\"lazy\" decoding=\"async\" width=\"800\" height=\"445\" src=\"https:\/\/i0.wp.com\/www.tuseichholzremmighausen.de\/wordpress\/wp-content\/uploads\/2022\/12\/tus-er-weihnachtsfeier-2022-053.jpg?resize=800%2C445&amp;ssl=1\" class=\"attachment-colormag-featured-image size-colormag-featured-image\" alt=\"\" data-attachment-id=\"18390\" data-permalink=\"https:\/\/www.tuseichholzremmighausen.de\/wordpress\/archives\/18359\/tus-er-weihnachtsfeier-2022-053\" data-orig-file=\"https:\/\/i0.wp.com\/www.tuseichholzremmighausen.de\/wordpress\/wp-content\/uploads\/2022\/12\/tus-er-weihnachtsfeier-2022-053.jpg?fit=1536%2C2048&amp;ssl=1\" data-orig-size=\"1536,2048\" data-comments-opened=\"0\" data-image-meta=\"{&quot;aperture&quot;:&quot;0&quot;,&quot;credit&quot;:&quot;&quot;,&quot;camera&quot;:&quot;&quot;,&quot;caption&quot;:&quot;&quot;,&quot;created_timestamp&quot;:&quot;0&quot;,&quot;copyright&quot;:&quot;&quot;,&quot;focal_length&quot;:&quot;0&quot;,&quot;iso&quot;:&quot;0&quot;,&quot;shutter_speed&quot;:&quot;0&quot;,&quot;title&quot;:&quot;&quot;,&quot;orientation&quot;:&quot;0&quot;}\" data-image-title=\"tus-er-weihnachtsfeier-2022-053\" data-image-description=\"\" data-image-caption=\"\" data-large-file=\"https:\/\/i0.wp.com\/www.tuseichholzremmighausen.de\/wordpress\/wp-content\/uploads\/2022\/12\/tus-er-weihnachtsfeier-2022-053.jpg?fit=768%2C1024&amp;ssl=1\" \/><\/a>\n\t\t\t<\/div><\/figure><figure class='gallery-item'>\n\t\t\t<div class='gallery-icon portrait'>\n\t\t\t\t<a href='https:\/\/www.tuseichholzremmighausen.de\/wordpress\/archives\/18359\/tus-er-weihnachtsfeier-2022-014'><img loading=\"lazy\" decoding=\"async\" width=\"800\" height=\"445\" src=\"https:\/\/i0.wp.com\/www.tuseichholzremmighausen.de\/wordpress\/wp-content\/uploads\/2022\/12\/tus-er-weihnachtsfeier-2022-014.jpg?resize=800%2C445&amp;ssl=1\" class=\"attachment-colormag-featured-image size-colormag-featured-image\" alt=\"\" data-attachment-id=\"18384\" data-permalink=\"https:\/\/www.tuseichholzremmighausen.de\/wordpress\/archives\/18359\/tus-er-weihnachtsfeier-2022-014\" data-orig-file=\"https:\/\/i0.wp.com\/www.tuseichholzremmighausen.de\/wordpress\/wp-content\/uploads\/2022\/12\/tus-er-weihnachtsfeier-2022-014.jpg?fit=1536%2C2048&amp;ssl=1\" data-orig-size=\"1536,2048\" data-comments-opened=\"0\" data-image-meta=\"{&quot;aperture&quot;:&quot;0&quot;,&quot;credit&quot;:&quot;&quot;,&quot;camera&quot;:&quot;&quot;,&quot;caption&quot;:&quot;&quot;,&quot;created_timestamp&quot;:&quot;0&quot;,&quot;copyright&quot;:&quot;&quot;,&quot;focal_length&quot;:&quot;0&quot;,&quot;iso&quot;:&quot;0&quot;,&quot;shutter_speed&quot;:&quot;0&quot;,&quot;title&quot;:&quot;&quot;,&quot;orientation&quot;:&quot;0&quot;}\" data-image-title=\"tus-er-weihnachtsfeier-2022-014\" data-image-description=\"\" data-image-caption=\"\" data-large-file=\"https:\/\/i0.wp.com\/www.tuseichholzremmighausen.de\/wordpress\/wp-content\/uploads\/2022\/12\/tus-er-weihnachtsfeier-2022-014.jpg?fit=768%2C1024&amp;ssl=1\" \/><\/a>\n\t\t\t<\/div><\/figure><figure class='gallery-item'>\n\t\t\t<div class='gallery-icon portrait'>\n\t\t\t\t<a href='https:\/\/www.tuseichholzremmighausen.de\/wordpress\/archives\/18359\/tus-er-weihnachtsfeier-2022-045'><img loading=\"lazy\" decoding=\"async\" width=\"800\" height=\"445\" src=\"https:\/\/i0.wp.com\/www.tuseichholzremmighausen.de\/wordpress\/wp-content\/uploads\/2022\/12\/tus-er-weihnachtsfeier-2022-045.jpg?resize=800%2C445&amp;ssl=1\" class=\"attachment-colormag-featured-image size-colormag-featured-image\" alt=\"\" data-attachment-id=\"18389\" data-permalink=\"https:\/\/www.tuseichholzremmighausen.de\/wordpress\/archives\/18359\/tus-er-weihnachtsfeier-2022-045\" data-orig-file=\"https:\/\/i0.wp.com\/www.tuseichholzremmighausen.de\/wordpress\/wp-content\/uploads\/2022\/12\/tus-er-weihnachtsfeier-2022-045.jpg?fit=1536%2C2048&amp;ssl=1\" data-orig-size=\"1536,2048\" data-comments-opened=\"0\" data-image-meta=\"{&quot;aperture&quot;:&quot;0&quot;,&quot;credit&quot;:&quot;&quot;,&quot;camera&quot;:&quot;&quot;,&quot;caption&quot;:&quot;&quot;,&quot;created_timestamp&quot;:&quot;0&quot;,&quot;copyright&quot;:&quot;&quot;,&quot;focal_length&quot;:&quot;0&quot;,&quot;iso&quot;:&quot;0&quot;,&quot;shutter_speed&quot;:&quot;0&quot;,&quot;title&quot;:&quot;&quot;,&quot;orientation&quot;:&quot;0&quot;}\" data-image-title=\"tus-er-weihnachtsfeier-2022-045\" data-image-description=\"\" data-image-caption=\"\" data-large-file=\"https:\/\/i0.wp.com\/www.tuseichholzremmighausen.de\/wordpress\/wp-content\/uploads\/2022\/12\/tus-er-weihnachtsfeier-2022-045.jpg?fit=768%2C1024&amp;ssl=1\" \/><\/a>\n\t\t\t<\/div><\/figure><figure class='gallery-item'>\n\t\t\t<div class='gallery-icon landscape'>\n\t\t\t\t<a href='https:\/\/www.tuseichholzremmighausen.de\/wordpress\/archives\/18359\/tus-er-weihnachtsfeier-2022-041'><img loading=\"lazy\" decoding=\"async\" width=\"800\" height=\"445\" src=\"https:\/\/i0.wp.com\/www.tuseichholzremmighausen.de\/wordpress\/wp-content\/uploads\/2022\/12\/tus-er-weihnachtsfeier-2022-041.jpg?resize=800%2C445&amp;ssl=1\" class=\"attachment-colormag-featured-image size-colormag-featured-image\" alt=\"\" srcset=\"https:\/\/i0.wp.com\/www.tuseichholzremmighausen.de\/wordpress\/wp-content\/uploads\/2022\/12\/tus-er-weihnachtsfeier-2022-041.jpg?resize=800%2C445&amp;ssl=1 800w, https:\/\/i0.wp.com\/www.tuseichholzremmighausen.de\/wordpress\/wp-content\/uploads\/2022\/12\/tus-er-weihnachtsfeier-2022-041.jpg?zoom=2&amp;resize=800%2C445&amp;ssl=1 1600w\" sizes=\"auto, (max-width: 800px) 100vw, 800px\" data-attachment-id=\"18388\" data-permalink=\"https:\/\/www.tuseichholzremmighausen.de\/wordpress\/archives\/18359\/tus-er-weihnachtsfeier-2022-041\" data-orig-file=\"https:\/\/i0.wp.com\/www.tuseichholzremmighausen.de\/wordpress\/wp-content\/uploads\/2022\/12\/tus-er-weihnachtsfeier-2022-041.jpg?fit=2048%2C1536&amp;ssl=1\" data-orig-size=\"2048,1536\" data-comments-opened=\"0\" data-image-meta=\"{&quot;aperture&quot;:&quot;0&quot;,&quot;credit&quot;:&quot;&quot;,&quot;camera&quot;:&quot;&quot;,&quot;caption&quot;:&quot;&quot;,&quot;created_timestamp&quot;:&quot;0&quot;,&quot;copyright&quot;:&quot;&quot;,&quot;focal_length&quot;:&quot;0&quot;,&quot;iso&quot;:&quot;0&quot;,&quot;shutter_speed&quot;:&quot;0&quot;,&quot;title&quot;:&quot;&quot;,&quot;orientation&quot;:&quot;0&quot;}\" data-image-title=\"tus-er-weihnachtsfeier-2022-041\" data-image-description=\"\" data-image-caption=\"\" data-large-file=\"https:\/\/i0.wp.com\/www.tuseichholzremmighausen.de\/wordpress\/wp-content\/uploads\/2022\/12\/tus-er-weihnachtsfeier-2022-041.jpg?fit=800%2C600&amp;ssl=1\" \/><\/a>\n\t\t\t<\/div><\/figure><figure class='gallery-item'>\n\t\t\t<div class='gallery-icon portrait'>\n\t\t\t\t<a href='https:\/\/www.tuseichholzremmighausen.de\/wordpress\/archives\/18359\/tus-er-weihnachtsfeier-2022-036'><img loading=\"lazy\" decoding=\"async\" width=\"800\" height=\"445\" src=\"https:\/\/i0.wp.com\/www.tuseichholzremmighausen.de\/wordpress\/wp-content\/uploads\/2022\/12\/tus-er-weihnachtsfeier-2022-036.jpg?resize=800%2C445&amp;ssl=1\" class=\"attachment-colormag-featured-image size-colormag-featured-image\" alt=\"\" data-attachment-id=\"18386\" data-permalink=\"https:\/\/www.tuseichholzremmighausen.de\/wordpress\/archives\/18359\/tus-er-weihnachtsfeier-2022-036\" data-orig-file=\"https:\/\/i0.wp.com\/www.tuseichholzremmighausen.de\/wordpress\/wp-content\/uploads\/2022\/12\/tus-er-weihnachtsfeier-2022-036.jpg?fit=1536%2C2048&amp;ssl=1\" data-orig-size=\"1536,2048\" data-comments-opened=\"0\" data-image-meta=\"{&quot;aperture&quot;:&quot;0&quot;,&quot;credit&quot;:&quot;&quot;,&quot;camera&quot;:&quot;&quot;,&quot;caption&quot;:&quot;&quot;,&quot;created_timestamp&quot;:&quot;0&quot;,&quot;copyright&quot;:&quot;&quot;,&quot;focal_length&quot;:&quot;0&quot;,&quot;iso&quot;:&quot;0&quot;,&quot;shutter_speed&quot;:&quot;0&quot;,&quot;title&quot;:&quot;&quot;,&quot;orientation&quot;:&quot;0&quot;}\" data-image-title=\"tus-er-weihnachtsfeier-2022-036\" data-image-description=\"\" data-image-caption=\"\" data-large-file=\"https:\/\/i0.wp.com\/www.tuseichholzremmighausen.de\/wordpress\/wp-content\/uploads\/2022\/12\/tus-er-weihnachtsfeier-2022-036.jpg?fit=768%2C1024&amp;ssl=1\" \/><\/a>\n\t\t\t<\/div><\/figure><figure class='gallery-item'>\n\t\t\t<div class='gallery-icon portrait'>\n\t\t\t\t<a href='https:\/\/www.tuseichholzremmighausen.de\/wordpress\/archives\/18359\/tus-er-weihnachtsfeier-2022-01'><img loading=\"lazy\" decoding=\"async\" width=\"800\" height=\"445\" src=\"https:\/\/i0.wp.com\/www.tuseichholzremmighausen.de\/wordpress\/wp-content\/uploads\/2022\/12\/tus-er-weihnachtsfeier-2022-01.jpg?resize=800%2C445&amp;ssl=1\" class=\"attachment-colormag-featured-image size-colormag-featured-image\" alt=\"\" data-attachment-id=\"18382\" data-permalink=\"https:\/\/www.tuseichholzremmighausen.de\/wordpress\/archives\/18359\/tus-er-weihnachtsfeier-2022-01\" data-orig-file=\"https:\/\/i0.wp.com\/www.tuseichholzremmighausen.de\/wordpress\/wp-content\/uploads\/2022\/12\/tus-er-weihnachtsfeier-2022-01.jpg?fit=1536%2C2048&amp;ssl=1\" data-orig-size=\"1536,2048\" data-comments-opened=\"0\" data-image-meta=\"{&quot;aperture&quot;:&quot;0&quot;,&quot;credit&quot;:&quot;&quot;,&quot;camera&quot;:&quot;&quot;,&quot;caption&quot;:&quot;&quot;,&quot;created_timestamp&quot;:&quot;0&quot;,&quot;copyright&quot;:&quot;&quot;,&quot;focal_length&quot;:&quot;0&quot;,&quot;iso&quot;:&quot;0&quot;,&quot;shutter_speed&quot;:&quot;0&quot;,&quot;title&quot;:&quot;&quot;,&quot;orientation&quot;:&quot;0&quot;}\" data-image-title=\"tus-er-weihnachtsfeier-2022-01\" data-image-description=\"\" data-image-caption=\"\" data-large-file=\"https:\/\/i0.wp.com\/www.tuseichholzremmighausen.de\/wordpress\/wp-content\/uploads\/2022\/12\/tus-er-weihnachtsfeier-2022-01.jpg?fit=768%2C1024&amp;ssl=1\" \/><\/a>\n\t\t\t<\/div><\/figure><figure class='gallery-item'>\n\t\t\t<div class='gallery-icon portrait'>\n\t\t\t\t<a href='https:\/\/www.tuseichholzremmighausen.de\/wordpress\/archives\/18359\/tus-er-weihnachtsfeier-2022-022'><img loading=\"lazy\" decoding=\"async\" width=\"800\" height=\"445\" src=\"https:\/\/i0.wp.com\/www.tuseichholzremmighausen.de\/wordpress\/wp-content\/uploads\/2022\/12\/tus-er-weihnachtsfeier-2022-022.jpg?resize=800%2C445&amp;ssl=1\" class=\"attachment-colormag-featured-image size-colormag-featured-image\" alt=\"\" data-attachment-id=\"18385\" data-permalink=\"https:\/\/www.tuseichholzremmighausen.de\/wordpress\/archives\/18359\/tus-er-weihnachtsfeier-2022-022\" data-orig-file=\"https:\/\/i0.wp.com\/www.tuseichholzremmighausen.de\/wordpress\/wp-content\/uploads\/2022\/12\/tus-er-weihnachtsfeier-2022-022.jpg?fit=1536%2C2048&amp;ssl=1\" data-orig-size=\"1536,2048\" data-comments-opened=\"0\" data-image-meta=\"{&quot;aperture&quot;:&quot;0&quot;,&quot;credit&quot;:&quot;&quot;,&quot;camera&quot;:&quot;&quot;,&quot;caption&quot;:&quot;&quot;,&quot;created_timestamp&quot;:&quot;0&quot;,&quot;copyright&quot;:&quot;&quot;,&quot;focal_length&quot;:&quot;0&quot;,&quot;iso&quot;:&quot;0&quot;,&quot;shutter_speed&quot;:&quot;0&quot;,&quot;title&quot;:&quot;&quot;,&quot;orientation&quot;:&quot;0&quot;}\" data-image-title=\"tus-er-weihnachtsfeier-2022-022\" data-image-description=\"\" data-image-caption=\"\" data-large-file=\"https:\/\/i0.wp.com\/www.tuseichholzremmighausen.de\/wordpress\/wp-content\/uploads\/2022\/12\/tus-er-weihnachtsfeier-2022-022.jpg?fit=768%2C1024&amp;ssl=1\" \/><\/a>\n\t\t\t<\/div><\/figure><figure class='gallery-item'>\n\t\t\t<div class='gallery-icon landscape'>\n\t\t\t\t<a href='https:\/\/www.tuseichholzremmighausen.de\/wordpress\/img_3864'><img loading=\"lazy\" decoding=\"async\" width=\"800\" height=\"445\" src=\"https:\/\/i0.wp.com\/www.tuseichholzremmighausen.de\/wordpress\/wp-content\/uploads\/2022\/12\/IMG_3864-scaled-e1671311200985.jpg?resize=800%2C445&amp;ssl=1\" class=\"attachment-colormag-featured-image size-colormag-featured-image\" alt=\"\" data-attachment-id=\"18336\" data-permalink=\"https:\/\/www.tuseichholzremmighausen.de\/wordpress\/img_3864\" data-orig-file=\"https:\/\/i0.wp.com\/www.tuseichholzremmighausen.de\/wordpress\/wp-content\/uploads\/2022\/12\/IMG_3864-scaled-e1671311200985.jpg?fit=800%2C600&amp;ssl=1\" data-orig-size=\"800,600\" data-comments-opened=\"0\" data-image-meta=\"{&quot;aperture&quot;:&quot;3.1&quot;,&quot;credit&quot;:&quot;&quot;,&quot;camera&quot;:&quot;Canon PowerShot SX210 IS&quot;,&quot;caption&quot;:&quot;&quot;,&quot;created_timestamp&quot;:&quot;1671283720&quot;,&quot;copyright&quot;:&quot;&quot;,&quot;focal_length&quot;:&quot;5&quot;,&quot;iso&quot;:&quot;250&quot;,&quot;shutter_speed&quot;:&quot;0.016666666666667&quot;,&quot;title&quot;:&quot;&quot;,&quot;orientation&quot;:&quot;1&quot;}\" data-image-title=\"IMG_3864\" data-image-description=\"\" data-image-caption=\"\" data-large-file=\"https:\/\/i0.wp.com\/www.tuseichholzremmighausen.de\/wordpress\/wp-content\/uploads\/2022\/12\/IMG_3864-scaled-e1671311200985.jpg?fit=800%2C600&amp;ssl=1\" \/><\/a>\n\t\t\t<\/div><\/figure><figure class='gallery-item'>\n\t\t\t<div class='gallery-icon landscape'>\n\t\t\t\t<a href='https:\/\/www.tuseichholzremmighausen.de\/wordpress\/img_3859'><img loading=\"lazy\" decoding=\"async\" width=\"800\" height=\"445\" src=\"https:\/\/i0.wp.com\/www.tuseichholzremmighausen.de\/wordpress\/wp-content\/uploads\/2022\/12\/IMG_3859-scaled-e1671311284680.jpg?resize=800%2C445&amp;ssl=1\" class=\"attachment-colormag-featured-image size-colormag-featured-image\" alt=\"\" data-attachment-id=\"18332\" data-permalink=\"https:\/\/www.tuseichholzremmighausen.de\/wordpress\/img_3859\" data-orig-file=\"https:\/\/i0.wp.com\/www.tuseichholzremmighausen.de\/wordpress\/wp-content\/uploads\/2022\/12\/IMG_3859-scaled-e1671311284680.jpg?fit=800%2C600&amp;ssl=1\" data-orig-size=\"800,600\" data-comments-opened=\"0\" data-image-meta=\"{&quot;aperture&quot;:&quot;3.1&quot;,&quot;credit&quot;:&quot;&quot;,&quot;camera&quot;:&quot;Canon PowerShot SX210 IS&quot;,&quot;caption&quot;:&quot;&quot;,&quot;created_timestamp&quot;:&quot;1671283550&quot;,&quot;copyright&quot;:&quot;&quot;,&quot;focal_length&quot;:&quot;5&quot;,&quot;iso&quot;:&quot;800&quot;,&quot;shutter_speed&quot;:&quot;0.033333333333333&quot;,&quot;title&quot;:&quot;&quot;,&quot;orientation&quot;:&quot;1&quot;}\" data-image-title=\"IMG_3859\" data-image-description=\"\" data-image-caption=\"\" data-large-file=\"https:\/\/i0.wp.com\/www.tuseichholzremmighausen.de\/wordpress\/wp-content\/uploads\/2022\/12\/IMG_3859-scaled-e1671311284680.jpg?fit=800%2C600&amp;ssl=1\" \/><\/a>\n\t\t\t<\/div><\/figure><figure class='gallery-item'>\n\t\t\t<div class='gallery-icon landscape'>\n\t\t\t\t<a href='https:\/\/www.tuseichholzremmighausen.de\/wordpress\/img_3853'><img loading=\"lazy\" decoding=\"async\" width=\"800\" height=\"445\" src=\"https:\/\/i0.wp.com\/www.tuseichholzremmighausen.de\/wordpress\/wp-content\/uploads\/2022\/12\/IMG_3853-scaled-e1671311346405.jpg?resize=800%2C445&amp;ssl=1\" class=\"attachment-colormag-featured-image size-colormag-featured-image\" alt=\"\" data-attachment-id=\"18329\" data-permalink=\"https:\/\/www.tuseichholzremmighausen.de\/wordpress\/img_3853\" data-orig-file=\"https:\/\/i0.wp.com\/www.tuseichholzremmighausen.de\/wordpress\/wp-content\/uploads\/2022\/12\/IMG_3853-scaled-e1671311346405.jpg?fit=800%2C600&amp;ssl=1\" data-orig-size=\"800,600\" data-comments-opened=\"0\" data-image-meta=\"{&quot;aperture&quot;:&quot;3.1&quot;,&quot;credit&quot;:&quot;&quot;,&quot;camera&quot;:&quot;Canon PowerShot SX210 IS&quot;,&quot;caption&quot;:&quot;&quot;,&quot;created_timestamp&quot;:&quot;1671283378&quot;,&quot;copyright&quot;:&quot;&quot;,&quot;focal_length&quot;:&quot;5&quot;,&quot;iso&quot;:&quot;400&quot;,&quot;shutter_speed&quot;:&quot;0.033333333333333&quot;,&quot;title&quot;:&quot;&quot;,&quot;orientation&quot;:&quot;1&quot;}\" data-image-title=\"IMG_3853\" data-image-description=\"\" data-image-caption=\"\" data-large-file=\"https:\/\/i0.wp.com\/www.tuseichholzremmighausen.de\/wordpress\/wp-content\/uploads\/2022\/12\/IMG_3853-scaled-e1671311346405.jpg?fit=800%2C600&amp;ssl=1\" \/><\/a>\n\t\t\t<\/div><\/figure>\n\t\t<\/div>\n\n<p>Um <strong>16 Uhr<\/strong> sind unsere 15- bis 17-j\u00e4hrigen Vereinsmitglieder an der Reihe. Auch hier sind die Angebote liebevoll durchdacht. Es werden flei\u00dfig Buttons erstellt, Mandalas ausgemalt, Gesellschaftsspiele gespielt, sowie ein Tisch-Kegel-Turnier ausgerichtet. Zum Ende des Zeitblocks wird noch einmal der Grill angeschmissen, sodass auch in diesem Zeitblock keiner hungrig nach Hause geht. Als Verabschiedungsgeschenk gab es f\u00fcr alle noch einen leckeren Schoko Weihnachtsmann!<\/p>\n<div data-carousel-extra='{&quot;blog_id&quot;:1,&quot;permalink&quot;:&quot;https:\/\/www.tuseichholzremmighausen.de\/wordpress\/archives\/18359&quot;}' id='gallery-4' class='gallery galleryid-18359 gallery-columns-3 gallery-size-colormag-featured-image'><figure class='gallery-item'>\n\t\t\t<div class='gallery-icon portrait'>\n\t\t\t\t<a href='https:\/\/www.tuseichholzremmighausen.de\/wordpress\/archives\/18359\/tus-er-weihnachtsfeier-2022-064'><img loading=\"lazy\" decoding=\"async\" width=\"800\" height=\"445\" src=\"https:\/\/i0.wp.com\/www.tuseichholzremmighausen.de\/wordpress\/wp-content\/uploads\/2022\/12\/tus-er-weihnachtsfeier-2022-064.jpg?resize=800%2C445&amp;ssl=1\" class=\"attachment-colormag-featured-image size-colormag-featured-image\" alt=\"\" data-attachment-id=\"18402\" data-permalink=\"https:\/\/www.tuseichholzremmighausen.de\/wordpress\/archives\/18359\/tus-er-weihnachtsfeier-2022-064\" data-orig-file=\"https:\/\/i0.wp.com\/www.tuseichholzremmighausen.de\/wordpress\/wp-content\/uploads\/2022\/12\/tus-er-weihnachtsfeier-2022-064.jpg?fit=1536%2C2048&amp;ssl=1\" data-orig-size=\"1536,2048\" data-comments-opened=\"0\" data-image-meta=\"{&quot;aperture&quot;:&quot;0&quot;,&quot;credit&quot;:&quot;&quot;,&quot;camera&quot;:&quot;&quot;,&quot;caption&quot;:&quot;&quot;,&quot;created_timestamp&quot;:&quot;0&quot;,&quot;copyright&quot;:&quot;&quot;,&quot;focal_length&quot;:&quot;0&quot;,&quot;iso&quot;:&quot;0&quot;,&quot;shutter_speed&quot;:&quot;0&quot;,&quot;title&quot;:&quot;&quot;,&quot;orientation&quot;:&quot;0&quot;}\" data-image-title=\"tus-er-weihnachtsfeier-2022-064\" data-image-description=\"\" data-image-caption=\"\" data-large-file=\"https:\/\/i0.wp.com\/www.tuseichholzremmighausen.de\/wordpress\/wp-content\/uploads\/2022\/12\/tus-er-weihnachtsfeier-2022-064.jpg?fit=768%2C1024&amp;ssl=1\" \/><\/a>\n\t\t\t<\/div><\/figure><figure class='gallery-item'>\n\t\t\t<div class='gallery-icon portrait'>\n\t\t\t\t<a href='https:\/\/www.tuseichholzremmighausen.de\/wordpress\/archives\/18359\/tus-er-weihnachtsfeier-2022-059'><img loading=\"lazy\" decoding=\"async\" width=\"800\" height=\"445\" src=\"https:\/\/i0.wp.com\/www.tuseichholzremmighausen.de\/wordpress\/wp-content\/uploads\/2022\/12\/tus-er-weihnachtsfeier-2022-059.jpg?resize=800%2C445&amp;ssl=1\" class=\"attachment-colormag-featured-image size-colormag-featured-image\" alt=\"\" data-attachment-id=\"18400\" data-permalink=\"https:\/\/www.tuseichholzremmighausen.de\/wordpress\/archives\/18359\/tus-er-weihnachtsfeier-2022-059\" data-orig-file=\"https:\/\/i0.wp.com\/www.tuseichholzremmighausen.de\/wordpress\/wp-content\/uploads\/2022\/12\/tus-er-weihnachtsfeier-2022-059.jpg?fit=1536%2C2048&amp;ssl=1\" data-orig-size=\"1536,2048\" data-comments-opened=\"0\" data-image-meta=\"{&quot;aperture&quot;:&quot;0&quot;,&quot;credit&quot;:&quot;&quot;,&quot;camera&quot;:&quot;&quot;,&quot;caption&quot;:&quot;&quot;,&quot;created_timestamp&quot;:&quot;0&quot;,&quot;copyright&quot;:&quot;&quot;,&quot;focal_length&quot;:&quot;0&quot;,&quot;iso&quot;:&quot;0&quot;,&quot;shutter_speed&quot;:&quot;0&quot;,&quot;title&quot;:&quot;&quot;,&quot;orientation&quot;:&quot;0&quot;}\" data-image-title=\"tus-er-weihnachtsfeier-2022-059\" data-image-description=\"\" data-image-caption=\"\" data-large-file=\"https:\/\/i0.wp.com\/www.tuseichholzremmighausen.de\/wordpress\/wp-content\/uploads\/2022\/12\/tus-er-weihnachtsfeier-2022-059.jpg?fit=768%2C1024&amp;ssl=1\" \/><\/a>\n\t\t\t<\/div><\/figure><figure class='gallery-item'>\n\t\t\t<div class='gallery-icon portrait'>\n\t\t\t\t<a href='https:\/\/www.tuseichholzremmighausen.de\/wordpress\/archives\/18359\/tus-er-weihnachtsfeier-2022-063'><img loading=\"lazy\" decoding=\"async\" width=\"800\" height=\"445\" src=\"https:\/\/i0.wp.com\/www.tuseichholzremmighausen.de\/wordpress\/wp-content\/uploads\/2022\/12\/tus-er-weihnachtsfeier-2022-063.jpg?resize=800%2C445&amp;ssl=1\" class=\"attachment-colormag-featured-image size-colormag-featured-image\" alt=\"\" data-attachment-id=\"18401\" data-permalink=\"https:\/\/www.tuseichholzremmighausen.de\/wordpress\/archives\/18359\/tus-er-weihnachtsfeier-2022-063\" data-orig-file=\"https:\/\/i0.wp.com\/www.tuseichholzremmighausen.de\/wordpress\/wp-content\/uploads\/2022\/12\/tus-er-weihnachtsfeier-2022-063.jpg?fit=1536%2C2048&amp;ssl=1\" data-orig-size=\"1536,2048\" data-comments-opened=\"0\" data-image-meta=\"{&quot;aperture&quot;:&quot;0&quot;,&quot;credit&quot;:&quot;&quot;,&quot;camera&quot;:&quot;&quot;,&quot;caption&quot;:&quot;&quot;,&quot;created_timestamp&quot;:&quot;0&quot;,&quot;copyright&quot;:&quot;&quot;,&quot;focal_length&quot;:&quot;0&quot;,&quot;iso&quot;:&quot;0&quot;,&quot;shutter_speed&quot;:&quot;0&quot;,&quot;title&quot;:&quot;&quot;,&quot;orientation&quot;:&quot;0&quot;}\" data-image-title=\"tus-er-weihnachtsfeier-2022-063\" data-image-description=\"\" data-image-caption=\"\" data-large-file=\"https:\/\/i0.wp.com\/www.tuseichholzremmighausen.de\/wordpress\/wp-content\/uploads\/2022\/12\/tus-er-weihnachtsfeier-2022-063.jpg?fit=768%2C1024&amp;ssl=1\" \/><\/a>\n\t\t\t<\/div><\/figure><figure class='gallery-item'>\n\t\t\t<div class='gallery-icon portrait'>\n\t\t\t\t<a href='https:\/\/www.tuseichholzremmighausen.de\/wordpress\/archives\/18359\/tus-er-weihnachtsfeier-2022-048'><img loading=\"lazy\" decoding=\"async\" width=\"800\" height=\"445\" src=\"https:\/\/i0.wp.com\/www.tuseichholzremmighausen.de\/wordpress\/wp-content\/uploads\/2022\/12\/tus-er-weihnachtsfeier-2022-048.jpg?resize=800%2C445&amp;ssl=1\" class=\"attachment-colormag-featured-image size-colormag-featured-image\" alt=\"\" data-attachment-id=\"18398\" data-permalink=\"https:\/\/www.tuseichholzremmighausen.de\/wordpress\/archives\/18359\/tus-er-weihnachtsfeier-2022-048\" data-orig-file=\"https:\/\/i0.wp.com\/www.tuseichholzremmighausen.de\/wordpress\/wp-content\/uploads\/2022\/12\/tus-er-weihnachtsfeier-2022-048.jpg?fit=1536%2C2048&amp;ssl=1\" data-orig-size=\"1536,2048\" data-comments-opened=\"0\" data-image-meta=\"{&quot;aperture&quot;:&quot;0&quot;,&quot;credit&quot;:&quot;&quot;,&quot;camera&quot;:&quot;&quot;,&quot;caption&quot;:&quot;&quot;,&quot;created_timestamp&quot;:&quot;0&quot;,&quot;copyright&quot;:&quot;&quot;,&quot;focal_length&quot;:&quot;0&quot;,&quot;iso&quot;:&quot;0&quot;,&quot;shutter_speed&quot;:&quot;0&quot;,&quot;title&quot;:&quot;&quot;,&quot;orientation&quot;:&quot;0&quot;}\" data-image-title=\"tus-er-weihnachtsfeier-2022-048\" data-image-description=\"\" data-image-caption=\"\" data-large-file=\"https:\/\/i0.wp.com\/www.tuseichholzremmighausen.de\/wordpress\/wp-content\/uploads\/2022\/12\/tus-er-weihnachtsfeier-2022-048.jpg?fit=768%2C1024&amp;ssl=1\" \/><\/a>\n\t\t\t<\/div><\/figure><figure class='gallery-item'>\n\t\t\t<div class='gallery-icon portrait'>\n\t\t\t\t<a href='https:\/\/www.tuseichholzremmighausen.de\/wordpress\/archives\/18359\/tus-er-weihnachtsfeier-2022-035'><img loading=\"lazy\" decoding=\"async\" width=\"800\" height=\"445\" src=\"https:\/\/i0.wp.com\/www.tuseichholzremmighausen.de\/wordpress\/wp-content\/uploads\/2022\/12\/tus-er-weihnachtsfeier-2022-035.jpg?resize=800%2C445&amp;ssl=1\" class=\"attachment-colormag-featured-image size-colormag-featured-image\" alt=\"\" data-attachment-id=\"18397\" data-permalink=\"https:\/\/www.tuseichholzremmighausen.de\/wordpress\/archives\/18359\/tus-er-weihnachtsfeier-2022-035\" data-orig-file=\"https:\/\/i0.wp.com\/www.tuseichholzremmighausen.de\/wordpress\/wp-content\/uploads\/2022\/12\/tus-er-weihnachtsfeier-2022-035.jpg?fit=1536%2C2048&amp;ssl=1\" data-orig-size=\"1536,2048\" data-comments-opened=\"0\" data-image-meta=\"{&quot;aperture&quot;:&quot;0&quot;,&quot;credit&quot;:&quot;&quot;,&quot;camera&quot;:&quot;&quot;,&quot;caption&quot;:&quot;&quot;,&quot;created_timestamp&quot;:&quot;0&quot;,&quot;copyright&quot;:&quot;&quot;,&quot;focal_length&quot;:&quot;0&quot;,&quot;iso&quot;:&quot;0&quot;,&quot;shutter_speed&quot;:&quot;0&quot;,&quot;title&quot;:&quot;&quot;,&quot;orientation&quot;:&quot;0&quot;}\" data-image-title=\"tus-er-weihnachtsfeier-2022-035\" data-image-description=\"\" data-image-caption=\"\" data-large-file=\"https:\/\/i0.wp.com\/www.tuseichholzremmighausen.de\/wordpress\/wp-content\/uploads\/2022\/12\/tus-er-weihnachtsfeier-2022-035.jpg?fit=768%2C1024&amp;ssl=1\" \/><\/a>\n\t\t\t<\/div><\/figure><figure class='gallery-item'>\n\t\t\t<div class='gallery-icon portrait'>\n\t\t\t\t<a href='https:\/\/www.tuseichholzremmighausen.de\/wordpress\/archives\/18359\/tus-er-weihnachtsfeier-2022-034'><img loading=\"lazy\" decoding=\"async\" width=\"800\" height=\"445\" src=\"https:\/\/i0.wp.com\/www.tuseichholzremmighausen.de\/wordpress\/wp-content\/uploads\/2022\/12\/tus-er-weihnachtsfeier-2022-034.jpg?resize=800%2C445&amp;ssl=1\" class=\"attachment-colormag-featured-image size-colormag-featured-image\" alt=\"\" data-attachment-id=\"18396\" data-permalink=\"https:\/\/www.tuseichholzremmighausen.de\/wordpress\/archives\/18359\/tus-er-weihnachtsfeier-2022-034\" data-orig-file=\"https:\/\/i0.wp.com\/www.tuseichholzremmighausen.de\/wordpress\/wp-content\/uploads\/2022\/12\/tus-er-weihnachtsfeier-2022-034.jpg?fit=1536%2C2048&amp;ssl=1\" data-orig-size=\"1536,2048\" data-comments-opened=\"0\" data-image-meta=\"{&quot;aperture&quot;:&quot;0&quot;,&quot;credit&quot;:&quot;&quot;,&quot;camera&quot;:&quot;&quot;,&quot;caption&quot;:&quot;&quot;,&quot;created_timestamp&quot;:&quot;0&quot;,&quot;copyright&quot;:&quot;&quot;,&quot;focal_length&quot;:&quot;0&quot;,&quot;iso&quot;:&quot;0&quot;,&quot;shutter_speed&quot;:&quot;0&quot;,&quot;title&quot;:&quot;&quot;,&quot;orientation&quot;:&quot;0&quot;}\" data-image-title=\"tus-er-weihnachtsfeier-2022-034\" data-image-description=\"\" data-image-caption=\"\" data-large-file=\"https:\/\/i0.wp.com\/www.tuseichholzremmighausen.de\/wordpress\/wp-content\/uploads\/2022\/12\/tus-er-weihnachtsfeier-2022-034.jpg?fit=768%2C1024&amp;ssl=1\" \/><\/a>\n\t\t\t<\/div><\/figure><figure class='gallery-item'>\n\t\t\t<div class='gallery-icon landscape'>\n\t\t\t\t<a href='https:\/\/www.tuseichholzremmighausen.de\/wordpress\/img_3876'><img loading=\"lazy\" decoding=\"async\" width=\"800\" height=\"445\" src=\"https:\/\/i0.wp.com\/www.tuseichholzremmighausen.de\/wordpress\/wp-content\/uploads\/2022\/12\/IMG_3876-scaled-e1671310927106.jpg?resize=800%2C445&amp;ssl=1\" class=\"attachment-colormag-featured-image size-colormag-featured-image\" alt=\"\" data-attachment-id=\"18346\" data-permalink=\"https:\/\/www.tuseichholzremmighausen.de\/wordpress\/img_3876\" data-orig-file=\"https:\/\/i0.wp.com\/www.tuseichholzremmighausen.de\/wordpress\/wp-content\/uploads\/2022\/12\/IMG_3876-scaled-e1671310927106.jpg?fit=800%2C600&amp;ssl=1\" data-orig-size=\"800,600\" data-comments-opened=\"0\" data-image-meta=\"{&quot;aperture&quot;:&quot;3.1&quot;,&quot;credit&quot;:&quot;&quot;,&quot;camera&quot;:&quot;Canon PowerShot SX210 IS&quot;,&quot;caption&quot;:&quot;&quot;,&quot;created_timestamp&quot;:&quot;1671298946&quot;,&quot;copyright&quot;:&quot;&quot;,&quot;focal_length&quot;:&quot;5&quot;,&quot;iso&quot;:&quot;400&quot;,&quot;shutter_speed&quot;:&quot;0.066666666666667&quot;,&quot;title&quot;:&quot;&quot;,&quot;orientation&quot;:&quot;1&quot;}\" data-image-title=\"IMG_3876\" data-image-description=\"\" data-image-caption=\"\" data-large-file=\"https:\/\/i0.wp.com\/www.tuseichholzremmighausen.de\/wordpress\/wp-content\/uploads\/2022\/12\/IMG_3876-scaled-e1671310927106.jpg?fit=800%2C600&amp;ssl=1\" \/><\/a>\n\t\t\t<\/div><\/figure><figure class='gallery-item'>\n\t\t\t<div class='gallery-icon landscape'>\n\t\t\t\t<a href='https:\/\/www.tuseichholzremmighausen.de\/wordpress\/img_3882'><img loading=\"lazy\" decoding=\"async\" width=\"800\" height=\"445\" src=\"https:\/\/i0.wp.com\/www.tuseichholzremmighausen.de\/wordpress\/wp-content\/uploads\/2022\/12\/IMG_3882-scaled-e1671310890820.jpg?resize=800%2C445&amp;ssl=1\" class=\"attachment-colormag-featured-image size-colormag-featured-image\" alt=\"\" data-attachment-id=\"18350\" data-permalink=\"https:\/\/www.tuseichholzremmighausen.de\/wordpress\/img_3882\" data-orig-file=\"https:\/\/i0.wp.com\/www.tuseichholzremmighausen.de\/wordpress\/wp-content\/uploads\/2022\/12\/IMG_3882-scaled-e1671310890820.jpg?fit=800%2C600&amp;ssl=1\" data-orig-size=\"800,600\" data-comments-opened=\"0\" data-image-meta=\"{&quot;aperture&quot;:&quot;3.1&quot;,&quot;credit&quot;:&quot;&quot;,&quot;camera&quot;:&quot;Canon PowerShot SX210 IS&quot;,&quot;caption&quot;:&quot;&quot;,&quot;created_timestamp&quot;:&quot;1671300079&quot;,&quot;copyright&quot;:&quot;&quot;,&quot;focal_length&quot;:&quot;5&quot;,&quot;iso&quot;:&quot;640&quot;,&quot;shutter_speed&quot;:&quot;0.066666666666667&quot;,&quot;title&quot;:&quot;&quot;,&quot;orientation&quot;:&quot;1&quot;}\" data-image-title=\"IMG_3882\" data-image-description=\"\" data-image-caption=\"\" data-large-file=\"https:\/\/i0.wp.com\/www.tuseichholzremmighausen.de\/wordpress\/wp-content\/uploads\/2022\/12\/IMG_3882-scaled-e1671310890820.jpg?fit=800%2C600&amp;ssl=1\" \/><\/a>\n\t\t\t<\/div><\/figure><figure class='gallery-item'>\n\t\t\t<div class='gallery-icon landscape'>\n\t\t\t\t<a href='https:\/\/www.tuseichholzremmighausen.de\/wordpress\/img_3865'><img loading=\"lazy\" decoding=\"async\" width=\"800\" height=\"445\" src=\"https:\/\/i0.wp.com\/www.tuseichholzremmighausen.de\/wordpress\/wp-content\/uploads\/2022\/12\/IMG_3865-scaled-e1671311178418.jpg?resize=800%2C445&amp;ssl=1\" class=\"attachment-colormag-featured-image size-colormag-featured-image\" alt=\"\" data-attachment-id=\"18337\" data-permalink=\"https:\/\/www.tuseichholzremmighausen.de\/wordpress\/img_3865\" data-orig-file=\"https:\/\/i0.wp.com\/www.tuseichholzremmighausen.de\/wordpress\/wp-content\/uploads\/2022\/12\/IMG_3865-scaled-e1671311178418.jpg?fit=800%2C600&amp;ssl=1\" data-orig-size=\"800,600\" data-comments-opened=\"0\" data-image-meta=\"{&quot;aperture&quot;:&quot;3.5&quot;,&quot;credit&quot;:&quot;&quot;,&quot;camera&quot;:&quot;Canon PowerShot SX210 IS&quot;,&quot;caption&quot;:&quot;&quot;,&quot;created_timestamp&quot;:&quot;1671298587&quot;,&quot;copyright&quot;:&quot;&quot;,&quot;focal_length&quot;:&quot;6.453&quot;,&quot;iso&quot;:&quot;400&quot;,&quot;shutter_speed&quot;:&quot;0.066666666666667&quot;,&quot;title&quot;:&quot;&quot;,&quot;orientation&quot;:&quot;1&quot;}\" data-image-title=\"IMG_3865\" data-image-description=\"\" data-image-caption=\"\" data-large-file=\"https:\/\/i0.wp.com\/www.tuseichholzremmighausen.de\/wordpress\/wp-content\/uploads\/2022\/12\/IMG_3865-scaled-e1671311178418.jpg?fit=800%2C600&amp;ssl=1\" \/><\/a>\n\t\t\t<\/div><\/figure>\n\t\t<\/div>\n\n<p>Um <strong>18 Uhr<\/strong> endet die Weihnachtsfeier f\u00fcr den Jugend-Bereich.<\/p>\n<p>Der Satz einer Mutter \u201eGl\u00fcckliche Kinder \u2013 gl\u00fcckliche Eltern\u201c ist mir in Erinnerung geblieben. Wir vom gesamten Organisationsteam freuen uns \u00fcber die vielen positiven R\u00fcckmeldungen, die vielen leuchtenden Kinderaugen, die vielen l\u00e4chelnden Eltern und \u00fcber die vielen kreativen Deko- und Bastelartikel, die als Schmuck in euren Weihnachtsb\u00e4umen h\u00e4ngen oder als Geschenke unter euren Weihnachtsb\u00e4umen liegen.<\/p>\n<p>Ein Highlight f\u00fcr uns alle war die Fotobox. Ein paar Accessoires aufgesetzt oder umgehangen, vor den schwarzen Samt-Vorhang aufgestellt und schon konnte ein Foto geschossen und direkt ausgedruckt und mitgenommen werden. Eine sch\u00f6ne Erinnerung an eine sch\u00f6ne Veranstaltung!<\/p>\n<p>Doch damit nicht genug. Eine Stunde Zeit, um den Raum umzugestalten, die Tische und St\u00fchle umzustellen, die Lichtstrahler vorzubereiten, die Zapfanlage zu installieren und und und&#8230; Um <strong>19 Uhr<\/strong> beginnt die \u00dc-18-Abendveranstaltung mit \u00fcber 80 angemeldeten Personen aus allen Abteilungen. Unser 1. Vorsitzender begr\u00fc\u00dft alle Vereinsmitglieder, freut sich \u00fcber den Erfolg des bisherigen Tages und auf einen sch\u00f6nen Abend. Sowohl das k\u00f6stliche Weihnachts-3-G\u00e4nge-Men\u00fc als auch die Getr\u00e4nkeauswahl lassen keine W\u00fcnsche \u00fcbrig. Eine spontane Showeinlage der Tanzabteilung sorgt f\u00fcr die Er\u00f6ffnung der Tanzfl\u00e4che. Die Stimmung ist ausgelassen und die Gemeinschaft zwischen den Vereinsmitgliedern unterschiedlichen Alters und unterschiedlicher Abteilungen deutlich zu sp\u00fcren. Eine rundum gro\u00dfartige Veranstaltung mit Wiederholungsbedarf!<\/p>\n<p>Wir bedanken und bei allen, die an dieser Weihnachtsfeier teilgenommen haben. Insbesondere an die vielen flei\u00dfigen Helfer, ohne die es nicht m\u00f6glich gewesen w\u00e4re!<\/p>\n<p><em>Bericht: Melissa Klare<span class=\"Apple-converted-space\">\u00a0<\/span><\/em><\/p>\n","protected":false},"excerpt":{"rendered":"<p>Bereits letztes Jahr geplant \u2013 dieses Jahr erfolgreich umgesetzt. Unter dem Motto \u201eGemeinschaft f\u00fchlen \u2013 Sport leben\u201c fand am Samstag,<\/p>\n","protected":false},"author":52,"featured_media":18403,"comment_status":"closed","ping_status":"open","sticky":false,"template":"","format":"standard","meta":{"colormag_page_container_layout":"default_layout","colormag_page_sidebar_layout":"default_layout","_jetpack_memberships_contains_paid_content":false,"footnotes":"","jetpack_publicize_message":"Erste abteilungs\u00fcbergreifende Weihnachtsfeier \u2013 ein voller Erfolg!\r\n\r\nUnter dem Motto \u201eGemeinschaft f\u00fchlen \u2013 Sport leben\u201c fand am Samstag, den 17.12.2022 unsere vereinsweite TuS Weihnachtsfeier in den R\u00e4umlichkeiten der Lebenshilfe in Detmold. Mit insgesamt rund 350 \u201eBesuchern\u201c und zahlreichen Helfern blicken wir zufrieden auf eine gelungene Veranstaltung zur\u00fcck.\r\n\r\nMehr dazu im Beitrag!","jetpack_publicize_feature_enabled":true,"jetpack_social_post_already_shared":true,"jetpack_social_options":{"image_generator_settings":{"template":"highway","default_image_id":0,"font":"","enabled":false},"version":2}},"categories":[157,165,162],"tags":[],"class_list":["post-18359","post","type-post","status-publish","format-standard","has-post-thumbnail","hentry","category-archiv","category-startseite-ohne-fb","category-tus-aktuell"],"jetpack_publicize_connections":[],"jetpack_featured_media_url":"https:\/\/i0.wp.com\/www.tuseichholzremmighausen.de\/wordpress\/wp-content\/uploads\/2022\/12\/beitragsbild-weihnachtsfeier-2022-scaled.jpg?fit=2560%2C1440&ssl=1","jetpack_sharing_enabled":true,"_links":{"self":[{"href":"https:\/\/www.tuseichholzremmighausen.de\/wordpress\/wp-json\/wp\/v2\/posts\/18359","targetHints":{"allow":["GET"]}}],"collection":[{"href":"https:\/\/www.tuseichholzremmighausen.de\/wordpress\/wp-json\/wp\/v2\/posts"}],"about":[{"href":"https:\/\/www.tuseichholzremmighausen.de\/wordpress\/wp-json\/wp\/v2\/types\/post"}],"author":[{"embeddable":true,"href":"https:\/\/www.tuseichholzremmighausen.de\/wordpress\/wp-json\/wp\/v2\/users\/52"}],"replies":[{"embeddable":true,"href":"https:\/\/www.tuseichholzremmighausen.de\/wordpress\/wp-json\/wp\/v2\/comments?post=18359"}],"version-history":[{"count":0,"href":"https:\/\/www.tuseichholzremmighausen.de\/wordpress\/wp-json\/wp\/v2\/posts\/18359\/revisions"}],"wp:featuredmedia":[{"embeddable":true,"href":"https:\/\/www.tuseichholzremmighausen.de\/wordpress\/wp-json\/wp\/v2\/media\/18403"}],"wp:attachment":[{"href":"https:\/\/www.tuseichholzremmighausen.de\/wordpress\/wp-json\/wp\/v2\/media?parent=18359"}],"wp:term":[{"taxonomy":"category","embeddable":true,"href":"https:\/\/www.tuseichholzremmighausen.de\/wordpress\/wp-json\/wp\/v2\/categories?post=18359"},{"taxonomy":"post_tag","embeddable":true,"href":"https:\/\/www.tuseichholzremmighausen.de\/wordpress\/wp-json\/wp\/v2\/tags?post=18359"}],"curies":[{"name":"wp","href":"https:\/\/api.w.org\/{rel}","templated":true}]}}