{"id":18439,"date":"2023-01-02T20:45:23","date_gmt":"2023-01-02T19:45:23","guid":{"rendered":"https:\/\/www.tuseichholzremmighausen.de\/wordpress\/?p=18439"},"modified":"2023-01-02T20:48:27","modified_gmt":"2023-01-02T19:48:27","slug":"anerkennung-fuer-juniorinnen-warsteiner-wanderpokal-bleibt-beim-tus","status":"publish","type":"post","link":"https:\/\/www.tuseichholzremmighausen.de\/wordpress\/archives\/18439","title":{"rendered":"Anerkennung f\u00fcr Juniorinnen &#8211; Warsteiner Wanderpokal bleibt beim TuS"},"content":{"rendered":"<p>Eine Anerkennung der ganz besonderen Art erhalten unsere Juniorinnen aus Warstein.<img data-recalc-dims=\"1\" loading=\"lazy\" decoding=\"async\" data-attachment-id=\"11448\" data-permalink=\"https:\/\/www.tuseichholzremmighausen.de\/wordpress\/archives\/11447\/fb_c-juniorinnen_20181230_01\" data-orig-file=\"https:\/\/i0.wp.com\/www.tuseichholzremmighausen.de\/wordpress\/wp-content\/uploads\/2018\/12\/fb_c-juniorinnen_20181230_01.jpg?fit=1200%2C799&amp;ssl=1\" data-orig-size=\"1200,799\" data-comments-opened=\"0\" data-image-meta=\"{&quot;aperture&quot;:&quot;0&quot;,&quot;credit&quot;:&quot;&quot;,&quot;camera&quot;:&quot;&quot;,&quot;caption&quot;:&quot;&quot;,&quot;created_timestamp&quot;:&quot;0&quot;,&quot;copyright&quot;:&quot;&quot;,&quot;focal_length&quot;:&quot;0&quot;,&quot;iso&quot;:&quot;0&quot;,&quot;shutter_speed&quot;:&quot;0&quot;,&quot;title&quot;:&quot;&quot;,&quot;orientation&quot;:&quot;0&quot;}\" data-image-title=\"fb_c-juniorinnen_20181230_01\" data-image-description=\"\" data-image-caption=\"\" data-large-file=\"https:\/\/i0.wp.com\/www.tuseichholzremmighausen.de\/wordpress\/wp-content\/uploads\/2018\/12\/fb_c-juniorinnen_20181230_01.jpg?fit=800%2C533&amp;ssl=1\" class=\"alignnone size-full wp-image-11448\" src=\"https:\/\/i0.wp.com\/www.tuseichholzremmighausen.de\/wordpress\/wp-content\/uploads\/2018\/12\/fb_c-juniorinnen_20181230_01.jpg?resize=800%2C533&#038;ssl=1\" alt=\"\" width=\"800\" height=\"533\" srcset=\"https:\/\/i0.wp.com\/www.tuseichholzremmighausen.de\/wordpress\/wp-content\/uploads\/2018\/12\/fb_c-juniorinnen_20181230_01.jpg?w=1200&amp;ssl=1 1200w, https:\/\/i0.wp.com\/www.tuseichholzremmighausen.de\/wordpress\/wp-content\/uploads\/2018\/12\/fb_c-juniorinnen_20181230_01.jpg?resize=600%2C400&amp;ssl=1 600w, https:\/\/i0.wp.com\/www.tuseichholzremmighausen.de\/wordpress\/wp-content\/uploads\/2018\/12\/fb_c-juniorinnen_20181230_01.jpg?resize=300%2C200&amp;ssl=1 300w, https:\/\/i0.wp.com\/www.tuseichholzremmighausen.de\/wordpress\/wp-content\/uploads\/2018\/12\/fb_c-juniorinnen_20181230_01.jpg?resize=768%2C511&amp;ssl=1 768w, https:\/\/i0.wp.com\/www.tuseichholzremmighausen.de\/wordpress\/wp-content\/uploads\/2018\/12\/fb_c-juniorinnen_20181230_01.jpg?resize=1024%2C682&amp;ssl=1 1024w\" sizes=\"auto, (max-width: 800px) 100vw, 800px\" \/> Im Dezember 2018 gewannen die Eichholzer M\u00e4dels die Hallenmeisterschaften in Warstein. Ende 2019 verteidigten sie ihren Titel aus dem Vorjahr und nahmen den Wanderpokal wieder mit nach Eichholz.<img data-recalc-dims=\"1\" loading=\"lazy\" decoding=\"async\" data-attachment-id=\"18441\" data-permalink=\"https:\/\/www.tuseichholzremmighausen.de\/wordpress\/archives\/18439\/fb_b-juniorinnen_191228-1271-2\" data-orig-file=\"https:\/\/i0.wp.com\/www.tuseichholzremmighausen.de\/wordpress\/wp-content\/uploads\/2023\/01\/fb_b-juniorinnen_191228-1271.jpg?fit=1200%2C800&amp;ssl=1\" data-orig-size=\"1200,800\" data-comments-opened=\"0\" data-image-meta=\"{&quot;aperture&quot;:&quot;2.8&quot;,&quot;credit&quot;:&quot;Rolf Gehrke&quot;,&quot;camera&quot;:&quot;Canon EOS 80D&quot;,&quot;caption&quot;:&quot;&quot;,&quot;created_timestamp&quot;:&quot;1577565495&quot;,&quot;copyright&quot;:&quot;RGehrke2019&quot;,&quot;focal_length&quot;:&quot;28&quot;,&quot;iso&quot;:&quot;800&quot;,&quot;shutter_speed&quot;:&quot;0.016666666666667&quot;,&quot;title&quot;:&quot;&quot;,&quot;orientation&quot;:&quot;1&quot;}\" data-image-title=\"fb_b-juniorinnen_191228 (1271)\" data-image-description=\"\" data-image-caption=\"\" data-large-file=\"https:\/\/i0.wp.com\/www.tuseichholzremmighausen.de\/wordpress\/wp-content\/uploads\/2023\/01\/fb_b-juniorinnen_191228-1271.jpg?fit=800%2C534&amp;ssl=1\" class=\"alignnone size-full wp-image-18441\" src=\"https:\/\/i0.wp.com\/www.tuseichholzremmighausen.de\/wordpress\/wp-content\/uploads\/2023\/01\/fb_b-juniorinnen_191228-1271.jpg?resize=800%2C533&#038;ssl=1\" alt=\"\" width=\"800\" height=\"533\" srcset=\"https:\/\/i0.wp.com\/www.tuseichholzremmighausen.de\/wordpress\/wp-content\/uploads\/2023\/01\/fb_b-juniorinnen_191228-1271.jpg?w=1200&amp;ssl=1 1200w, https:\/\/i0.wp.com\/www.tuseichholzremmighausen.de\/wordpress\/wp-content\/uploads\/2023\/01\/fb_b-juniorinnen_191228-1271.jpg?resize=300%2C200&amp;ssl=1 300w, https:\/\/i0.wp.com\/www.tuseichholzremmighausen.de\/wordpress\/wp-content\/uploads\/2023\/01\/fb_b-juniorinnen_191228-1271.jpg?resize=1024%2C683&amp;ssl=1 1024w, https:\/\/i0.wp.com\/www.tuseichholzremmighausen.de\/wordpress\/wp-content\/uploads\/2023\/01\/fb_b-juniorinnen_191228-1271.jpg?resize=768%2C512&amp;ssl=1 768w\" sizes=\"auto, (max-width: 800px) 100vw, 800px\" \/> Leider mussten die Turniere in den Jahren 2020 und 2021 pandemiebedingt abgesagt werden. Nat\u00fcrlich hatte der TuS das Turnier in Warstein (R\u00fcthen) am Ende des Jahres 2022 quasi eingeplant, doch es sollte leider wieder nicht sein&#8230;<\/p>\n<p><strong>Alfred Lippert vom Stadtsportverband Warstein \u00fcbermittelte uns folgende Nachricht:\u00a0\u00a0<\/strong><\/p>\n<p>&#8222;<em>Auch in diesem Jahr wird es keine Jugendhallenstadtmeisterschaften bei uns geben. Erstmalig nach\u00a0 \u00fcber 10 Jahren, sollte es diesmal in R\u00fcthen ausgetragen werden, aber nach der Absage vom Kreis, f\u00fcr die Hallenkreismeisterschaften, haben die R\u00fcthener sich gleich da angeschlossen und auch abgesagt, leider. Den Wanderpokal bekommen jetzt die M\u00e4dchen von Eichholz-Remmighausen als Anerkennung f\u00fcr die 2 Titel bei uns, geschenkt!\u00a0Ganz viele Gr\u00fc\u00dfe an die tollen M\u00e4dels!<\/em>&#8220; (Anschreiben Alfred Lippert; SSV Warstein)<\/p>\n<p>Wir erinnern uns, die Titelverteidigung in 2019: <a href=\"https:\/\/www.tuseichholzremmighausen.de\/wordpress\/archives\/12754\">Klick zum Bericht aus 2019<\/a><\/p>\n<p>Wir erinnern uns, im Jahr zuvor der erste Sieg in Warstein:\u00a0 <a href=\"https:\/\/www.tuseichholzremmighausen.de\/wordpress\/archives\/11447\">Klick zum Bericht aus 2018<\/a><\/p>\n<p>&nbsp;<\/p>\n<p>&nbsp;<\/p>\n","protected":false},"excerpt":{"rendered":"<p>Anerkennung f\u00fcr Juniorinnen &#8211; Warsteiner Wanderpokal bleibt beim TuS<\/p>\n","protected":false},"author":16,"featured_media":18440,"comment_status":"closed","ping_status":"open","sticky":false,"template":"","format":"standard","meta":{"colormag_page_container_layout":"default_layout","colormag_page_sidebar_layout":"default_layout","_jetpack_memberships_contains_paid_content":false,"footnotes":"","jetpack_publicize_message":"","jetpack_publicize_feature_enabled":true,"jetpack_social_post_already_shared":true,"jetpack_social_options":{"image_generator_settings":{"template":"highway","default_image_id":0,"font":"","enabled":false},"version":2}},"categories":[157,207,252,254],"tags":[],"class_list":["post-18439","post","type-post","status-publish","format-standard","has-post-thumbnail","hentry","category-archiv","category-b-juniorinnen","category-damenmannschaft","category-fb-weiblich-aktuell"],"jetpack_publicize_connections":[],"jetpack_featured_media_url":"https:\/\/i0.wp.com\/www.tuseichholzremmighausen.de\/wordpress\/wp-content\/uploads\/2023\/01\/fb_b-juniorinnen_191228-1261.jpg?fit=1200%2C800&ssl=1","jetpack_sharing_enabled":true,"_links":{"self":[{"href":"https:\/\/www.tuseichholzremmighausen.de\/wordpress\/wp-json\/wp\/v2\/posts\/18439","targetHints":{"allow":["GET"]}}],"collection":[{"href":"https:\/\/www.tuseichholzremmighausen.de\/wordpress\/wp-json\/wp\/v2\/posts"}],"about":[{"href":"https:\/\/www.tuseichholzremmighausen.de\/wordpress\/wp-json\/wp\/v2\/types\/post"}],"author":[{"embeddable":true,"href":"https:\/\/www.tuseichholzremmighausen.de\/wordpress\/wp-json\/wp\/v2\/users\/16"}],"replies":[{"embeddable":true,"href":"https:\/\/www.tuseichholzremmighausen.de\/wordpress\/wp-json\/wp\/v2\/comments?post=18439"}],"version-history":[{"count":0,"href":"https:\/\/www.tuseichholzremmighausen.de\/wordpress\/wp-json\/wp\/v2\/posts\/18439\/revisions"}],"wp:featuredmedia":[{"embeddable":true,"href":"https:\/\/www.tuseichholzremmighausen.de\/wordpress\/wp-json\/wp\/v2\/media\/18440"}],"wp:attachment":[{"href":"https:\/\/www.tuseichholzremmighausen.de\/wordpress\/wp-json\/wp\/v2\/media?parent=18439"}],"wp:term":[{"taxonomy":"category","embeddable":true,"href":"https:\/\/www.tuseichholzremmighausen.de\/wordpress\/wp-json\/wp\/v2\/categories?post=18439"},{"taxonomy":"post_tag","embeddable":true,"href":"https:\/\/www.tuseichholzremmighausen.de\/wordpress\/wp-json\/wp\/v2\/tags?post=18439"}],"curies":[{"name":"wp","href":"https:\/\/api.w.org\/{rel}","templated":true}]}}