{"id":18443,"date":"2023-01-07T09:26:19","date_gmt":"2023-01-07T08:26:19","guid":{"rendered":"https:\/\/www.tuseichholzremmighausen.de\/wordpress\/?p=18443"},"modified":"2023-01-07T09:26:19","modified_gmt":"2023-01-07T08:26:19","slug":"frauenteam-kann-2023-platz-2-beim-beyer-girls-cup","status":"publish","type":"post","link":"https:\/\/www.tuseichholzremmighausen.de\/wordpress\/archives\/18443","title":{"rendered":"Frauenteam kann 2023! Platz 2 beim Beyer Girls Cup"},"content":{"rendered":"<p>Endlich wieder Hallenturniere in der Winterpause! Zum Jahresauftakt reiste unser Frauenteam nach Ahlen zum Beyer Girls Cup. Einige im Team erinnerten sich zur\u00fcck: bereits 2020, seinerzeit noch als Juniorinnenteam, ohne Niederlage in der Gruppenphase ausgeschieden. Das sollte in diesem Jahr anders sein. Ausrichter RW Ahlen stellte ein hervorragend besetztes Turnierfeld f\u00fcr Frauen Kreisliga Teams zusammen. F\u00fcr uns aus Ostwestfalen bedeutete es auch einen etwa 110 Kilometer weiten Anfahrtsweg. Daf\u00fcr durfte sich das Suermann Team mit namhaften Mannschaften aus den Regionen Ahlen\/Beckum\/M\u00fcnster\/Warendorf\/Dortmund\/Oberhausen und Umgebung messen. Aus drei 4er Gruppen konnten sich die Gruppensieger direkt f\u00fcrs Halbfinale qualifizieren. Komplettiert wurde das Halbfinale mit dem besten Gruppenzweiten.<img data-recalc-dims=\"1\" loading=\"lazy\" decoding=\"async\" data-attachment-id=\"18449\" data-permalink=\"https:\/\/www.tuseichholzremmighausen.de\/wordpress\/archives\/18443\/p5i1a1375\" data-orig-file=\"https:\/\/i0.wp.com\/www.tuseichholzremmighausen.de\/wordpress\/wp-content\/uploads\/2023\/01\/p5I1A1375.jpg?fit=1200%2C675&amp;ssl=1\" data-orig-size=\"1200,675\" data-comments-opened=\"0\" data-image-meta=\"{&quot;aperture&quot;:&quot;2.8&quot;,&quot;credit&quot;:&quot;Rolf Gehrke&quot;,&quot;camera&quot;:&quot;Canon EOS R6&quot;,&quot;caption&quot;:&quot;&quot;,&quot;created_timestamp&quot;:&quot;1672784148&quot;,&quot;copyright&quot;:&quot;RGehrke&quot;,&quot;focal_length&quot;:&quot;115&quot;,&quot;iso&quot;:&quot;4000&quot;,&quot;shutter_speed&quot;:&quot;0.001&quot;,&quot;title&quot;:&quot;&quot;,&quot;orientation&quot;:&quot;1&quot;}\" data-image-title=\"p5I1A1375\" data-image-description=\"\" data-image-caption=\"\" data-large-file=\"https:\/\/i0.wp.com\/www.tuseichholzremmighausen.de\/wordpress\/wp-content\/uploads\/2023\/01\/p5I1A1375.jpg?fit=800%2C450&amp;ssl=1\" class=\"alignnone size-full wp-image-18449\" src=\"https:\/\/i0.wp.com\/www.tuseichholzremmighausen.de\/wordpress\/wp-content\/uploads\/2023\/01\/p5I1A1375.jpg?resize=800%2C450&#038;ssl=1\" alt=\"\" width=\"800\" height=\"450\" srcset=\"https:\/\/i0.wp.com\/www.tuseichholzremmighausen.de\/wordpress\/wp-content\/uploads\/2023\/01\/p5I1A1375.jpg?w=1200&amp;ssl=1 1200w, https:\/\/i0.wp.com\/www.tuseichholzremmighausen.de\/wordpress\/wp-content\/uploads\/2023\/01\/p5I1A1375.jpg?resize=300%2C169&amp;ssl=1 300w, https:\/\/i0.wp.com\/www.tuseichholzremmighausen.de\/wordpress\/wp-content\/uploads\/2023\/01\/p5I1A1375.jpg?resize=1024%2C576&amp;ssl=1 1024w, https:\/\/i0.wp.com\/www.tuseichholzremmighausen.de\/wordpress\/wp-content\/uploads\/2023\/01\/p5I1A1375.jpg?resize=768%2C432&amp;ssl=1 768w\" sizes=\"auto, (max-width: 800px) 100vw, 800px\" \/><img data-recalc-dims=\"1\" loading=\"lazy\" decoding=\"async\" data-attachment-id=\"18448\" data-permalink=\"https:\/\/www.tuseichholzremmighausen.de\/wordpress\/archives\/18443\/p5i1a0880\" data-orig-file=\"https:\/\/i0.wp.com\/www.tuseichholzremmighausen.de\/wordpress\/wp-content\/uploads\/2023\/01\/p5I1A0880.jpg?fit=1200%2C675&amp;ssl=1\" data-orig-size=\"1200,675\" data-comments-opened=\"0\" data-image-meta=\"{&quot;aperture&quot;:&quot;2.8&quot;,&quot;credit&quot;:&quot;Rolf Gehrke&quot;,&quot;camera&quot;:&quot;Canon EOS R6&quot;,&quot;caption&quot;:&quot;&quot;,&quot;created_timestamp&quot;:&quot;1672773348&quot;,&quot;copyright&quot;:&quot;RGehrke&quot;,&quot;focal_length&quot;:&quot;168&quot;,&quot;iso&quot;:&quot;3200&quot;,&quot;shutter_speed&quot;:&quot;0.0015625&quot;,&quot;title&quot;:&quot;&quot;,&quot;orientation&quot;:&quot;1&quot;}\" data-image-title=\"p5I1A0880\" data-image-description=\"\" data-image-caption=\"\" data-large-file=\"https:\/\/i0.wp.com\/www.tuseichholzremmighausen.de\/wordpress\/wp-content\/uploads\/2023\/01\/p5I1A0880.jpg?fit=800%2C450&amp;ssl=1\" class=\"alignnone size-full wp-image-18448\" src=\"https:\/\/i0.wp.com\/www.tuseichholzremmighausen.de\/wordpress\/wp-content\/uploads\/2023\/01\/p5I1A0880.jpg?resize=800%2C450&#038;ssl=1\" alt=\"\" width=\"800\" height=\"450\" srcset=\"https:\/\/i0.wp.com\/www.tuseichholzremmighausen.de\/wordpress\/wp-content\/uploads\/2023\/01\/p5I1A0880.jpg?w=1200&amp;ssl=1 1200w, https:\/\/i0.wp.com\/www.tuseichholzremmighausen.de\/wordpress\/wp-content\/uploads\/2023\/01\/p5I1A0880.jpg?resize=300%2C169&amp;ssl=1 300w, https:\/\/i0.wp.com\/www.tuseichholzremmighausen.de\/wordpress\/wp-content\/uploads\/2023\/01\/p5I1A0880.jpg?resize=1024%2C576&amp;ssl=1 1024w, https:\/\/i0.wp.com\/www.tuseichholzremmighausen.de\/wordpress\/wp-content\/uploads\/2023\/01\/p5I1A0880.jpg?resize=768%2C432&amp;ssl=1 768w\" sizes=\"auto, (max-width: 800px) 100vw, 800px\" \/> Nach einem \u00fcberragenden 7:0 im Auftaktspiel gegen SV Urania L\u00fctgendortmund ging es in der zweiten Partie mit einem kleinen D\u00e4mpfer los. DJK Gr\u00fcn-Wei\u00df Amelsb\u00fcren ging in der Anfangsphase mit 1:0 in F\u00fchrung. Eichholz stellte sich der Herausforderung und drehte die Partie, siegte am Ende mit 3:1 und \u00fcbernahm die Favoritenrolle in der Gruppe.<img data-recalc-dims=\"1\" loading=\"lazy\" decoding=\"async\" data-attachment-id=\"18450\" data-permalink=\"https:\/\/www.tuseichholzremmighausen.de\/wordpress\/archives\/18443\/p5i1a0970\" data-orig-file=\"https:\/\/i0.wp.com\/www.tuseichholzremmighausen.de\/wordpress\/wp-content\/uploads\/2023\/01\/p5I1A0970.jpg?fit=1200%2C675&amp;ssl=1\" data-orig-size=\"1200,675\" data-comments-opened=\"0\" data-image-meta=\"{&quot;aperture&quot;:&quot;2.8&quot;,&quot;credit&quot;:&quot;Rolf Gehrke&quot;,&quot;camera&quot;:&quot;Canon EOS R6&quot;,&quot;caption&quot;:&quot;&quot;,&quot;created_timestamp&quot;:&quot;1672775305&quot;,&quot;copyright&quot;:&quot;RGehrke&quot;,&quot;focal_length&quot;:&quot;90&quot;,&quot;iso&quot;:&quot;2000&quot;,&quot;shutter_speed&quot;:&quot;0.0015625&quot;,&quot;title&quot;:&quot;&quot;,&quot;orientation&quot;:&quot;1&quot;}\" data-image-title=\"p5I1A0970\" data-image-description=\"\" data-image-caption=\"\" data-large-file=\"https:\/\/i0.wp.com\/www.tuseichholzremmighausen.de\/wordpress\/wp-content\/uploads\/2023\/01\/p5I1A0970.jpg?fit=800%2C450&amp;ssl=1\" class=\"alignnone size-full wp-image-18450\" src=\"https:\/\/i0.wp.com\/www.tuseichholzremmighausen.de\/wordpress\/wp-content\/uploads\/2023\/01\/p5I1A0970.jpg?resize=800%2C450&#038;ssl=1\" alt=\"\" width=\"800\" height=\"450\" srcset=\"https:\/\/i0.wp.com\/www.tuseichholzremmighausen.de\/wordpress\/wp-content\/uploads\/2023\/01\/p5I1A0970.jpg?w=1200&amp;ssl=1 1200w, https:\/\/i0.wp.com\/www.tuseichholzremmighausen.de\/wordpress\/wp-content\/uploads\/2023\/01\/p5I1A0970.jpg?resize=300%2C169&amp;ssl=1 300w, https:\/\/i0.wp.com\/www.tuseichholzremmighausen.de\/wordpress\/wp-content\/uploads\/2023\/01\/p5I1A0970.jpg?resize=1024%2C576&amp;ssl=1 1024w, https:\/\/i0.wp.com\/www.tuseichholzremmighausen.de\/wordpress\/wp-content\/uploads\/2023\/01\/p5I1A0970.jpg?resize=768%2C432&amp;ssl=1 768w\" sizes=\"auto, (max-width: 800px) 100vw, 800px\" \/> Die ohnehin spielplanbedingte lange Pause bis zum letzten Gruppenspiel musste noch einmal um weitere 30 Minuten aufgrund einer Verletzung im vorangegangenen Spiel verl\u00e4ngert werden. Der TuS Belecke kam mit dieser langen Spielpause sichtlich besser zurecht und Gleich in den ersten 30 Sekunden netzten die Gegnerinnen 2 Mal ein. Nach der kalten Dusche konnte sich Eichholz zwar noch etwas stabilisieren, kam in der Phase auch zum Anschlusstreffer. Mit einem weiteren Doppelschlag zum 1:3 und 1:4 gelang den Gegnerinnen allerdings eine schier 100%ige Chancenauswertung. Gef\u00fchlt jeder Schuss ein Treffer bescherte dem TuS Belecke am Ende der Spielzeit ein viel umjubeltes 1:5. Eichholz rutschte auf Platz zwei zur\u00fcck, musste dem TuS Belecke den direkten Halbfinaleinzug \u00fcberlassen. Eichholz qualifizierte sich aber als bester Gruppenzweiter f\u00fcrs Semifinale, in dem es zum erneuten Duell mit dem TuS Belecke kam. An dieser Stelle zeigte sich die Qualit\u00e4t des Teams TuS Eichholz-Remmighausen\u2026 Andreas und seine turniererfahrenen M\u00e4dels verarbeiteten die derbe Klatsche aus dem Gruppenspiel recht schnell. Mit gro\u00dfartiger Moral, Konzentration und Disziplin startete Gr\u00fcn\/Wei\u00df \u00a0in das Semifinale ann\u00e4hrend wieder auf bekanntem Spielniveau.<img data-recalc-dims=\"1\" loading=\"lazy\" decoding=\"async\" data-attachment-id=\"18451\" data-permalink=\"https:\/\/www.tuseichholzremmighausen.de\/wordpress\/archives\/18443\/p5i1a1490\" data-orig-file=\"https:\/\/i0.wp.com\/www.tuseichholzremmighausen.de\/wordpress\/wp-content\/uploads\/2023\/01\/p5I1A1490.jpg?fit=1200%2C675&amp;ssl=1\" data-orig-size=\"1200,675\" data-comments-opened=\"0\" data-image-meta=\"{&quot;aperture&quot;:&quot;2.8&quot;,&quot;credit&quot;:&quot;Rolf Gehrke&quot;,&quot;camera&quot;:&quot;Canon EOS R6&quot;,&quot;caption&quot;:&quot;&quot;,&quot;created_timestamp&quot;:&quot;1672787417&quot;,&quot;copyright&quot;:&quot;RGehrke&quot;,&quot;focal_length&quot;:&quot;135&quot;,&quot;iso&quot;:&quot;5000&quot;,&quot;shutter_speed&quot;:&quot;0.001&quot;,&quot;title&quot;:&quot;&quot;,&quot;orientation&quot;:&quot;1&quot;}\" data-image-title=\"p5I1A1490\" data-image-description=\"\" data-image-caption=\"\" data-large-file=\"https:\/\/i0.wp.com\/www.tuseichholzremmighausen.de\/wordpress\/wp-content\/uploads\/2023\/01\/p5I1A1490.jpg?fit=800%2C450&amp;ssl=1\" class=\"alignnone size-full wp-image-18451\" src=\"https:\/\/i0.wp.com\/www.tuseichholzremmighausen.de\/wordpress\/wp-content\/uploads\/2023\/01\/p5I1A1490.jpg?resize=800%2C450&#038;ssl=1\" alt=\"\" width=\"800\" height=\"450\" srcset=\"https:\/\/i0.wp.com\/www.tuseichholzremmighausen.de\/wordpress\/wp-content\/uploads\/2023\/01\/p5I1A1490.jpg?w=1200&amp;ssl=1 1200w, https:\/\/i0.wp.com\/www.tuseichholzremmighausen.de\/wordpress\/wp-content\/uploads\/2023\/01\/p5I1A1490.jpg?resize=300%2C169&amp;ssl=1 300w, https:\/\/i0.wp.com\/www.tuseichholzremmighausen.de\/wordpress\/wp-content\/uploads\/2023\/01\/p5I1A1490.jpg?resize=1024%2C576&amp;ssl=1 1024w, https:\/\/i0.wp.com\/www.tuseichholzremmighausen.de\/wordpress\/wp-content\/uploads\/2023\/01\/p5I1A1490.jpg?resize=768%2C432&amp;ssl=1 768w\" sizes=\"auto, (max-width: 800px) 100vw, 800px\" \/> Von Beginn an diktierte Eichholz die Begegnung, belohnte sich auch sehr zur Freude der vielen mitgereisten Fans mit der fr\u00fchzeitigen F\u00fchrung. Belecke konnte an die Ausnahmeleistung des Gruppenspiels nicht ankn\u00fcpfen. Sicher h\u00e4tten sie sich an dieser Stelle wohl gerne einige Treffer der ersten Begegnung herbeigew\u00fcnscht. Eichholz hingegen schaffte es allerdings auch nicht, die knappe F\u00fchrung auszubauen. Es blieb schlie\u00dflich beim verdienten 1:0 Erfolg, womit die Suermanntruppe die Schlappe aus dem Gruppenspiel erfolgreich korrigieren konnte und ins Finale einzog.<img data-recalc-dims=\"1\" loading=\"lazy\" decoding=\"async\" data-attachment-id=\"18452\" data-permalink=\"https:\/\/www.tuseichholzremmighausen.de\/wordpress\/archives\/18443\/p5i1a1504\" data-orig-file=\"https:\/\/i0.wp.com\/www.tuseichholzremmighausen.de\/wordpress\/wp-content\/uploads\/2023\/01\/p5I1A1504.jpg?fit=1200%2C675&amp;ssl=1\" data-orig-size=\"1200,675\" data-comments-opened=\"0\" data-image-meta=\"{&quot;aperture&quot;:&quot;2.8&quot;,&quot;credit&quot;:&quot;Rolf Gehrke&quot;,&quot;camera&quot;:&quot;Canon EOS R6&quot;,&quot;caption&quot;:&quot;&quot;,&quot;created_timestamp&quot;:&quot;1672787440&quot;,&quot;copyright&quot;:&quot;RGehrke&quot;,&quot;focal_length&quot;:&quot;170&quot;,&quot;iso&quot;:&quot;5000&quot;,&quot;shutter_speed&quot;:&quot;0.001&quot;,&quot;title&quot;:&quot;&quot;,&quot;orientation&quot;:&quot;1&quot;}\" data-image-title=\"p5I1A1504\" data-image-description=\"\" data-image-caption=\"\" data-large-file=\"https:\/\/i0.wp.com\/www.tuseichholzremmighausen.de\/wordpress\/wp-content\/uploads\/2023\/01\/p5I1A1504.jpg?fit=800%2C450&amp;ssl=1\" class=\"alignnone size-full wp-image-18452\" src=\"https:\/\/i0.wp.com\/www.tuseichholzremmighausen.de\/wordpress\/wp-content\/uploads\/2023\/01\/p5I1A1504.jpg?resize=800%2C450&#038;ssl=1\" alt=\"\" width=\"800\" height=\"450\" srcset=\"https:\/\/i0.wp.com\/www.tuseichholzremmighausen.de\/wordpress\/wp-content\/uploads\/2023\/01\/p5I1A1504.jpg?w=1200&amp;ssl=1 1200w, https:\/\/i0.wp.com\/www.tuseichholzremmighausen.de\/wordpress\/wp-content\/uploads\/2023\/01\/p5I1A1504.jpg?resize=300%2C169&amp;ssl=1 300w, https:\/\/i0.wp.com\/www.tuseichholzremmighausen.de\/wordpress\/wp-content\/uploads\/2023\/01\/p5I1A1504.jpg?resize=1024%2C576&amp;ssl=1 1024w, https:\/\/i0.wp.com\/www.tuseichholzremmighausen.de\/wordpress\/wp-content\/uploads\/2023\/01\/p5I1A1504.jpg?resize=768%2C432&amp;ssl=1 768w\" sizes=\"auto, (max-width: 800px) 100vw, 800px\" \/> <img data-recalc-dims=\"1\" loading=\"lazy\" decoding=\"async\" data-attachment-id=\"18453\" data-permalink=\"https:\/\/www.tuseichholzremmighausen.de\/wordpress\/archives\/18443\/p5i1a1512\" data-orig-file=\"https:\/\/i0.wp.com\/www.tuseichholzremmighausen.de\/wordpress\/wp-content\/uploads\/2023\/01\/p5I1A1512.jpg?fit=1200%2C675&amp;ssl=1\" data-orig-size=\"1200,675\" data-comments-opened=\"0\" data-image-meta=\"{&quot;aperture&quot;:&quot;2.8&quot;,&quot;credit&quot;:&quot;Rolf Gehrke&quot;,&quot;camera&quot;:&quot;Canon EOS R6&quot;,&quot;caption&quot;:&quot;&quot;,&quot;created_timestamp&quot;:&quot;1672787468&quot;,&quot;copyright&quot;:&quot;RGehrke&quot;,&quot;focal_length&quot;:&quot;175&quot;,&quot;iso&quot;:&quot;5000&quot;,&quot;shutter_speed&quot;:&quot;0.001&quot;,&quot;title&quot;:&quot;&quot;,&quot;orientation&quot;:&quot;1&quot;}\" data-image-title=\"p5I1A1512\" data-image-description=\"\" data-image-caption=\"\" data-large-file=\"https:\/\/i0.wp.com\/www.tuseichholzremmighausen.de\/wordpress\/wp-content\/uploads\/2023\/01\/p5I1A1512.jpg?fit=800%2C450&amp;ssl=1\" class=\"alignnone size-full wp-image-18453\" src=\"https:\/\/i0.wp.com\/www.tuseichholzremmighausen.de\/wordpress\/wp-content\/uploads\/2023\/01\/p5I1A1512.jpg?resize=800%2C450&#038;ssl=1\" alt=\"\" width=\"800\" height=\"450\" srcset=\"https:\/\/i0.wp.com\/www.tuseichholzremmighausen.de\/wordpress\/wp-content\/uploads\/2023\/01\/p5I1A1512.jpg?w=1200&amp;ssl=1 1200w, https:\/\/i0.wp.com\/www.tuseichholzremmighausen.de\/wordpress\/wp-content\/uploads\/2023\/01\/p5I1A1512.jpg?resize=300%2C169&amp;ssl=1 300w, https:\/\/i0.wp.com\/www.tuseichholzremmighausen.de\/wordpress\/wp-content\/uploads\/2023\/01\/p5I1A1512.jpg?resize=1024%2C576&amp;ssl=1 1024w, https:\/\/i0.wp.com\/www.tuseichholzremmighausen.de\/wordpress\/wp-content\/uploads\/2023\/01\/p5I1A1512.jpg?resize=768%2C432&amp;ssl=1 768w\" sizes=\"auto, (max-width: 800px) 100vw, 800px\" \/> Turnierfavorit SC M\u00fcnster 08 gab sich an diesem Tage keine Bl\u00f6\u00dfe und dominierte das zweite Halbfinale klar. Mit einem deutlichen 5:0 verwies der SC den Heimverein RW Ahlen trotz \u00fcberragender Unterst\u00fctzung der einheimischen Fans ins Spiel um Platz 3. Im kleinen Finale setzte sich der TuS Belecke gegen Ausrichter RW Ahlen durch und belegte am Ende Rang 3. Im hochklassigen Finale begegneten sich M\u00fcnster und Eichholz auf Augenh\u00f6he. Beide Teams agierten diszipliniert und konzentriert in der Spielanlage. Mit hohem Tempo und packenden Szenen vor den Toren wussten die beiden besten Mannschaften des Turniertages die Zuschauer in der Halle zu begeistern. Ein Treffer f\u00fcr den SC M\u00fcnster 08 entschied die Partie. Turnierfavorit M\u00fcnster holt sich am Ende den Turniersieg, der TuS Eichholz verdient sich Platz 2 im Klassement.<img data-recalc-dims=\"1\" loading=\"lazy\" decoding=\"async\" data-attachment-id=\"18444\" data-permalink=\"https:\/\/www.tuseichholzremmighausen.de\/wordpress\/archives\/18443\/p5i1a1607\" data-orig-file=\"https:\/\/i0.wp.com\/www.tuseichholzremmighausen.de\/wordpress\/wp-content\/uploads\/2023\/01\/p5I1A1607.jpg?fit=1200%2C675&amp;ssl=1\" data-orig-size=\"1200,675\" data-comments-opened=\"0\" data-image-meta=\"{&quot;aperture&quot;:&quot;5.6&quot;,&quot;credit&quot;:&quot;Rolf Gehrke&quot;,&quot;camera&quot;:&quot;Canon EOS R6&quot;,&quot;caption&quot;:&quot;&quot;,&quot;created_timestamp&quot;:&quot;1672788237&quot;,&quot;copyright&quot;:&quot;RGehrke&quot;,&quot;focal_length&quot;:&quot;24&quot;,&quot;iso&quot;:&quot;1000&quot;,&quot;shutter_speed&quot;:&quot;0.016666666666667&quot;,&quot;title&quot;:&quot;&quot;,&quot;orientation&quot;:&quot;1&quot;}\" data-image-title=\"p5I1A1607\" data-image-description=\"\" data-image-caption=\"\" data-large-file=\"https:\/\/i0.wp.com\/www.tuseichholzremmighausen.de\/wordpress\/wp-content\/uploads\/2023\/01\/p5I1A1607.jpg?fit=800%2C450&amp;ssl=1\" class=\"alignnone size-full wp-image-18444\" src=\"https:\/\/i0.wp.com\/www.tuseichholzremmighausen.de\/wordpress\/wp-content\/uploads\/2023\/01\/p5I1A1607.jpg?resize=800%2C450&#038;ssl=1\" alt=\"\" width=\"800\" height=\"450\" srcset=\"https:\/\/i0.wp.com\/www.tuseichholzremmighausen.de\/wordpress\/wp-content\/uploads\/2023\/01\/p5I1A1607.jpg?w=1200&amp;ssl=1 1200w, https:\/\/i0.wp.com\/www.tuseichholzremmighausen.de\/wordpress\/wp-content\/uploads\/2023\/01\/p5I1A1607.jpg?resize=300%2C169&amp;ssl=1 300w, https:\/\/i0.wp.com\/www.tuseichholzremmighausen.de\/wordpress\/wp-content\/uploads\/2023\/01\/p5I1A1607.jpg?resize=1024%2C576&amp;ssl=1 1024w, https:\/\/i0.wp.com\/www.tuseichholzremmighausen.de\/wordpress\/wp-content\/uploads\/2023\/01\/p5I1A1607.jpg?resize=768%2C432&amp;ssl=1 768w\" sizes=\"auto, (max-width: 800px) 100vw, 800px\" \/> <img data-recalc-dims=\"1\" loading=\"lazy\" decoding=\"async\" data-attachment-id=\"18445\" data-permalink=\"https:\/\/www.tuseichholzremmighausen.de\/wordpress\/archives\/18443\/p5i1a1642\" data-orig-file=\"https:\/\/i0.wp.com\/www.tuseichholzremmighausen.de\/wordpress\/wp-content\/uploads\/2023\/01\/p5I1A1642.jpg?fit=1200%2C675&amp;ssl=1\" data-orig-size=\"1200,675\" data-comments-opened=\"0\" data-image-meta=\"{&quot;aperture&quot;:&quot;5.6&quot;,&quot;credit&quot;:&quot;Rolf Gehrke&quot;,&quot;camera&quot;:&quot;Canon EOS R6&quot;,&quot;caption&quot;:&quot;&quot;,&quot;created_timestamp&quot;:&quot;1672788426&quot;,&quot;copyright&quot;:&quot;RGehrke&quot;,&quot;focal_length&quot;:&quot;24&quot;,&quot;iso&quot;:&quot;1250&quot;,&quot;shutter_speed&quot;:&quot;0.016666666666667&quot;,&quot;title&quot;:&quot;&quot;,&quot;orientation&quot;:&quot;1&quot;}\" data-image-title=\"p5I1A1642\" data-image-description=\"\" data-image-caption=\"\" data-large-file=\"https:\/\/i0.wp.com\/www.tuseichholzremmighausen.de\/wordpress\/wp-content\/uploads\/2023\/01\/p5I1A1642.jpg?fit=800%2C450&amp;ssl=1\" class=\"alignnone size-full wp-image-18445\" src=\"https:\/\/i0.wp.com\/www.tuseichholzremmighausen.de\/wordpress\/wp-content\/uploads\/2023\/01\/p5I1A1642.jpg?resize=800%2C450&#038;ssl=1\" alt=\"\" width=\"800\" height=\"450\" srcset=\"https:\/\/i0.wp.com\/www.tuseichholzremmighausen.de\/wordpress\/wp-content\/uploads\/2023\/01\/p5I1A1642.jpg?w=1200&amp;ssl=1 1200w, https:\/\/i0.wp.com\/www.tuseichholzremmighausen.de\/wordpress\/wp-content\/uploads\/2023\/01\/p5I1A1642.jpg?resize=300%2C169&amp;ssl=1 300w, https:\/\/i0.wp.com\/www.tuseichholzremmighausen.de\/wordpress\/wp-content\/uploads\/2023\/01\/p5I1A1642.jpg?resize=1024%2C576&amp;ssl=1 1024w, https:\/\/i0.wp.com\/www.tuseichholzremmighausen.de\/wordpress\/wp-content\/uploads\/2023\/01\/p5I1A1642.jpg?resize=768%2C432&amp;ssl=1 768w\" sizes=\"auto, (max-width: 800px) 100vw, 800px\" \/>Gratulation an die Sieger und Platzierten. Ein verdienter Erfolg zum Jahresauftakt f\u00fcr unsere Frauen, bravo!<img data-recalc-dims=\"1\" loading=\"lazy\" decoding=\"async\" data-attachment-id=\"18447\" data-permalink=\"https:\/\/www.tuseichholzremmighausen.de\/wordpress\/archives\/18443\/p5i1a1209\" data-orig-file=\"https:\/\/i0.wp.com\/www.tuseichholzremmighausen.de\/wordpress\/wp-content\/uploads\/2023\/01\/p5I1A1209.jpg?fit=1200%2C675&amp;ssl=1\" data-orig-size=\"1200,675\" data-comments-opened=\"0\" data-image-meta=\"{&quot;aperture&quot;:&quot;4&quot;,&quot;credit&quot;:&quot;Rolf Gehrke&quot;,&quot;camera&quot;:&quot;Canon EOS R6&quot;,&quot;caption&quot;:&quot;&quot;,&quot;created_timestamp&quot;:&quot;1672782192&quot;,&quot;copyright&quot;:&quot;RGehrke&quot;,&quot;focal_length&quot;:&quot;24&quot;,&quot;iso&quot;:&quot;2000&quot;,&quot;shutter_speed&quot;:&quot;0.008&quot;,&quot;title&quot;:&quot;&quot;,&quot;orientation&quot;:&quot;1&quot;}\" data-image-title=\"p5I1A1209\" data-image-description=\"\" data-image-caption=\"\" data-large-file=\"https:\/\/i0.wp.com\/www.tuseichholzremmighausen.de\/wordpress\/wp-content\/uploads\/2023\/01\/p5I1A1209.jpg?fit=800%2C450&amp;ssl=1\" class=\"alignnone size-full wp-image-18447\" src=\"https:\/\/i0.wp.com\/www.tuseichholzremmighausen.de\/wordpress\/wp-content\/uploads\/2023\/01\/p5I1A1209.jpg?resize=800%2C450&#038;ssl=1\" alt=\"\" width=\"800\" height=\"450\" srcset=\"https:\/\/i0.wp.com\/www.tuseichholzremmighausen.de\/wordpress\/wp-content\/uploads\/2023\/01\/p5I1A1209.jpg?w=1200&amp;ssl=1 1200w, https:\/\/i0.wp.com\/www.tuseichholzremmighausen.de\/wordpress\/wp-content\/uploads\/2023\/01\/p5I1A1209.jpg?resize=300%2C169&amp;ssl=1 300w, https:\/\/i0.wp.com\/www.tuseichholzremmighausen.de\/wordpress\/wp-content\/uploads\/2023\/01\/p5I1A1209.jpg?resize=1024%2C576&amp;ssl=1 1024w, https:\/\/i0.wp.com\/www.tuseichholzremmighausen.de\/wordpress\/wp-content\/uploads\/2023\/01\/p5I1A1209.jpg?resize=768%2C432&amp;ssl=1 768w\" sizes=\"auto, (max-width: 800px) 100vw, 800px\" \/><\/p>\n","protected":false},"excerpt":{"rendered":"<p>Frauenteam kann 2023! Platz 2 beim Beyer Girls Cup<\/p>\n","protected":false},"author":16,"featured_media":18446,"comment_status":"closed","ping_status":"open","sticky":false,"template":"","format":"standard","meta":{"colormag_page_container_layout":"default_layout","colormag_page_sidebar_layout":"default_layout","_jetpack_memberships_contains_paid_content":false,"footnotes":"","jetpack_publicize_message":"","jetpack_publicize_feature_enabled":true,"jetpack_social_post_already_shared":true,"jetpack_social_options":{"image_generator_settings":{"template":"highway","default_image_id":0,"font":"","enabled":false},"version":2}},"categories":[157,252,254],"tags":[],"class_list":["post-18443","post","type-post","status-publish","format-standard","has-post-thumbnail","hentry","category-archiv","category-damenmannschaft","category-fb-weiblich-aktuell"],"jetpack_publicize_connections":[],"jetpack_featured_media_url":"https:\/\/i0.wp.com\/www.tuseichholzremmighausen.de\/wordpress\/wp-content\/uploads\/2023\/01\/p5I1A0998.jpg?fit=1200%2C675&ssl=1","jetpack_sharing_enabled":true,"_links":{"self":[{"href":"https:\/\/www.tuseichholzremmighausen.de\/wordpress\/wp-json\/wp\/v2\/posts\/18443","targetHints":{"allow":["GET"]}}],"collection":[{"href":"https:\/\/www.tuseichholzremmighausen.de\/wordpress\/wp-json\/wp\/v2\/posts"}],"about":[{"href":"https:\/\/www.tuseichholzremmighausen.de\/wordpress\/wp-json\/wp\/v2\/types\/post"}],"author":[{"embeddable":true,"href":"https:\/\/www.tuseichholzremmighausen.de\/wordpress\/wp-json\/wp\/v2\/users\/16"}],"replies":[{"embeddable":true,"href":"https:\/\/www.tuseichholzremmighausen.de\/wordpress\/wp-json\/wp\/v2\/comments?post=18443"}],"version-history":[{"count":0,"href":"https:\/\/www.tuseichholzremmighausen.de\/wordpress\/wp-json\/wp\/v2\/posts\/18443\/revisions"}],"wp:featuredmedia":[{"embeddable":true,"href":"https:\/\/www.tuseichholzremmighausen.de\/wordpress\/wp-json\/wp\/v2\/media\/18446"}],"wp:attachment":[{"href":"https:\/\/www.tuseichholzremmighausen.de\/wordpress\/wp-json\/wp\/v2\/media?parent=18443"}],"wp:term":[{"taxonomy":"category","embeddable":true,"href":"https:\/\/www.tuseichholzremmighausen.de\/wordpress\/wp-json\/wp\/v2\/categories?post=18443"},{"taxonomy":"post_tag","embeddable":true,"href":"https:\/\/www.tuseichholzremmighausen.de\/wordpress\/wp-json\/wp\/v2\/tags?post=18443"}],"curies":[{"name":"wp","href":"https:\/\/api.w.org\/{rel}","templated":true}]}}