{"id":18669,"date":"2023-02-17T03:17:54","date_gmt":"2023-02-17T02:17:54","guid":{"rendered":"https:\/\/www.tuseichholzremmighausen.de\/wordpress\/?p=18669"},"modified":"2023-02-16T13:18:44","modified_gmt":"2023-02-16T12:18:44","slug":"lg-lippe-sued-weiterhin-eine-macht-in-ostwestfalen","status":"publish","type":"post","link":"https:\/\/www.tuseichholzremmighausen.de\/wordpress\/archives\/18669","title":{"rendered":"LG Lippe-S\u00fcd weiterhin eine Macht in Ostwestfalen"},"content":{"rendered":"<p>Einige bisherige Leistungstr\u00e4ger waren heute nicht zugegen, andere nicht in Bestform, aber trotzdem holte die LG Lippe-S\u00fcd bei den Ostwestfalenmeisterschaften M\u00e4\/Fr\/Jugend- einen Tag nach den Titelk\u00e4mpfen der J\u00fcngeren &#8211; mit Klaus Brand und Tina Rother 8x Platz 1 und je 4x Platz 2 und 3 im Ahorn-Sportpark von Paderborn.<\/p>\n<p>Zweimal gab es sogar einen Doppelmeister: In U20 siegte Till Morawietz nicht nur \u00fcber 60m in 7:26s, sondern au\u00dferdem im Weitsprung mit 6,19m. Und in U18 kam Gerrit Sch\u00e4fers mit 54,93s \u00fcber 400m und im Kugelsto\u00df mit 11,92m ganz oben aufs Siegertreppchen. NRW-Meisterin Marie-Theres Bornemeier siegte (nat\u00fcrlich) im Kugelsto\u00df der Frauen, war aber mit 14,46m nicht zufrieden. Direkt hinter ihr diesmal Sandra Albrecht mit 10,48m. Ganz vorne auch Ole Herlemann \u00fcber 60mH\u00fcrden U18 in der sehr guten Zeit von 8,92s, und ebenso Peer Bornefeld im Stabhochsprung U20, wo er sich mit 3,90m nah an die 4m heran pirscht. In der 4x200m-Staffel der Startgemeinschaft Ubbedissen\/Lippe-S\u00fcd konnte Josefine Harms in 1:54,12min noch Gold erringen, nachdem sie sich \u00fcber 60m eindrucksvoll mit 8,18s und Platz 2 zur\u00fcck gemeldet hatte. Und Moritz Eins zeigte im Stabhochsprung der M\u00e4nner mit 3,60m und Platz 2, dass er es noch nicht verlernt hat.<\/p>\n<p>Magnus David holte in seinem ersten Wettkampf im Hochsprung der M\u00e4nner mit 1,70m Bronze, ebenso wie \u00fcber 6om Michel B\u00f6ger mit 7,44s in U20 und Ole Herlemann mit 7,55s in U18, sowie im Hochsprung Thorsten Schillmann mit 1,71 im Hochsprung U18. Tristan Kolke schrammte mit 2:16,89min \u00fcber 800m U18 knapp am Edelmetall vorbei.<\/p>\n<p>Alle weiteren Ergebnisse \u00fcber <a href=\"http:\/\/www.FLVW.de\/Termindatenbank\">www.FLVW.de\/Termindatenbank<\/a><\/p>\n<p>Bericht und Fotos: Klaus Brand<\/p>\n<p>&nbsp;<\/p>\n<div data-carousel-extra='{&quot;blog_id&quot;:1,&quot;permalink&quot;:&quot;https:\/\/www.tuseichholzremmighausen.de\/wordpress\/archives\/18669&quot;}' id='gallery-1' class='gallery galleryid-18669 gallery-columns-3 gallery-size-colormag-featured-image'><figure class='gallery-item'>\n\t\t\t<div class='gallery-icon landscape'>\n\t\t\t\t<a href='https:\/\/www.tuseichholzremmighausen.de\/wordpress\/archives\/18669\/20230212120941_img_0561'><img loading=\"lazy\" decoding=\"async\" width=\"800\" height=\"445\" src=\"https:\/\/i0.wp.com\/www.tuseichholzremmighausen.de\/wordpress\/wp-content\/uploads\/2023\/02\/20230212120941_IMG_0561.jpeg?resize=800%2C445&amp;ssl=1\" class=\"attachment-colormag-featured-image size-colormag-featured-image\" alt=\"\" data-attachment-id=\"18670\" data-permalink=\"https:\/\/www.tuseichholzremmighausen.de\/wordpress\/archives\/18669\/20230212120941_img_0561\" data-orig-file=\"https:\/\/i0.wp.com\/www.tuseichholzremmighausen.de\/wordpress\/wp-content\/uploads\/2023\/02\/20230212120941_IMG_0561.jpeg?fit=1278%2C961&amp;ssl=1\" data-orig-size=\"1278,961\" data-comments-opened=\"0\" data-image-meta=\"{&quot;aperture&quot;:&quot;5.6&quot;,&quot;credit&quot;:&quot;&quot;,&quot;camera&quot;:&quot;Canon EOS 70D&quot;,&quot;caption&quot;:&quot;&quot;,&quot;created_timestamp&quot;:&quot;1676203781&quot;,&quot;copyright&quot;:&quot;&quot;,&quot;focal_length&quot;:&quot;75&quot;,&quot;iso&quot;:&quot;2500&quot;,&quot;shutter_speed&quot;:&quot;0.008&quot;,&quot;title&quot;:&quot;&quot;,&quot;orientation&quot;:&quot;0&quot;}\" data-image-title=\"20230212120941_IMG_0561\" data-image-description=\"\" data-image-caption=\"\" data-large-file=\"https:\/\/i0.wp.com\/www.tuseichholzremmighausen.de\/wordpress\/wp-content\/uploads\/2023\/02\/20230212120941_IMG_0561.jpeg?fit=800%2C602&amp;ssl=1\" \/><\/a>\n\t\t\t<\/div><\/figure><figure class='gallery-item'>\n\t\t\t<div class='gallery-icon portrait'>\n\t\t\t\t<a href='https:\/\/www.tuseichholzremmighausen.de\/wordpress\/archives\/18669\/20230212131305_img_0809'><img loading=\"lazy\" decoding=\"async\" width=\"800\" height=\"445\" src=\"https:\/\/i0.wp.com\/www.tuseichholzremmighausen.de\/wordpress\/wp-content\/uploads\/2023\/02\/20230212131305_IMG_0809-rotated.jpeg?resize=800%2C445&amp;ssl=1\" class=\"attachment-colormag-featured-image size-colormag-featured-image\" alt=\"\" data-attachment-id=\"18671\" data-permalink=\"https:\/\/www.tuseichholzremmighausen.de\/wordpress\/archives\/18669\/20230212131305_img_0809\" data-orig-file=\"https:\/\/i0.wp.com\/www.tuseichholzremmighausen.de\/wordpress\/wp-content\/uploads\/2023\/02\/20230212131305_IMG_0809-rotated.jpeg?fit=853%2C1280&amp;ssl=1\" data-orig-size=\"853,1280\" data-comments-opened=\"0\" data-image-meta=\"{&quot;aperture&quot;:&quot;5.6&quot;,&quot;credit&quot;:&quot;&quot;,&quot;camera&quot;:&quot;Canon EOS 70D&quot;,&quot;caption&quot;:&quot;&quot;,&quot;created_timestamp&quot;:&quot;1676207585&quot;,&quot;copyright&quot;:&quot;&quot;,&quot;focal_length&quot;:&quot;130&quot;,&quot;iso&quot;:&quot;2000&quot;,&quot;shutter_speed&quot;:&quot;0.008&quot;,&quot;title&quot;:&quot;&quot;,&quot;orientation&quot;:&quot;1&quot;}\" data-image-title=\"20230212131305_IMG_0809\" data-image-description=\"\" data-image-caption=\"\" data-large-file=\"https:\/\/i0.wp.com\/www.tuseichholzremmighausen.de\/wordpress\/wp-content\/uploads\/2023\/02\/20230212131305_IMG_0809-rotated.jpeg?fit=682%2C1024&amp;ssl=1\" \/><\/a>\n\t\t\t<\/div><\/figure><figure class='gallery-item'>\n\t\t\t<div class='gallery-icon landscape'>\n\t\t\t\t<a href='https:\/\/www.tuseichholzremmighausen.de\/wordpress\/archives\/18669\/20230212131430_img_0833_1'><img loading=\"lazy\" decoding=\"async\" width=\"800\" height=\"445\" src=\"https:\/\/i0.wp.com\/www.tuseichholzremmighausen.de\/wordpress\/wp-content\/uploads\/2023\/02\/20230212131430_IMG_0833_1.jpeg?resize=800%2C445&amp;ssl=1\" class=\"attachment-colormag-featured-image size-colormag-featured-image\" alt=\"\" data-attachment-id=\"18672\" data-permalink=\"https:\/\/www.tuseichholzremmighausen.de\/wordpress\/archives\/18669\/20230212131430_img_0833_1\" data-orig-file=\"https:\/\/i0.wp.com\/www.tuseichholzremmighausen.de\/wordpress\/wp-content\/uploads\/2023\/02\/20230212131430_IMG_0833_1.jpeg?fit=1280%2C853&amp;ssl=1\" data-orig-size=\"1280,853\" data-comments-opened=\"0\" data-image-meta=\"{&quot;aperture&quot;:&quot;5.6&quot;,&quot;credit&quot;:&quot;&quot;,&quot;camera&quot;:&quot;Canon EOS 70D&quot;,&quot;caption&quot;:&quot;&quot;,&quot;created_timestamp&quot;:&quot;1676207670&quot;,&quot;copyright&quot;:&quot;&quot;,&quot;focal_length&quot;:&quot;75&quot;,&quot;iso&quot;:&quot;2000&quot;,&quot;shutter_speed&quot;:&quot;0.008&quot;,&quot;title&quot;:&quot;&quot;,&quot;orientation&quot;:&quot;0&quot;}\" data-image-title=\"20230212131430_IMG_0833_1\" data-image-description=\"\" data-image-caption=\"\" data-large-file=\"https:\/\/i0.wp.com\/www.tuseichholzremmighausen.de\/wordpress\/wp-content\/uploads\/2023\/02\/20230212131430_IMG_0833_1.jpeg?fit=800%2C533&amp;ssl=1\" \/><\/a>\n\t\t\t<\/div><\/figure><figure class='gallery-item'>\n\t\t\t<div class='gallery-icon landscape'>\n\t\t\t\t<a href='https:\/\/www.tuseichholzremmighausen.de\/wordpress\/archives\/18669\/img_7839'><img loading=\"lazy\" decoding=\"async\" width=\"800\" height=\"445\" src=\"https:\/\/i0.wp.com\/www.tuseichholzremmighausen.de\/wordpress\/wp-content\/uploads\/2023\/02\/IMG_7839.jpeg?resize=800%2C445&amp;ssl=1\" class=\"attachment-colormag-featured-image size-colormag-featured-image\" alt=\"\" data-attachment-id=\"18673\" data-permalink=\"https:\/\/www.tuseichholzremmighausen.de\/wordpress\/archives\/18669\/img_7839\" data-orig-file=\"https:\/\/i0.wp.com\/www.tuseichholzremmighausen.de\/wordpress\/wp-content\/uploads\/2023\/02\/IMG_7839.jpeg?fit=1280%2C720&amp;ssl=1\" data-orig-size=\"1280,720\" data-comments-opened=\"0\" data-image-meta=\"{&quot;aperture&quot;:&quot;1.8&quot;,&quot;credit&quot;:&quot;&quot;,&quot;camera&quot;:&quot;iPhone 11&quot;,&quot;caption&quot;:&quot;&quot;,&quot;created_timestamp&quot;:&quot;1676215327&quot;,&quot;copyright&quot;:&quot;&quot;,&quot;focal_length&quot;:&quot;4.25&quot;,&quot;iso&quot;:&quot;200&quot;,&quot;shutter_speed&quot;:&quot;0.017241379310345&quot;,&quot;title&quot;:&quot;&quot;,&quot;orientation&quot;:&quot;1&quot;}\" data-image-title=\"IMG_7839\" data-image-description=\"\" data-image-caption=\"\" data-large-file=\"https:\/\/i0.wp.com\/www.tuseichholzremmighausen.de\/wordpress\/wp-content\/uploads\/2023\/02\/IMG_7839.jpeg?fit=800%2C450&amp;ssl=1\" \/><\/a>\n\t\t\t<\/div><\/figure>\n\t\t<\/div>\n\n","protected":false},"excerpt":{"rendered":"<p>Einige bisherige Leistungstr\u00e4ger waren heute nicht zugegen, andere nicht in Bestform, aber trotzdem holte die LG Lippe-S\u00fcd bei den Ostwestfalenmeisterschaften<\/p>\n","protected":false},"author":56,"featured_media":18674,"comment_status":"closed","ping_status":"open","sticky":false,"template":"","format":"standard","meta":{"colormag_page_container_layout":"default_layout","colormag_page_sidebar_layout":"default_layout","_jetpack_memberships_contains_paid_content":false,"footnotes":"","jetpack_publicize_message":"","jetpack_publicize_feature_enabled":true,"jetpack_social_post_already_shared":true,"jetpack_social_options":{"image_generator_settings":{"template":"highway","default_image_id":0,"font":"","enabled":false},"version":2}},"categories":[157,60],"tags":[],"class_list":["post-18669","post","type-post","status-publish","format-standard","has-post-thumbnail","hentry","category-archiv","category-tul-aktuell"],"jetpack_publicize_connections":[],"jetpack_featured_media_url":"https:\/\/i0.wp.com\/www.tuseichholzremmighausen.de\/wordpress\/wp-content\/uploads\/2023\/02\/20230212120941_IMG_0561-1-e1676549861365.jpeg?fit=1278%2C680&ssl=1","jetpack_sharing_enabled":true,"_links":{"self":[{"href":"https:\/\/www.tuseichholzremmighausen.de\/wordpress\/wp-json\/wp\/v2\/posts\/18669","targetHints":{"allow":["GET"]}}],"collection":[{"href":"https:\/\/www.tuseichholzremmighausen.de\/wordpress\/wp-json\/wp\/v2\/posts"}],"about":[{"href":"https:\/\/www.tuseichholzremmighausen.de\/wordpress\/wp-json\/wp\/v2\/types\/post"}],"author":[{"embeddable":true,"href":"https:\/\/www.tuseichholzremmighausen.de\/wordpress\/wp-json\/wp\/v2\/users\/56"}],"replies":[{"embeddable":true,"href":"https:\/\/www.tuseichholzremmighausen.de\/wordpress\/wp-json\/wp\/v2\/comments?post=18669"}],"version-history":[{"count":0,"href":"https:\/\/www.tuseichholzremmighausen.de\/wordpress\/wp-json\/wp\/v2\/posts\/18669\/revisions"}],"wp:featuredmedia":[{"embeddable":true,"href":"https:\/\/www.tuseichholzremmighausen.de\/wordpress\/wp-json\/wp\/v2\/media\/18674"}],"wp:attachment":[{"href":"https:\/\/www.tuseichholzremmighausen.de\/wordpress\/wp-json\/wp\/v2\/media?parent=18669"}],"wp:term":[{"taxonomy":"category","embeddable":true,"href":"https:\/\/www.tuseichholzremmighausen.de\/wordpress\/wp-json\/wp\/v2\/categories?post=18669"},{"taxonomy":"post_tag","embeddable":true,"href":"https:\/\/www.tuseichholzremmighausen.de\/wordpress\/wp-json\/wp\/v2\/tags?post=18669"}],"curies":[{"name":"wp","href":"https:\/\/api.w.org\/{rel}","templated":true}]}}