{"id":18804,"date":"2023-03-04T22:05:11","date_gmt":"2023-03-04T21:05:11","guid":{"rendered":"https:\/\/www.tuseichholzremmighausen.de\/wordpress\/?p=18804"},"modified":"2023-03-04T22:19:58","modified_gmt":"2023-03-04T21:19:58","slug":"im-kollektiv-zum-erfolg","status":"publish","type":"post","link":"https:\/\/www.tuseichholzremmighausen.de\/wordpress\/archives\/18804","title":{"rendered":"Im Kollektiv zum Erfolg"},"content":{"rendered":"<p>Auftakt in die R\u00fcckrunden-Saison \u2013 am Samstag ging es wieder los f\u00fcr unsere E-Jugend, Gastgeber war der BSV M\u00fcssen. Bei nasskalter Witterung zeigte unser Team dabei, dass es gleich von Beginn an \u201eon Fire\u201c war. Die Spielrichtung wurde von unseren Kickern direkt vorgegeben und lie\u00df erkennen, wie die Vorgabe der Trainer gelautet hatte: Vollgas nach vorne! Bereits in der dritten Spielminute wurde dieser Mut belohnt. Nach einer scharf herein getretenen Ecke konnte ein BSV-Spieler den Ball nur noch in die eigenen Maschen verl\u00e4ngern \u2013 Auftakt nach Ma\u00df also f\u00fcr den TuS.<\/p>\n<p><img data-recalc-dims=\"1\" loading=\"lazy\" decoding=\"async\" data-attachment-id=\"18794\" data-permalink=\"https:\/\/www.tuseichholzremmighausen.de\/wordpress\/archives\/18804\/img_4862_1\" data-orig-file=\"https:\/\/i0.wp.com\/www.tuseichholzremmighausen.de\/wordpress\/wp-content\/uploads\/2023\/03\/IMG_4862_1.jpg?fit=1500%2C1000&amp;ssl=1\" data-orig-size=\"1500,1000\" data-comments-opened=\"0\" data-image-meta=\"{&quot;aperture&quot;:&quot;6.3&quot;,&quot;credit&quot;:&quot;&quot;,&quot;camera&quot;:&quot;Canon EOS 77D&quot;,&quot;caption&quot;:&quot;&quot;,&quot;created_timestamp&quot;:&quot;1677935629&quot;,&quot;copyright&quot;:&quot;&quot;,&quot;focal_length&quot;:&quot;163&quot;,&quot;iso&quot;:&quot;1600&quot;,&quot;shutter_speed&quot;:&quot;0.002&quot;,&quot;title&quot;:&quot;&quot;,&quot;orientation&quot;:&quot;1&quot;}\" data-image-title=\"IMG_4862_1\" data-image-description=\"\" data-image-caption=\"\" data-large-file=\"https:\/\/i0.wp.com\/www.tuseichholzremmighausen.de\/wordpress\/wp-content\/uploads\/2023\/03\/IMG_4862_1.jpg?fit=800%2C534&amp;ssl=1\" class=\"alignnone wp-image-18794 size-full\" src=\"https:\/\/i0.wp.com\/www.tuseichholzremmighausen.de\/wordpress\/wp-content\/uploads\/2023\/03\/IMG_4862_1.jpg?resize=800%2C533&#038;ssl=1\" alt=\"\" width=\"800\" height=\"533\" srcset=\"https:\/\/i0.wp.com\/www.tuseichholzremmighausen.de\/wordpress\/wp-content\/uploads\/2023\/03\/IMG_4862_1.jpg?w=1500&amp;ssl=1 1500w, https:\/\/i0.wp.com\/www.tuseichholzremmighausen.de\/wordpress\/wp-content\/uploads\/2023\/03\/IMG_4862_1.jpg?resize=300%2C200&amp;ssl=1 300w, https:\/\/i0.wp.com\/www.tuseichholzremmighausen.de\/wordpress\/wp-content\/uploads\/2023\/03\/IMG_4862_1.jpg?resize=1024%2C683&amp;ssl=1 1024w, https:\/\/i0.wp.com\/www.tuseichholzremmighausen.de\/wordpress\/wp-content\/uploads\/2023\/03\/IMG_4862_1.jpg?resize=768%2C512&amp;ssl=1 768w\" sizes=\"auto, (max-width: 800px) 100vw, 800px\" \/><\/p>\n<p>Es folgten zahlreiche Angriffe unserer Mannschaft, deren Abschl\u00fcsse jedoch noch bis zur 19. Spielminute zu unpr\u00e4zise blieben. Dann aber netzte unser Team nach flacher Hereingabe von au\u00dfen trocken zum 0:2 ein. Nur zwei Minuten sp\u00e4ter erh\u00f6hte der TuS sogar auf 0:3 und das Team konnte zufrieden in die Halbzeitpause gehen.<\/p>\n<p><img data-recalc-dims=\"1\" loading=\"lazy\" decoding=\"async\" data-attachment-id=\"18802\" data-permalink=\"https:\/\/www.tuseichholzremmighausen.de\/wordpress\/archives\/18804\/img_4933_1\" data-orig-file=\"https:\/\/i0.wp.com\/www.tuseichholzremmighausen.de\/wordpress\/wp-content\/uploads\/2023\/03\/IMG_4933_1.jpg?fit=1500%2C1000&amp;ssl=1\" data-orig-size=\"1500,1000\" data-comments-opened=\"0\" data-image-meta=\"{&quot;aperture&quot;:&quot;7.1&quot;,&quot;credit&quot;:&quot;&quot;,&quot;camera&quot;:&quot;Canon EOS 77D&quot;,&quot;caption&quot;:&quot;&quot;,&quot;created_timestamp&quot;:&quot;1677937544&quot;,&quot;copyright&quot;:&quot;&quot;,&quot;focal_length&quot;:&quot;186&quot;,&quot;iso&quot;:&quot;320&quot;,&quot;shutter_speed&quot;:&quot;0.002&quot;,&quot;title&quot;:&quot;&quot;,&quot;orientation&quot;:&quot;1&quot;}\" data-image-title=\"IMG_4933_1\" data-image-description=\"\" data-image-caption=\"\" data-large-file=\"https:\/\/i0.wp.com\/www.tuseichholzremmighausen.de\/wordpress\/wp-content\/uploads\/2023\/03\/IMG_4933_1.jpg?fit=800%2C534&amp;ssl=1\" class=\"alignnone wp-image-18802 size-full\" src=\"https:\/\/i0.wp.com\/www.tuseichholzremmighausen.de\/wordpress\/wp-content\/uploads\/2023\/03\/IMG_4933_1.jpg?resize=800%2C533&#038;ssl=1\" alt=\"\" width=\"800\" height=\"533\" srcset=\"https:\/\/i0.wp.com\/www.tuseichholzremmighausen.de\/wordpress\/wp-content\/uploads\/2023\/03\/IMG_4933_1.jpg?w=1500&amp;ssl=1 1500w, https:\/\/i0.wp.com\/www.tuseichholzremmighausen.de\/wordpress\/wp-content\/uploads\/2023\/03\/IMG_4933_1.jpg?resize=300%2C200&amp;ssl=1 300w, https:\/\/i0.wp.com\/www.tuseichholzremmighausen.de\/wordpress\/wp-content\/uploads\/2023\/03\/IMG_4933_1.jpg?resize=1024%2C683&amp;ssl=1 1024w, https:\/\/i0.wp.com\/www.tuseichholzremmighausen.de\/wordpress\/wp-content\/uploads\/2023\/03\/IMG_4933_1.jpg?resize=768%2C512&amp;ssl=1 768w\" sizes=\"auto, (max-width: 800px) 100vw, 800px\" \/><\/p>\n<p>Nach dem Wechsel sollte es noch besser werden. Alle Mannschaftsteile griffen hervorragend ineinander und so wuchs auch die Sicherheit vor dem gegnerischen Tor immer mehr. Als Folge daraus stand es bereits wenige Minuten nach dem Wiederanpfiff schon 5:0 f\u00fcr die Eichholzer. Ein Doppelpack zur Mitte des zweiten Durchgangs und ein sp\u00e4ter Treffer in der Schlussphase machten den 8:0-Erfolg perfekt.<\/p>\n<p><img data-recalc-dims=\"1\" loading=\"lazy\" decoding=\"async\" data-attachment-id=\"18797\" data-permalink=\"https:\/\/www.tuseichholzremmighausen.de\/wordpress\/archives\/18804\/img_4875_1\" data-orig-file=\"https:\/\/i0.wp.com\/www.tuseichholzremmighausen.de\/wordpress\/wp-content\/uploads\/2023\/03\/IMG_4875_1.jpg?fit=1500%2C1000&amp;ssl=1\" data-orig-size=\"1500,1000\" data-comments-opened=\"0\" data-image-meta=\"{&quot;aperture&quot;:&quot;5&quot;,&quot;credit&quot;:&quot;&quot;,&quot;camera&quot;:&quot;Canon EOS 77D&quot;,&quot;caption&quot;:&quot;&quot;,&quot;created_timestamp&quot;:&quot;1677936006&quot;,&quot;copyright&quot;:&quot;&quot;,&quot;focal_length&quot;:&quot;54&quot;,&quot;iso&quot;:&quot;1250&quot;,&quot;shutter_speed&quot;:&quot;0.002&quot;,&quot;title&quot;:&quot;&quot;,&quot;orientation&quot;:&quot;1&quot;}\" data-image-title=\"IMG_4875_1\" data-image-description=\"\" data-image-caption=\"\" data-large-file=\"https:\/\/i0.wp.com\/www.tuseichholzremmighausen.de\/wordpress\/wp-content\/uploads\/2023\/03\/IMG_4875_1.jpg?fit=800%2C534&amp;ssl=1\" class=\"alignnone wp-image-18797 size-full\" src=\"https:\/\/i0.wp.com\/www.tuseichholzremmighausen.de\/wordpress\/wp-content\/uploads\/2023\/03\/IMG_4875_1.jpg?resize=800%2C533&#038;ssl=1\" alt=\"\" width=\"800\" height=\"533\" srcset=\"https:\/\/i0.wp.com\/www.tuseichholzremmighausen.de\/wordpress\/wp-content\/uploads\/2023\/03\/IMG_4875_1.jpg?w=1500&amp;ssl=1 1500w, https:\/\/i0.wp.com\/www.tuseichholzremmighausen.de\/wordpress\/wp-content\/uploads\/2023\/03\/IMG_4875_1.jpg?resize=300%2C200&amp;ssl=1 300w, https:\/\/i0.wp.com\/www.tuseichholzremmighausen.de\/wordpress\/wp-content\/uploads\/2023\/03\/IMG_4875_1.jpg?resize=1024%2C683&amp;ssl=1 1024w, https:\/\/i0.wp.com\/www.tuseichholzremmighausen.de\/wordpress\/wp-content\/uploads\/2023\/03\/IMG_4875_1.jpg?resize=768%2C512&amp;ssl=1 768w\" sizes=\"auto, (max-width: 800px) 100vw, 800px\" \/><\/p>\n<p>Besonders zufrieden d\u00fcrften unsere Trainer heute mit der tollen Kollektivleistung gewesen sein, nicht zuletzt unterstrichen durch die Tatsache, dass sich sechs verschiedene Spieler in die Torsch\u00fctzenliste eintragen konnten. Diese Leistung macht Lust auf mehr und l\u00e4sst den TuS vorerst von der <a href=\"https:\/\/www.fussball.de\/spieltag\/e1-junioren-rueckrunde-gruppe-c-kreis-detmold-e-junioren-kreisliga-a-e-junioren-saison2223-westfalen\/-\/spieltag\/1\/staffel\/02KM23IP90000003VS5489B4VUF98D60-G#!\/\" target=\"_blank\" rel=\"noopener\">Tabellenspitze<\/a> gr\u00fc\u00dfen. In der n\u00e4chsten Woche geht es weiter gegen die Sportfreunde aus Oesterholz-Kohlst\u00e4dt.<\/p>\n<p class=\"jetpack-slideshow-noscript robots-nocontent\">Diese Diashow ben\u00f6tigt JavaScript.<\/p><div id=\"gallery-18804-1-slideshow\" class=\"jetpack-slideshow-window jetpack-slideshow jetpack-slideshow-black\" data-trans=\"fade\" data-autostart=\"1\" data-gallery=\"[{&quot;src&quot;:&quot;https:\\\/\\\/i0.wp.com\\\/www.tuseichholzremmighausen.de\\\/wordpress\\\/wp-content\\\/uploads\\\/2023\\\/03\\\/IMG_4866_1.jpg?fit=1500%2C1000\\u0026ssl=1&quot;,&quot;id&quot;:&quot;18795&quot;,&quot;title&quot;:&quot;IMG_4866_1&quot;,&quot;alt&quot;:&quot;&quot;,&quot;caption&quot;:&quot;&quot;,&quot;itemprop&quot;:&quot;image&quot;},{&quot;src&quot;:&quot;https:\\\/\\\/i0.wp.com\\\/www.tuseichholzremmighausen.de\\\/wordpress\\\/wp-content\\\/uploads\\\/2023\\\/03\\\/IMG_4871_1.jpg?fit=1000%2C1500\\u0026ssl=1&quot;,&quot;id&quot;:&quot;18796&quot;,&quot;title&quot;:&quot;IMG_4871_1&quot;,&quot;alt&quot;:&quot;&quot;,&quot;caption&quot;:&quot;&quot;,&quot;itemprop&quot;:&quot;image&quot;},{&quot;src&quot;:&quot;https:\\\/\\\/i0.wp.com\\\/www.tuseichholzremmighausen.de\\\/wordpress\\\/wp-content\\\/uploads\\\/2023\\\/03\\\/IMG_4890_1.jpg?fit=1000%2C1500\\u0026ssl=1&quot;,&quot;id&quot;:&quot;18798&quot;,&quot;title&quot;:&quot;IMG_4890_1&quot;,&quot;alt&quot;:&quot;&quot;,&quot;caption&quot;:&quot;&quot;,&quot;itemprop&quot;:&quot;image&quot;},{&quot;src&quot;:&quot;https:\\\/\\\/i0.wp.com\\\/www.tuseichholzremmighausen.de\\\/wordpress\\\/wp-content\\\/uploads\\\/2023\\\/03\\\/IMG_4892_1.jpg?fit=1500%2C1000\\u0026ssl=1&quot;,&quot;id&quot;:&quot;18799&quot;,&quot;title&quot;:&quot;IMG_4892_1&quot;,&quot;alt&quot;:&quot;&quot;,&quot;caption&quot;:&quot;&quot;,&quot;itemprop&quot;:&quot;image&quot;},{&quot;src&quot;:&quot;https:\\\/\\\/i0.wp.com\\\/www.tuseichholzremmighausen.de\\\/wordpress\\\/wp-content\\\/uploads\\\/2023\\\/03\\\/IMG_4919_1.jpg?fit=1500%2C1000\\u0026ssl=1&quot;,&quot;id&quot;:&quot;18801&quot;,&quot;title&quot;:&quot;IMG_4919_1&quot;,&quot;alt&quot;:&quot;&quot;,&quot;caption&quot;:&quot;&quot;,&quot;itemprop&quot;:&quot;image&quot;},{&quot;src&quot;:&quot;https:\\\/\\\/i0.wp.com\\\/www.tuseichholzremmighausen.de\\\/wordpress\\\/wp-content\\\/uploads\\\/2023\\\/03\\\/IMG_4944_1.jpg?fit=1000%2C1500\\u0026ssl=1&quot;,&quot;id&quot;:&quot;18803&quot;,&quot;title&quot;:&quot;IMG_4944_1&quot;,&quot;alt&quot;:&quot;&quot;,&quot;caption&quot;:&quot;&quot;,&quot;itemprop&quot;:&quot;image&quot;}]\" itemscope itemtype=\"https:\/\/schema.org\/ImageGallery\"><\/div>\n","protected":false},"excerpt":{"rendered":"<p>Auftakt in die R\u00fcckrunden-Saison \u2013 am Samstag ging es wieder los f\u00fcr unsere E-Jugend, Gastgeber war der BSV M\u00fcssen. Bei<\/p>\n","protected":false},"author":60,"featured_media":18800,"comment_status":"closed","ping_status":"open","sticky":false,"template":"","format":"standard","meta":{"colormag_page_container_layout":"default_layout","colormag_page_sidebar_layout":"default_layout","_jetpack_memberships_contains_paid_content":false,"footnotes":"","jetpack_publicize_message":"","jetpack_publicize_feature_enabled":true,"jetpack_social_post_already_shared":true,"jetpack_social_options":{"image_generator_settings":{"template":"highway","default_image_id":0,"font":"","enabled":false},"version":2}},"categories":[157,203,158],"tags":[],"class_list":["post-18804","post","type-post","status-publish","format-standard","has-post-thumbnail","hentry","category-archiv","category-e-junioren","category-fb-jugend-aktuell"],"jetpack_publicize_connections":[],"jetpack_featured_media_url":"https:\/\/i0.wp.com\/www.tuseichholzremmighausen.de\/wordpress\/wp-content\/uploads\/2023\/03\/IMG_4915_1.jpg?fit=1500%2C1000&ssl=1","jetpack_sharing_enabled":true,"_links":{"self":[{"href":"https:\/\/www.tuseichholzremmighausen.de\/wordpress\/wp-json\/wp\/v2\/posts\/18804","targetHints":{"allow":["GET"]}}],"collection":[{"href":"https:\/\/www.tuseichholzremmighausen.de\/wordpress\/wp-json\/wp\/v2\/posts"}],"about":[{"href":"https:\/\/www.tuseichholzremmighausen.de\/wordpress\/wp-json\/wp\/v2\/types\/post"}],"author":[{"embeddable":true,"href":"https:\/\/www.tuseichholzremmighausen.de\/wordpress\/wp-json\/wp\/v2\/users\/60"}],"replies":[{"embeddable":true,"href":"https:\/\/www.tuseichholzremmighausen.de\/wordpress\/wp-json\/wp\/v2\/comments?post=18804"}],"version-history":[{"count":0,"href":"https:\/\/www.tuseichholzremmighausen.de\/wordpress\/wp-json\/wp\/v2\/posts\/18804\/revisions"}],"wp:featuredmedia":[{"embeddable":true,"href":"https:\/\/www.tuseichholzremmighausen.de\/wordpress\/wp-json\/wp\/v2\/media\/18800"}],"wp:attachment":[{"href":"https:\/\/www.tuseichholzremmighausen.de\/wordpress\/wp-json\/wp\/v2\/media?parent=18804"}],"wp:term":[{"taxonomy":"category","embeddable":true,"href":"https:\/\/www.tuseichholzremmighausen.de\/wordpress\/wp-json\/wp\/v2\/categories?post=18804"},{"taxonomy":"post_tag","embeddable":true,"href":"https:\/\/www.tuseichholzremmighausen.de\/wordpress\/wp-json\/wp\/v2\/tags?post=18804"}],"curies":[{"name":"wp","href":"https:\/\/api.w.org\/{rel}","templated":true}]}}