{"id":19118,"date":"2023-04-14T06:54:31","date_gmt":"2023-04-14T04:54:31","guid":{"rendered":"https:\/\/www.tuseichholzremmighausen.de\/wordpress\/?p=19118"},"modified":"2023-04-14T06:54:31","modified_gmt":"2023-04-14T04:54:31","slug":"norderney-trainingslager-der-lg-lippe-sued-bringt-power-fuer-die-saison","status":"publish","type":"post","link":"https:\/\/www.tuseichholzremmighausen.de\/wordpress\/archives\/19118","title":{"rendered":"Norderney-Trainingslager der LG Lippe-S\u00fcd bringt Power f\u00fcr die Saison"},"content":{"rendered":"<p>Wie bereiten sich Leichtathleten auf die bald anstehende Saison vor? F\u00fcr die M\u00e4dchen und Jungen der LG Lippe-S\u00fcd keine Frage: Das Kreisjugendheim Detmold auf Norderney muss es sein! Bereits zum 38. Mal ging es in den Osterferien mit insgesamt 60 Leuten ins Trainingslager auf die Nordseeinsel, um das Haus III zu belegen und sich t\u00e4glich in f\u00fcnf bis sieben Stunden im Laufen, Springen und Werfen zu \u00fcben und die Gesellschaft Gleichaltriger zu genie\u00dfen. Zwar standen t\u00e4glich auch K\u00fcchen- und Stubendienst an, zwar ist der Wind dort st\u00e4rker als im Lipperland, zwar nahm der Muskelkater zu sowie die Kr\u00e4fte allm\u00e4hlich ab, doch blieb die Stimmung stets oben, wozu nat\u00fcrlich auch wesentlich der wolkenlose Himmel den gesamten Aufenthalt lang beitrug.<\/p>\n<p>Weil hier &#8211; einmal im Jahr &#8211; ehemalige Leistungssportler der LG Lippe-S\u00fcd schon traditionell dabei sind, die in NRW verstreut wohnen und mittlerweile schon wieder Kinder haben, standen sogar sieben Trainer zur Verf\u00fcgung. Dadurch konnten drei gro\u00dfe Gruppen optimal vorbereitet werden: Unter Marco M\u00fcllers, Thorsten Sch\u00e4fers und Michael Striewe nahmen die \u00c4lteren von M\u00e4nner bis U18, die \u201eStarken\u201c, ihre Ziele in Angriff. Im Stadion, am Strand, auf der Bunkerplatte oder auf Inselwegen ging es besonders um Technik, Sprintausdauer und Wurftechnik. Mal sehen, ob es f\u00fcr einige im Sommer im Mehrkampf oder sogar in Einzeldisziplinen f\u00fcr die Deutschen Meisterschaften reicht.<\/p>\n<p>Die \u201eHalbstarken\u201c, die M\u00e4dchen und Jungen von 12 bis 15, kamen unter die Fittiche von Klaus Brand und Enrico Kr\u00fcger. Beide lobten den Einsatzwillen der Gruppe, f\u00fcr die es teilweise das erste Trainingslager war. Die Fortschritte besonders im Sprint, bei den W\u00fcrfen und im konditionellen Aufbau waren offensichtlich.<br \/>\nVorsitzender Guido Mertens &#8211; der die Fahrt musterg\u00fcltig bis hin zu den obligatorischen T-Shirts vorbereitet hatte &#8211; nahm sich zusammen mit Stefan Nolte der Kinder bis 11 Jahren an. Mit ihnen wurden vielseitig und auch in spielerischer Form Grundlagen gelegt, um die Wettk\u00e4mpfe des Sommers gut bestehen zu k\u00f6nnen.<br \/>\nZahlreiche Eltern freuten sich w\u00e4hrenddessen \u00fcber einen erholsamen Urlaub am Nordseestrand in angenehmer Runde. Als es im Bus zur\u00fcck ging, waren zumindest viele Kin-der und Jugendlichen bereits nach kurzer Fahrtzeit eingeschlafen. F\u00fcr alle aber stand schon fest: Norderney 2024 ist nat\u00fcrlich fest eingeplant\u2026<\/p>\n<p>Bericht und Fotos: Klaus Brand<\/p>\n<div data-carousel-extra='{&quot;blog_id&quot;:1,&quot;permalink&quot;:&quot;https:\/\/www.tuseichholzremmighausen.de\/wordpress\/archives\/19118&quot;}' id='gallery-1' class='gallery galleryid-19118 gallery-columns-3 gallery-size-colormag-featured-image'><figure class='gallery-item'>\n\t\t\t<div class='gallery-icon landscape'>\n\t\t\t\t<a href='https:\/\/www.tuseichholzremmighausen.de\/wordpress\/archives\/19118\/img_8001'><img loading=\"lazy\" decoding=\"async\" width=\"640\" height=\"360\" src=\"https:\/\/i0.wp.com\/www.tuseichholzremmighausen.de\/wordpress\/wp-content\/uploads\/2023\/04\/IMG_8001.jpeg?resize=640%2C360&amp;ssl=1\" class=\"attachment-colormag-featured-image size-colormag-featured-image\" alt=\"\" srcset=\"https:\/\/i0.wp.com\/www.tuseichholzremmighausen.de\/wordpress\/wp-content\/uploads\/2023\/04\/IMG_8001.jpeg?w=640&amp;ssl=1 640w, https:\/\/i0.wp.com\/www.tuseichholzremmighausen.de\/wordpress\/wp-content\/uploads\/2023\/04\/IMG_8001.jpeg?resize=300%2C169&amp;ssl=1 300w\" sizes=\"auto, (max-width: 640px) 100vw, 640px\" data-attachment-id=\"19119\" data-permalink=\"https:\/\/www.tuseichholzremmighausen.de\/wordpress\/archives\/19118\/img_8001\" data-orig-file=\"https:\/\/i0.wp.com\/www.tuseichholzremmighausen.de\/wordpress\/wp-content\/uploads\/2023\/04\/IMG_8001.jpeg?fit=640%2C360&amp;ssl=1\" data-orig-size=\"640,360\" data-comments-opened=\"0\" data-image-meta=\"{&quot;aperture&quot;:&quot;1.8&quot;,&quot;credit&quot;:&quot;&quot;,&quot;camera&quot;:&quot;iPhone 11&quot;,&quot;caption&quot;:&quot;&quot;,&quot;created_timestamp&quot;:&quot;1680549198&quot;,&quot;copyright&quot;:&quot;&quot;,&quot;focal_length&quot;:&quot;4.25&quot;,&quot;iso&quot;:&quot;100&quot;,&quot;shutter_speed&quot;:&quot;0.02&quot;,&quot;title&quot;:&quot;&quot;,&quot;orientation&quot;:&quot;1&quot;}\" data-image-title=\"IMG_8001\" data-image-description=\"\" data-image-caption=\"\" data-large-file=\"https:\/\/i0.wp.com\/www.tuseichholzremmighausen.de\/wordpress\/wp-content\/uploads\/2023\/04\/IMG_8001.jpeg?fit=640%2C360&amp;ssl=1\" \/><\/a>\n\t\t\t<\/div><\/figure><figure class='gallery-item'>\n\t\t\t<div class='gallery-icon landscape'>\n\t\t\t\t<a href='https:\/\/www.tuseichholzremmighausen.de\/wordpress\/archives\/19118\/img_8009'><img loading=\"lazy\" decoding=\"async\" width=\"640\" height=\"360\" src=\"https:\/\/i0.wp.com\/www.tuseichholzremmighausen.de\/wordpress\/wp-content\/uploads\/2023\/04\/IMG_8009.jpeg?resize=640%2C360&amp;ssl=1\" class=\"attachment-colormag-featured-image size-colormag-featured-image\" alt=\"\" srcset=\"https:\/\/i0.wp.com\/www.tuseichholzremmighausen.de\/wordpress\/wp-content\/uploads\/2023\/04\/IMG_8009.jpeg?w=640&amp;ssl=1 640w, https:\/\/i0.wp.com\/www.tuseichholzremmighausen.de\/wordpress\/wp-content\/uploads\/2023\/04\/IMG_8009.jpeg?resize=300%2C169&amp;ssl=1 300w\" sizes=\"auto, (max-width: 640px) 100vw, 640px\" data-attachment-id=\"19120\" data-permalink=\"https:\/\/www.tuseichholzremmighausen.de\/wordpress\/archives\/19118\/img_8009\" data-orig-file=\"https:\/\/i0.wp.com\/www.tuseichholzremmighausen.de\/wordpress\/wp-content\/uploads\/2023\/04\/IMG_8009.jpeg?fit=640%2C360&amp;ssl=1\" data-orig-size=\"640,360\" data-comments-opened=\"0\" data-image-meta=\"{&quot;aperture&quot;:&quot;1.8&quot;,&quot;credit&quot;:&quot;&quot;,&quot;camera&quot;:&quot;iPhone 11&quot;,&quot;caption&quot;:&quot;&quot;,&quot;created_timestamp&quot;:&quot;1680799333&quot;,&quot;copyright&quot;:&quot;&quot;,&quot;focal_length&quot;:&quot;4.25&quot;,&quot;iso&quot;:&quot;32&quot;,&quot;shutter_speed&quot;:&quot;0.00042408821034775&quot;,&quot;title&quot;:&quot;&quot;,&quot;orientation&quot;:&quot;1&quot;}\" data-image-title=\"IMG_8009\" data-image-description=\"\" data-image-caption=\"\" data-large-file=\"https:\/\/i0.wp.com\/www.tuseichholzremmighausen.de\/wordpress\/wp-content\/uploads\/2023\/04\/IMG_8009.jpeg?fit=640%2C360&amp;ssl=1\" \/><\/a>\n\t\t\t<\/div><\/figure><figure class='gallery-item'>\n\t\t\t<div class='gallery-icon landscape'>\n\t\t\t\t<a href='https:\/\/www.tuseichholzremmighausen.de\/wordpress\/archives\/19118\/img_8030'><img loading=\"lazy\" decoding=\"async\" width=\"640\" height=\"360\" src=\"https:\/\/i0.wp.com\/www.tuseichholzremmighausen.de\/wordpress\/wp-content\/uploads\/2023\/04\/IMG_8030.jpeg?resize=640%2C360&amp;ssl=1\" class=\"attachment-colormag-featured-image size-colormag-featured-image\" alt=\"\" srcset=\"https:\/\/i0.wp.com\/www.tuseichholzremmighausen.de\/wordpress\/wp-content\/uploads\/2023\/04\/IMG_8030.jpeg?w=640&amp;ssl=1 640w, https:\/\/i0.wp.com\/www.tuseichholzremmighausen.de\/wordpress\/wp-content\/uploads\/2023\/04\/IMG_8030.jpeg?resize=300%2C169&amp;ssl=1 300w\" sizes=\"auto, (max-width: 640px) 100vw, 640px\" data-attachment-id=\"19121\" data-permalink=\"https:\/\/www.tuseichholzremmighausen.de\/wordpress\/archives\/19118\/img_8030\" data-orig-file=\"https:\/\/i0.wp.com\/www.tuseichholzremmighausen.de\/wordpress\/wp-content\/uploads\/2023\/04\/IMG_8030.jpeg?fit=640%2C360&amp;ssl=1\" data-orig-size=\"640,360\" data-comments-opened=\"0\" data-image-meta=\"{&quot;aperture&quot;:&quot;1.8&quot;,&quot;credit&quot;:&quot;&quot;,&quot;camera&quot;:&quot;iPhone 11&quot;,&quot;caption&quot;:&quot;&quot;,&quot;created_timestamp&quot;:&quot;1680949513&quot;,&quot;copyright&quot;:&quot;&quot;,&quot;focal_length&quot;:&quot;4.25&quot;,&quot;iso&quot;:&quot;32&quot;,&quot;shutter_speed&quot;:&quot;0.00187265917603&quot;,&quot;title&quot;:&quot;&quot;,&quot;orientation&quot;:&quot;1&quot;}\" data-image-title=\"IMG_8030\" data-image-description=\"\" data-image-caption=\"\" data-large-file=\"https:\/\/i0.wp.com\/www.tuseichholzremmighausen.de\/wordpress\/wp-content\/uploads\/2023\/04\/IMG_8030.jpeg?fit=640%2C360&amp;ssl=1\" \/><\/a>\n\t\t\t<\/div><\/figure><figure class='gallery-item'>\n\t\t\t<div class='gallery-icon landscape'>\n\t\t\t\t<a href='https:\/\/www.tuseichholzremmighausen.de\/wordpress\/archives\/19118\/pxl_20230407_105008037'><img loading=\"lazy\" decoding=\"async\" width=\"640\" height=\"360\" src=\"https:\/\/i0.wp.com\/www.tuseichholzremmighausen.de\/wordpress\/wp-content\/uploads\/2023\/04\/PXL_20230407_105008037.jpeg?resize=640%2C360&amp;ssl=1\" class=\"attachment-colormag-featured-image size-colormag-featured-image\" alt=\"\" srcset=\"https:\/\/i0.wp.com\/www.tuseichholzremmighausen.de\/wordpress\/wp-content\/uploads\/2023\/04\/PXL_20230407_105008037.jpeg?w=640&amp;ssl=1 640w, https:\/\/i0.wp.com\/www.tuseichholzremmighausen.de\/wordpress\/wp-content\/uploads\/2023\/04\/PXL_20230407_105008037.jpeg?resize=300%2C169&amp;ssl=1 300w\" sizes=\"auto, (max-width: 640px) 100vw, 640px\" data-attachment-id=\"19122\" data-permalink=\"https:\/\/www.tuseichholzremmighausen.de\/wordpress\/archives\/19118\/pxl_20230407_105008037\" data-orig-file=\"https:\/\/i0.wp.com\/www.tuseichholzremmighausen.de\/wordpress\/wp-content\/uploads\/2023\/04\/PXL_20230407_105008037.jpeg?fit=640%2C360&amp;ssl=1\" data-orig-size=\"640,360\" data-comments-opened=\"0\" data-image-meta=\"{&quot;aperture&quot;:&quot;2.2&quot;,&quot;credit&quot;:&quot;&quot;,&quot;camera&quot;:&quot;Pixel 7&quot;,&quot;caption&quot;:&quot;&quot;,&quot;created_timestamp&quot;:&quot;1680871808&quot;,&quot;copyright&quot;:&quot;&quot;,&quot;focal_length&quot;:&quot;2.35&quot;,&quot;iso&quot;:&quot;48&quot;,&quot;shutter_speed&quot;:&quot;0.000611&quot;,&quot;title&quot;:&quot;&quot;,&quot;orientation&quot;:&quot;1&quot;}\" data-image-title=\"PXL_20230407_105008037\" data-image-description=\"\" data-image-caption=\"\" data-large-file=\"https:\/\/i0.wp.com\/www.tuseichholzremmighausen.de\/wordpress\/wp-content\/uploads\/2023\/04\/PXL_20230407_105008037.jpeg?fit=640%2C360&amp;ssl=1\" \/><\/a>\n\t\t\t<\/div><\/figure>\n\t\t<\/div>\n\n","protected":false},"excerpt":{"rendered":"<p>Wie bereiten sich Leichtathleten auf die bald anstehende Saison vor? F\u00fcr die M\u00e4dchen und Jungen der LG Lippe-S\u00fcd keine Frage:<\/p>\n","protected":false},"author":56,"featured_media":19122,"comment_status":"closed","ping_status":"open","sticky":false,"template":"","format":"standard","meta":{"colormag_page_container_layout":"default_layout","colormag_page_sidebar_layout":"default_layout","_jetpack_memberships_contains_paid_content":false,"footnotes":"","jetpack_publicize_message":"","jetpack_publicize_feature_enabled":true,"jetpack_social_post_already_shared":true,"jetpack_social_options":{"image_generator_settings":{"template":"highway","default_image_id":0,"font":"","enabled":false},"version":2}},"categories":[157,60],"tags":[],"class_list":["post-19118","post","type-post","status-publish","format-standard","has-post-thumbnail","hentry","category-archiv","category-tul-aktuell"],"jetpack_publicize_connections":[],"jetpack_featured_media_url":"https:\/\/i0.wp.com\/www.tuseichholzremmighausen.de\/wordpress\/wp-content\/uploads\/2023\/04\/PXL_20230407_105008037.jpeg?fit=640%2C360&ssl=1","jetpack_sharing_enabled":true,"_links":{"self":[{"href":"https:\/\/www.tuseichholzremmighausen.de\/wordpress\/wp-json\/wp\/v2\/posts\/19118","targetHints":{"allow":["GET"]}}],"collection":[{"href":"https:\/\/www.tuseichholzremmighausen.de\/wordpress\/wp-json\/wp\/v2\/posts"}],"about":[{"href":"https:\/\/www.tuseichholzremmighausen.de\/wordpress\/wp-json\/wp\/v2\/types\/post"}],"author":[{"embeddable":true,"href":"https:\/\/www.tuseichholzremmighausen.de\/wordpress\/wp-json\/wp\/v2\/users\/56"}],"replies":[{"embeddable":true,"href":"https:\/\/www.tuseichholzremmighausen.de\/wordpress\/wp-json\/wp\/v2\/comments?post=19118"}],"version-history":[{"count":0,"href":"https:\/\/www.tuseichholzremmighausen.de\/wordpress\/wp-json\/wp\/v2\/posts\/19118\/revisions"}],"wp:featuredmedia":[{"embeddable":true,"href":"https:\/\/www.tuseichholzremmighausen.de\/wordpress\/wp-json\/wp\/v2\/media\/19122"}],"wp:attachment":[{"href":"https:\/\/www.tuseichholzremmighausen.de\/wordpress\/wp-json\/wp\/v2\/media?parent=19118"}],"wp:term":[{"taxonomy":"category","embeddable":true,"href":"https:\/\/www.tuseichholzremmighausen.de\/wordpress\/wp-json\/wp\/v2\/categories?post=19118"},{"taxonomy":"post_tag","embeddable":true,"href":"https:\/\/www.tuseichholzremmighausen.de\/wordpress\/wp-json\/wp\/v2\/tags?post=19118"}],"curies":[{"name":"wp","href":"https:\/\/api.w.org\/{rel}","templated":true}]}}