{"id":19335,"date":"2023-05-04T07:01:49","date_gmt":"2023-05-04T05:01:49","guid":{"rendered":"https:\/\/www.tuseichholzremmighausen.de\/wordpress\/?p=19335"},"modified":"2023-05-04T07:01:49","modified_gmt":"2023-05-04T05:01:49","slug":"wieder-eine-speer-spitzenleistung-aus-der-lg-lippe-sued","status":"publish","type":"post","link":"https:\/\/www.tuseichholzremmighausen.de\/wordpress\/archives\/19335","title":{"rendered":"Wieder eine Speer-Spitzenleistung aus der LG Lippe-S\u00fcd"},"content":{"rendered":"<p>Die Leichtathletik-Saison hat gerade erst begonnen, und schon setzt ein lippisches M\u00e4dchen eine beeindruckende Duftmarke: Miranda Wolf von der LG Lippe-S\u00fcd schleuderte den 500g-Speer in W14 in Dissen auf 40,27m. Diese auf den ersten Blick wenig auffallende Leistung wird sofort eine kleine Sensation, wenn deutlich wird, dass noch nie jemand in dieser Altersklasse in der Region mit einem solchen Speer so weit geworfen hat, sie damit nicht nur einen neuen lippischen Rekord aufstellt, sondern sogar an Platz 1 der deutschen Bestenliste gef\u00fchrt wird. Hinter ihr landen Lena Sachse (TTL Ehrenfridersdorf) mit 39,29m und Alea Brunnen (TV Gelsenfeld) mit 37,70m. Das n\u00e4chste M\u00e4dchen aus Westfalen kommt erst \u00fcber 10m und 20 Pl\u00e4tze sp\u00e4ter in der Rangliste. Nur Daniela Heuer (LG Lemgo) hat 1999 &#8211; aber mit einem leichteren 400g-Speer &#8211; mit 45,50m weiter geworfen. F\u00fcr Fachleute kommt diese Leistung des Sch\u00fctzlings von Klaus Brand (unterst\u00fctzt vom Vater Sebastian) nicht so ganz \u00fcberraschend, gab es doch immer wieder au\u00dfergew\u00f6hnliche Wurf-Leistungen im Verein, die 1992 vom damaligen Westfalenrekord des 13-j\u00e4hrigen Christian Meschede mit 51,50m, \u00fcber die Erfolge der Rudolf-Harbig-Preistr\u00e4gerin Linda Stahl &#8211; u.a. mit einer Bronzemedaille bei den Olympischen Spielen 2012 in London &#8211; bis hin zur deutschen U18-Meisterschaft von Marc Gast mit 64,44m kurz vor Corona reichen. Thomas Stienemeier, Landes-Disziplintrainer Speer aus Leverkusen, mutma\u00dft schon seit Jahren, dass man in der LG Lippe-S\u00fcd manches richtig machen m\u00fcsse, wenn immer wieder derartige herausragende Leistungen mit dem Speer erreicht werden. \u00dcber die weitere Entwicklung des Wurftalents aus dem kleinen ostwestf\u00e4lischen Verein d\u00fcrfte man im FLVW und dar\u00fcber hinaus gespannt sein&#8230;<\/p>\n<p>Bericht &amp; Foto: Klaus Brand<\/p>\n","protected":false},"excerpt":{"rendered":"<p>Die Leichtathletik-Saison hat gerade erst begonnen, und schon setzt ein lippisches M\u00e4dchen eine beeindruckende Duftmarke: Miranda Wolf von der LG<\/p>\n","protected":false},"author":56,"featured_media":19336,"comment_status":"closed","ping_status":"open","sticky":false,"template":"","format":"standard","meta":{"colormag_page_container_layout":"default_layout","colormag_page_sidebar_layout":"default_layout","_jetpack_memberships_contains_paid_content":false,"footnotes":"","jetpack_publicize_message":"","jetpack_publicize_feature_enabled":true,"jetpack_social_post_already_shared":true,"jetpack_social_options":{"image_generator_settings":{"template":"highway","default_image_id":0,"font":"","enabled":false},"version":2}},"categories":[157,60],"tags":[],"class_list":["post-19335","post","type-post","status-publish","format-standard","has-post-thumbnail","hentry","category-archiv","category-tul-aktuell"],"jetpack_publicize_connections":[],"jetpack_featured_media_url":"https:\/\/i0.wp.com\/www.tuseichholzremmighausen.de\/wordpress\/wp-content\/uploads\/2023\/05\/IMG_7759-scaled.jpeg?fit=2560%2C1440&ssl=1","jetpack_sharing_enabled":true,"_links":{"self":[{"href":"https:\/\/www.tuseichholzremmighausen.de\/wordpress\/wp-json\/wp\/v2\/posts\/19335","targetHints":{"allow":["GET"]}}],"collection":[{"href":"https:\/\/www.tuseichholzremmighausen.de\/wordpress\/wp-json\/wp\/v2\/posts"}],"about":[{"href":"https:\/\/www.tuseichholzremmighausen.de\/wordpress\/wp-json\/wp\/v2\/types\/post"}],"author":[{"embeddable":true,"href":"https:\/\/www.tuseichholzremmighausen.de\/wordpress\/wp-json\/wp\/v2\/users\/56"}],"replies":[{"embeddable":true,"href":"https:\/\/www.tuseichholzremmighausen.de\/wordpress\/wp-json\/wp\/v2\/comments?post=19335"}],"version-history":[{"count":0,"href":"https:\/\/www.tuseichholzremmighausen.de\/wordpress\/wp-json\/wp\/v2\/posts\/19335\/revisions"}],"wp:featuredmedia":[{"embeddable":true,"href":"https:\/\/www.tuseichholzremmighausen.de\/wordpress\/wp-json\/wp\/v2\/media\/19336"}],"wp:attachment":[{"href":"https:\/\/www.tuseichholzremmighausen.de\/wordpress\/wp-json\/wp\/v2\/media?parent=19335"}],"wp:term":[{"taxonomy":"category","embeddable":true,"href":"https:\/\/www.tuseichholzremmighausen.de\/wordpress\/wp-json\/wp\/v2\/categories?post=19335"},{"taxonomy":"post_tag","embeddable":true,"href":"https:\/\/www.tuseichholzremmighausen.de\/wordpress\/wp-json\/wp\/v2\/tags?post=19335"}],"curies":[{"name":"wp","href":"https:\/\/api.w.org\/{rel}","templated":true}]}}