{"id":19399,"date":"2023-05-11T03:47:29","date_gmt":"2023-05-11T01:47:29","guid":{"rendered":"https:\/\/www.tuseichholzremmighausen.de\/wordpress\/?p=19399"},"modified":"2023-05-09T11:59:10","modified_gmt":"2023-05-09T09:59:10","slug":"teambildund-beim-lasertag-unserer-d-jugend","status":"publish","type":"post","link":"https:\/\/www.tuseichholzremmighausen.de\/wordpress\/archives\/19399","title":{"rendered":"Teambildung unserer D-Jugend beim Lasertag"},"content":{"rendered":"<p>Viel Spa\u00df hatte unsere D-Jugend beim Lasertag in der Bielefelder Laserzone. Die Mannschaft ist schon eine tolle Gemeinschaft und um auch mal Zeit neben dem Fu\u00dfballplatz zu verbringen entstand diese Idee. Dank der Unterst\u00fctzung des Vereins, der Eltern und Trainer konnte diese Idee in die Tat umgesetzt werden und man traf sich nach dem Spieltag am heimischen Sportplatz um eine von den Eltern vorbereitete St\u00e4rkung zu sich zu nehmen. Anschlie\u00dfend reiste das Team mit dem Mannschaftsbus und einigen Eltern nach Bielefeld, wo man viele lachende Kinder erleben konnte. Neben den Lasertag-Spielen \u00fcbten sich die Kinder im Air-Hokey und am Boxautomat.<\/p>\n<p>Leider lie\u00dfen die m\u00e4\u00dfigen Lichtverh\u00e4ltnisse keine brauchbaren Fotos zu.<\/p>\n<p>Foto: Archiv<\/p>\n","protected":false},"excerpt":{"rendered":"<p>Viel Spa\u00df hatte unsere D-Jugend beim Lasertag in der Bielefelder Laserzone. Die Mannschaft ist schon eine tolle Gemeinschaft und um<\/p>\n","protected":false},"author":56,"featured_media":19302,"comment_status":"closed","ping_status":"open","sticky":false,"template":"","format":"standard","meta":{"colormag_page_container_layout":"default_layout","colormag_page_sidebar_layout":"default_layout","_jetpack_memberships_contains_paid_content":false,"footnotes":"","jetpack_publicize_message":"","jetpack_publicize_feature_enabled":true,"jetpack_social_post_already_shared":true,"jetpack_social_options":{"image_generator_settings":{"template":"highway","default_image_id":0,"font":"","enabled":false},"version":2}},"categories":[157,204,158],"tags":[],"class_list":["post-19399","post","type-post","status-publish","format-standard","has-post-thumbnail","hentry","category-archiv","category-d-junioren","category-fb-jugend-aktuell"],"jetpack_publicize_connections":[],"jetpack_featured_media_url":"https:\/\/i0.wp.com\/www.tuseichholzremmighausen.de\/wordpress\/wp-content\/uploads\/2023\/05\/IMG_4613-e1683011436952.jpg?fit=800%2C600&ssl=1","jetpack_sharing_enabled":true,"_links":{"self":[{"href":"https:\/\/www.tuseichholzremmighausen.de\/wordpress\/wp-json\/wp\/v2\/posts\/19399","targetHints":{"allow":["GET"]}}],"collection":[{"href":"https:\/\/www.tuseichholzremmighausen.de\/wordpress\/wp-json\/wp\/v2\/posts"}],"about":[{"href":"https:\/\/www.tuseichholzremmighausen.de\/wordpress\/wp-json\/wp\/v2\/types\/post"}],"author":[{"embeddable":true,"href":"https:\/\/www.tuseichholzremmighausen.de\/wordpress\/wp-json\/wp\/v2\/users\/56"}],"replies":[{"embeddable":true,"href":"https:\/\/www.tuseichholzremmighausen.de\/wordpress\/wp-json\/wp\/v2\/comments?post=19399"}],"version-history":[{"count":0,"href":"https:\/\/www.tuseichholzremmighausen.de\/wordpress\/wp-json\/wp\/v2\/posts\/19399\/revisions"}],"wp:featuredmedia":[{"embeddable":true,"href":"https:\/\/www.tuseichholzremmighausen.de\/wordpress\/wp-json\/wp\/v2\/media\/19302"}],"wp:attachment":[{"href":"https:\/\/www.tuseichholzremmighausen.de\/wordpress\/wp-json\/wp\/v2\/media?parent=19399"}],"wp:term":[{"taxonomy":"category","embeddable":true,"href":"https:\/\/www.tuseichholzremmighausen.de\/wordpress\/wp-json\/wp\/v2\/categories?post=19399"},{"taxonomy":"post_tag","embeddable":true,"href":"https:\/\/www.tuseichholzremmighausen.de\/wordpress\/wp-json\/wp\/v2\/tags?post=19399"}],"curies":[{"name":"wp","href":"https:\/\/api.w.org\/{rel}","templated":true}]}}