{"id":19502,"date":"2023-05-18T02:19:31","date_gmt":"2023-05-18T00:19:31","guid":{"rendered":"https:\/\/www.tuseichholzremmighausen.de\/wordpress\/?p=19502"},"modified":"2023-05-17T11:20:34","modified_gmt":"2023-05-17T09:20:34","slug":"lippische-leichtathleten-ganz-stark-in-ostwestfalen","status":"publish","type":"post","link":"https:\/\/www.tuseichholzremmighausen.de\/wordpress\/archives\/19502","title":{"rendered":"Lippische Leichtathleten ganz stark in Ostwestfalen"},"content":{"rendered":"<p>Einen Tag nach den Meisterschaften f\u00fcr die U16\/U14 ging es auch f\u00fcr die \u00e4lteren Athleten um ostwestf\u00e4lische Meistertitel und auch hier erwies sich der Kreis Lippe im hervorragend pr\u00e4parierten Mindener Weserstadion als einer der leistungsst\u00e4rksten Kreise, denn mit 12 Titeln bei der LG Lippe-S\u00fcd, 4 Titeln bei der LG Lage-Detmold-Bad Salzuflen und 1 Titel bei der LG Lemgo standen insgesamt 17 erste Pl\u00e4tze zu Buche.<\/p>\n<p>Eine ganze Reihe von Leistungstr\u00e4gern scheint dabei schon in erstaunlicher Fr\u00fchform zu sein:<\/p>\n<p>Die Mittelstrecken wurden von der LG Lage-Detmold-Bad Salzuflen dominiert: Bei den M\u00e4nnern lief Sergey Suchov aus Kasachstan die 1500m in herausragenden 4:08,24min, die 800m wurden von Kevin Ostermann in 2:01,35min gewonnen, und in der U20 schrammte Emilian Schlieker mit 2:00,84min nur ganz knapp an der magischen 2-Minuten-Marke vorbei. Silvia Wagenbach vervollst\u00e4ndigte mit ihrem Sieg in 2:31,77min \u00fcber 800m U18 das Bild. Und bemerkenswert auch die 77,06s von Dr. Rudi H\u00fcls \u00fcber 400m in der Klasse M75!<\/p>\n<p>F\u00fcr viele erstaunlich waren die Siege in den meisten Sprintklassen durch die LG Lippe-S\u00fcd. In der weiblichen U18 kn\u00fcpft Josefine Harms dabei mit 12,87s \u00fcber 100m wieder an fr\u00fchere Zeiten an und \u00fcberzeugte mit der 4x100m-Staffel der Stg. Ubbedissen\/Lippe-S\u00fcd in 50,30s. In U20 war Till Morawietz in 11,39s \u00fcber 100m nicht zu halten, ebenso wenig wie Ole Herlemann in U18 mit 11,68s, der au\u00dferdem die 110mH\u00fcrden in 15,27s klar f\u00fcr sich entscheiden konnte. Die LG Lemgo stellte mit Antonia G\u00f6tzel \u00fcber 200m bei den Frauen in 27,25s eine weitere Siegerin.<\/p>\n<p>Auch bei den W\u00fcrfen zeigte sich eine Vormachtstellung der LG Lippe-S\u00fcd. Bei den Frauen gab es f\u00fcr Marie-Theres Bornemeier und Sandra Albrecht mit 14,64m und 11,12m im Kugelsto\u00df und 41,01m und 38,15m im Diskuswurf sogar Doppelsiege. Bei den M\u00e4nnern gelang Gerrit-Justin Gr\u00f6ne beim Speerwurf mit 47,53m ein unerwarteter Sieg nach langer Abwesenheit. Hinzu kommen etliche zweite und dritte Pl\u00e4tze von Joel Hinze und Thorsten Schillmann bei Kugel und Diskus.<\/p>\n<p>Ein ganz starkes Bild lieferten die Lipper auch mit Titeln im Weitsprung ab: Till Morawietz sprang 6,62m in U20 Tagesbestweite, Manuel David gewann mit 6,20m die M\u00e4nnerklasse, und in U18 verbesserte sich Josefine Harms auf sehr gute 5,21m. Zweite Pl\u00e4tze gab es im Weitsprung f\u00fcr Ole Herlemann (alle LG Lippe-S\u00fcd) mit 6,19m und f\u00fcr Maya Schirpke (LG Lage-Detmold-Bad Salzuflen) in U20 mit 4,73m.<\/p>\n<p>\u201eEine stolze Bilanz\u201c, meinten dann auch Klaus Brand und Axel Offel f\u00fcr ihre Athleten aus den Kreisen Detmold und Lemgo, die f\u00fcr weitere Ergebnisse auf www.flvw\/Termindatenbank verwiesen.<\/p>\n<p>Bericht und Foto: Klaus Brand<\/p>\n","protected":false},"excerpt":{"rendered":"<p>Einen Tag nach den Meisterschaften f\u00fcr die U16\/U14 ging es auch f\u00fcr die \u00e4lteren Athleten um ostwestf\u00e4lische Meistertitel und auch<\/p>\n","protected":false},"author":56,"featured_media":19503,"comment_status":"closed","ping_status":"open","sticky":false,"template":"","format":"standard","meta":{"colormag_page_container_layout":"default_layout","colormag_page_sidebar_layout":"default_layout","_jetpack_memberships_contains_paid_content":false,"footnotes":"","jetpack_publicize_message":"","jetpack_publicize_feature_enabled":true,"jetpack_social_post_already_shared":true,"jetpack_social_options":{"image_generator_settings":{"template":"highway","default_image_id":0,"font":"","enabled":false},"version":2}},"categories":[157,60],"tags":[],"class_list":["post-19502","post","type-post","status-publish","format-standard","has-post-thumbnail","hentry","category-archiv","category-tul-aktuell"],"jetpack_publicize_connections":[],"jetpack_featured_media_url":"https:\/\/i0.wp.com\/www.tuseichholzremmighausen.de\/wordpress\/wp-content\/uploads\/2023\/05\/IMG_8085.jpeg?fit=1280%2C720&ssl=1","jetpack_sharing_enabled":true,"_links":{"self":[{"href":"https:\/\/www.tuseichholzremmighausen.de\/wordpress\/wp-json\/wp\/v2\/posts\/19502","targetHints":{"allow":["GET"]}}],"collection":[{"href":"https:\/\/www.tuseichholzremmighausen.de\/wordpress\/wp-json\/wp\/v2\/posts"}],"about":[{"href":"https:\/\/www.tuseichholzremmighausen.de\/wordpress\/wp-json\/wp\/v2\/types\/post"}],"author":[{"embeddable":true,"href":"https:\/\/www.tuseichholzremmighausen.de\/wordpress\/wp-json\/wp\/v2\/users\/56"}],"replies":[{"embeddable":true,"href":"https:\/\/www.tuseichholzremmighausen.de\/wordpress\/wp-json\/wp\/v2\/comments?post=19502"}],"version-history":[{"count":0,"href":"https:\/\/www.tuseichholzremmighausen.de\/wordpress\/wp-json\/wp\/v2\/posts\/19502\/revisions"}],"wp:featuredmedia":[{"embeddable":true,"href":"https:\/\/www.tuseichholzremmighausen.de\/wordpress\/wp-json\/wp\/v2\/media\/19503"}],"wp:attachment":[{"href":"https:\/\/www.tuseichholzremmighausen.de\/wordpress\/wp-json\/wp\/v2\/media?parent=19502"}],"wp:term":[{"taxonomy":"category","embeddable":true,"href":"https:\/\/www.tuseichholzremmighausen.de\/wordpress\/wp-json\/wp\/v2\/categories?post=19502"},{"taxonomy":"post_tag","embeddable":true,"href":"https:\/\/www.tuseichholzremmighausen.de\/wordpress\/wp-json\/wp\/v2\/tags?post=19502"}],"curies":[{"name":"wp","href":"https:\/\/api.w.org\/{rel}","templated":true}]}}