{"id":19986,"date":"2023-09-04T14:16:27","date_gmt":"2023-09-04T12:16:27","guid":{"rendered":"https:\/\/www.tuseichholzremmighausen.de\/wordpress\/?p=19986"},"modified":"2023-09-04T14:16:27","modified_gmt":"2023-09-04T12:16:27","slug":"mittwochsfrauen-feiern-55-jaehriges-bestehen","status":"publish","type":"post","link":"https:\/\/www.tuseichholzremmighausen.de\/wordpress\/archives\/19986","title":{"rendered":"Mittwochsfrauen feiern 55-j\u00e4hriges Bestehen!"},"content":{"rendered":"<p><strong>Dies wurde mit einer Busfahrt zur Landesgartenschau in H\u00f6xter gefeiert. Die Eintrittskarten hierf\u00fcr hat der Verein der \u00fcber die vielen Jahre bestehenden Sportgruppe geschenkt. Vielen Dank daf\u00fcr!<\/strong><\/p>\n<p>1968 fanden sich unter Alfred Haase einige junge Frauen zusammen, die etwas f\u00fcr ihre Beweglichkeit tuen wollten. Im Laufe der Jahre wechselten immer mal wieder die \u00dcbungsleiterInnen, erinnert sei an Elisabeth Lesniak, Dagmar Husemann, Rose-Marie Domurath, Angelika Behrendt und Silvia Koch. Aktuell wird die Gruppe von Uwe Lukas angef\u00fchrt, unterst\u00fctzt von Christel B\u00e4z. Die jungen Frauen sind heute zwar alle etwas \u00e4lter geworden und Ger\u00e4teturnen an Barren und Ringen ist der Gymnastik gewichen, dennoch bringt Uwe immer noch Schwung in die Gruppe. Schlie\u00dflich hat er sich im Bereich Seniorensport weitergebildet. Hoffentlich bleibt er den Turndamen noch lange treu.<span class=\"Apple-converted-space\">\u00a0<\/span><\/p>\n<p><img data-recalc-dims=\"1\" loading=\"lazy\" decoding=\"async\" data-attachment-id=\"19988\" data-permalink=\"https:\/\/www.tuseichholzremmighausen.de\/wordpress\/archives\/19986\/tus-er-jubilaeum-mittwochsfrauen-2023-02\" data-orig-file=\"https:\/\/i0.wp.com\/www.tuseichholzremmighausen.de\/wordpress\/wp-content\/uploads\/2023\/09\/tus-er-jubilaeum-mittwochsfrauen-2023-02.jpg?fit=1280%2C960&amp;ssl=1\" data-orig-size=\"1280,960\" data-comments-opened=\"0\" data-image-meta=\"{&quot;aperture&quot;:&quot;0&quot;,&quot;credit&quot;:&quot;&quot;,&quot;camera&quot;:&quot;&quot;,&quot;caption&quot;:&quot;&quot;,&quot;created_timestamp&quot;:&quot;0&quot;,&quot;copyright&quot;:&quot;&quot;,&quot;focal_length&quot;:&quot;0&quot;,&quot;iso&quot;:&quot;0&quot;,&quot;shutter_speed&quot;:&quot;0&quot;,&quot;title&quot;:&quot;&quot;,&quot;orientation&quot;:&quot;1&quot;}\" data-image-title=\"tus-er-jubil\u00e4um-mittwochsfrauen-2023-02\" data-image-description=\"\" data-image-caption=\"\" data-large-file=\"https:\/\/i0.wp.com\/www.tuseichholzremmighausen.de\/wordpress\/wp-content\/uploads\/2023\/09\/tus-er-jubilaeum-mittwochsfrauen-2023-02.jpg?fit=800%2C600&amp;ssl=1\" class=\"alignnone wp-image-19988 size-large\" src=\"https:\/\/i0.wp.com\/www.tuseichholzremmighausen.de\/wordpress\/wp-content\/uploads\/2023\/09\/tus-er-jubilaeum-mittwochsfrauen-2023-02.jpg?resize=800%2C600&#038;ssl=1\" alt=\"\" width=\"800\" height=\"600\" srcset=\"https:\/\/i0.wp.com\/www.tuseichholzremmighausen.de\/wordpress\/wp-content\/uploads\/2023\/09\/tus-er-jubilaeum-mittwochsfrauen-2023-02.jpg?resize=1024%2C768&amp;ssl=1 1024w, https:\/\/i0.wp.com\/www.tuseichholzremmighausen.de\/wordpress\/wp-content\/uploads\/2023\/09\/tus-er-jubilaeum-mittwochsfrauen-2023-02.jpg?resize=300%2C225&amp;ssl=1 300w, https:\/\/i0.wp.com\/www.tuseichholzremmighausen.de\/wordpress\/wp-content\/uploads\/2023\/09\/tus-er-jubilaeum-mittwochsfrauen-2023-02.jpg?resize=768%2C576&amp;ssl=1 768w, https:\/\/i0.wp.com\/www.tuseichholzremmighausen.de\/wordpress\/wp-content\/uploads\/2023\/09\/tus-er-jubilaeum-mittwochsfrauen-2023-02.jpg?w=1280&amp;ssl=1 1280w\" sizes=\"auto, (max-width: 800px) 100vw, 800px\" \/><\/p>\n<p>Als Sportlerin der ersten Stunde ist Traute Gillich immer noch eine der regelm\u00e4\u00dfigsten Teilnehmerin der \u00dcbungsabende. Auch au\u00dferhalb des Sportbetriebs kommt die Geselligkeit nicht zu kurz, so habe die Frauen viel Spa\u00df bei gemeinsamen Unternehmungen wie Fahrten, Wanderungen, Geburtstagsfeiern oder Kegeln.<span class=\"Apple-converted-space\">\u00a0<\/span><\/p>\n<p>So war es f\u00fcr die Gruppe auch klar, das Jubil\u00e4umsjahr mit der gemeinsamen Fahrt nach H\u00f6xter zu unterstreichen.<\/p>\n<p><strong>Text &amp; Fotos:<\/strong> Brigitte Ovenhausen<\/p>\n","protected":false},"excerpt":{"rendered":"<p>Dies wurde mit einer Busfahrt zur Landesgartenschau in H\u00f6xter gefeiert. Die Eintrittskarten hierf\u00fcr hat der Verein der \u00fcber die vielen<\/p>\n","protected":false},"author":52,"featured_media":19987,"comment_status":"closed","ping_status":"open","sticky":false,"template":"","format":"standard","meta":{"colormag_page_container_layout":"default_layout","colormag_page_sidebar_layout":"default_layout","_jetpack_memberships_contains_paid_content":false,"footnotes":"","jetpack_publicize_message":"Mittwochsfrauen feiern 55-j\u00e4hriges Bestehen!","jetpack_publicize_feature_enabled":true,"jetpack_social_post_already_shared":true,"jetpack_social_options":{"image_generator_settings":{"template":"highway","default_image_id":0,"font":"","enabled":false},"version":2}},"categories":[157,165,60],"tags":[],"class_list":["post-19986","post","type-post","status-publish","format-standard","has-post-thumbnail","hentry","category-archiv","category-startseite-ohne-fb","category-tul-aktuell"],"jetpack_publicize_connections":[],"jetpack_featured_media_url":"https:\/\/i0.wp.com\/www.tuseichholzremmighausen.de\/wordpress\/wp-content\/uploads\/2023\/09\/tus-er-jubilaeum-mittwochsfrauen-2023-01.jpg?fit=1280%2C960&ssl=1","jetpack_sharing_enabled":true,"_links":{"self":[{"href":"https:\/\/www.tuseichholzremmighausen.de\/wordpress\/wp-json\/wp\/v2\/posts\/19986","targetHints":{"allow":["GET"]}}],"collection":[{"href":"https:\/\/www.tuseichholzremmighausen.de\/wordpress\/wp-json\/wp\/v2\/posts"}],"about":[{"href":"https:\/\/www.tuseichholzremmighausen.de\/wordpress\/wp-json\/wp\/v2\/types\/post"}],"author":[{"embeddable":true,"href":"https:\/\/www.tuseichholzremmighausen.de\/wordpress\/wp-json\/wp\/v2\/users\/52"}],"replies":[{"embeddable":true,"href":"https:\/\/www.tuseichholzremmighausen.de\/wordpress\/wp-json\/wp\/v2\/comments?post=19986"}],"version-history":[{"count":0,"href":"https:\/\/www.tuseichholzremmighausen.de\/wordpress\/wp-json\/wp\/v2\/posts\/19986\/revisions"}],"wp:featuredmedia":[{"embeddable":true,"href":"https:\/\/www.tuseichholzremmighausen.de\/wordpress\/wp-json\/wp\/v2\/media\/19987"}],"wp:attachment":[{"href":"https:\/\/www.tuseichholzremmighausen.de\/wordpress\/wp-json\/wp\/v2\/media?parent=19986"}],"wp:term":[{"taxonomy":"category","embeddable":true,"href":"https:\/\/www.tuseichholzremmighausen.de\/wordpress\/wp-json\/wp\/v2\/categories?post=19986"},{"taxonomy":"post_tag","embeddable":true,"href":"https:\/\/www.tuseichholzremmighausen.de\/wordpress\/wp-json\/wp\/v2\/tags?post=19986"}],"curies":[{"name":"wp","href":"https:\/\/api.w.org\/{rel}","templated":true}]}}