{"id":20815,"date":"2024-02-10T13:00:53","date_gmt":"2024-02-10T12:00:53","guid":{"rendered":"https:\/\/www.tuseichholzremmighausen.de\/wordpress\/?p=20815"},"modified":"2024-02-11T15:07:00","modified_gmt":"2024-02-11T14:07:00","slug":"alaaf-beim-eltern-kind-turnen","status":"publish","type":"post","link":"https:\/\/www.tuseichholzremmighausen.de\/wordpress\/archives\/20815","title":{"rendered":"Alaaf beim Eltern-Kind-Turnen!"},"content":{"rendered":"<p><strong>Am 8.2. \u2013 passend zu Weiberfastnacht \u2013 wurde auch beim Eltern-Kind-Turnen wieder die 5. Jahreszeit gefeiert. <\/strong><strong>Eine sch\u00f6ne Tradition, die bei Gro\u00df und Klein f\u00fcr Begeisterung gesorgt hat.<\/strong><\/p>\n<p>Die kleinen Turnerinnen und Turner, aber auch einige Eltern haben sich in besonders kreativen Kost\u00fcmen verkleidet. Es wurden Arielle und Elsa, Einh\u00f6rner, Spiderman und noch viele Kost\u00fcme mehr in der mit Luftballons und Luftschlangen bunt geschm\u00fcckten Turnhalle gesichtet.<\/p>\n<div data-carousel-extra='{&quot;blog_id&quot;:1,&quot;permalink&quot;:&quot;https:\/\/www.tuseichholzremmighausen.de\/wordpress\/archives\/20815&quot;}' id='gallery-1' class='gallery galleryid-20815 gallery-columns-3 gallery-size-medium'><figure class='gallery-item'>\n\t\t\t<div class='gallery-icon landscape'>\n\t\t\t\t<a href='https:\/\/www.tuseichholzremmighausen.de\/wordpress\/archives\/20815\/tus-er-eltern-kind-turnen-2024-karneval-3'><img loading=\"lazy\" decoding=\"async\" width=\"300\" height=\"300\" src=\"https:\/\/i0.wp.com\/www.tuseichholzremmighausen.de\/wordpress\/wp-content\/uploads\/2024\/02\/tus-er-eltern-kind-turnen-2024-karneval-3.jpg?fit=300%2C300&amp;ssl=1\" class=\"attachment-medium size-medium\" alt=\"\" srcset=\"https:\/\/i0.wp.com\/www.tuseichholzremmighausen.de\/wordpress\/wp-content\/uploads\/2024\/02\/tus-er-eltern-kind-turnen-2024-karneval-3.jpg?w=1528&amp;ssl=1 1528w, https:\/\/i0.wp.com\/www.tuseichholzremmighausen.de\/wordpress\/wp-content\/uploads\/2024\/02\/tus-er-eltern-kind-turnen-2024-karneval-3.jpg?resize=300%2C300&amp;ssl=1 300w, https:\/\/i0.wp.com\/www.tuseichholzremmighausen.de\/wordpress\/wp-content\/uploads\/2024\/02\/tus-er-eltern-kind-turnen-2024-karneval-3.jpg?resize=1024%2C1024&amp;ssl=1 1024w, https:\/\/i0.wp.com\/www.tuseichholzremmighausen.de\/wordpress\/wp-content\/uploads\/2024\/02\/tus-er-eltern-kind-turnen-2024-karneval-3.jpg?resize=150%2C150&amp;ssl=1 150w, https:\/\/i0.wp.com\/www.tuseichholzremmighausen.de\/wordpress\/wp-content\/uploads\/2024\/02\/tus-er-eltern-kind-turnen-2024-karneval-3.jpg?resize=768%2C768&amp;ssl=1 768w\" sizes=\"auto, (max-width: 300px) 100vw, 300px\" data-attachment-id=\"20823\" data-permalink=\"https:\/\/www.tuseichholzremmighausen.de\/wordpress\/archives\/20815\/tus-er-eltern-kind-turnen-2024-karneval-3\" data-orig-file=\"https:\/\/i0.wp.com\/www.tuseichholzremmighausen.de\/wordpress\/wp-content\/uploads\/2024\/02\/tus-er-eltern-kind-turnen-2024-karneval-3.jpg?fit=1528%2C1528&amp;ssl=1\" data-orig-size=\"1528,1528\" data-comments-opened=\"0\" data-image-meta=\"{&quot;aperture&quot;:&quot;0&quot;,&quot;credit&quot;:&quot;&quot;,&quot;camera&quot;:&quot;&quot;,&quot;caption&quot;:&quot;&quot;,&quot;created_timestamp&quot;:&quot;0&quot;,&quot;copyright&quot;:&quot;&quot;,&quot;focal_length&quot;:&quot;0&quot;,&quot;iso&quot;:&quot;0&quot;,&quot;shutter_speed&quot;:&quot;0&quot;,&quot;title&quot;:&quot;&quot;,&quot;orientation&quot;:&quot;1&quot;}\" data-image-title=\"tus-er-eltern-kind-turnen-2024-karneval-3\" data-image-description=\"\" data-image-caption=\"\" data-large-file=\"https:\/\/i0.wp.com\/www.tuseichholzremmighausen.de\/wordpress\/wp-content\/uploads\/2024\/02\/tus-er-eltern-kind-turnen-2024-karneval-3.jpg?fit=800%2C800&amp;ssl=1\" \/><\/a>\n\t\t\t<\/div><\/figure><figure class='gallery-item'>\n\t\t\t<div class='gallery-icon landscape'>\n\t\t\t\t<a href='https:\/\/www.tuseichholzremmighausen.de\/wordpress\/archives\/20815\/tus-er-eltern-kind-turnen-2024-karneval-2'><img loading=\"lazy\" decoding=\"async\" width=\"300\" height=\"300\" src=\"https:\/\/i0.wp.com\/www.tuseichholzremmighausen.de\/wordpress\/wp-content\/uploads\/2024\/02\/tus-er-eltern-kind-turnen-2024-karneval-2.jpg?fit=300%2C300&amp;ssl=1\" class=\"attachment-medium size-medium\" alt=\"\" srcset=\"https:\/\/i0.wp.com\/www.tuseichholzremmighausen.de\/wordpress\/wp-content\/uploads\/2024\/02\/tus-er-eltern-kind-turnen-2024-karneval-2.jpg?w=1528&amp;ssl=1 1528w, https:\/\/i0.wp.com\/www.tuseichholzremmighausen.de\/wordpress\/wp-content\/uploads\/2024\/02\/tus-er-eltern-kind-turnen-2024-karneval-2.jpg?resize=300%2C300&amp;ssl=1 300w, https:\/\/i0.wp.com\/www.tuseichholzremmighausen.de\/wordpress\/wp-content\/uploads\/2024\/02\/tus-er-eltern-kind-turnen-2024-karneval-2.jpg?resize=1024%2C1024&amp;ssl=1 1024w, https:\/\/i0.wp.com\/www.tuseichholzremmighausen.de\/wordpress\/wp-content\/uploads\/2024\/02\/tus-er-eltern-kind-turnen-2024-karneval-2.jpg?resize=150%2C150&amp;ssl=1 150w, https:\/\/i0.wp.com\/www.tuseichholzremmighausen.de\/wordpress\/wp-content\/uploads\/2024\/02\/tus-er-eltern-kind-turnen-2024-karneval-2.jpg?resize=768%2C768&amp;ssl=1 768w\" sizes=\"auto, (max-width: 300px) 100vw, 300px\" data-attachment-id=\"20822\" data-permalink=\"https:\/\/www.tuseichholzremmighausen.de\/wordpress\/archives\/20815\/tus-er-eltern-kind-turnen-2024-karneval-2\" data-orig-file=\"https:\/\/i0.wp.com\/www.tuseichholzremmighausen.de\/wordpress\/wp-content\/uploads\/2024\/02\/tus-er-eltern-kind-turnen-2024-karneval-2.jpg?fit=1528%2C1528&amp;ssl=1\" data-orig-size=\"1528,1528\" data-comments-opened=\"0\" data-image-meta=\"{&quot;aperture&quot;:&quot;0&quot;,&quot;credit&quot;:&quot;&quot;,&quot;camera&quot;:&quot;&quot;,&quot;caption&quot;:&quot;&quot;,&quot;created_timestamp&quot;:&quot;0&quot;,&quot;copyright&quot;:&quot;&quot;,&quot;focal_length&quot;:&quot;0&quot;,&quot;iso&quot;:&quot;0&quot;,&quot;shutter_speed&quot;:&quot;0&quot;,&quot;title&quot;:&quot;&quot;,&quot;orientation&quot;:&quot;1&quot;}\" data-image-title=\"tus-er-eltern-kind-turnen-2024-karneval-2\" data-image-description=\"\" data-image-caption=\"\" data-large-file=\"https:\/\/i0.wp.com\/www.tuseichholzremmighausen.de\/wordpress\/wp-content\/uploads\/2024\/02\/tus-er-eltern-kind-turnen-2024-karneval-2.jpg?fit=800%2C800&amp;ssl=1\" \/><\/a>\n\t\t\t<\/div><\/figure><figure class='gallery-item'>\n\t\t\t<div class='gallery-icon landscape'>\n\t\t\t\t<a href='https:\/\/www.tuseichholzremmighausen.de\/wordpress\/archives\/20815\/tus-er-eltern-kind-turnen-2024-karneval-1'><img loading=\"lazy\" decoding=\"async\" width=\"300\" height=\"300\" src=\"https:\/\/i0.wp.com\/www.tuseichholzremmighausen.de\/wordpress\/wp-content\/uploads\/2024\/02\/tus-er-eltern-kind-turnen-2024-karneval-1.jpg?fit=300%2C300&amp;ssl=1\" class=\"attachment-medium size-medium\" alt=\"\" srcset=\"https:\/\/i0.wp.com\/www.tuseichholzremmighausen.de\/wordpress\/wp-content\/uploads\/2024\/02\/tus-er-eltern-kind-turnen-2024-karneval-1.jpg?w=1528&amp;ssl=1 1528w, https:\/\/i0.wp.com\/www.tuseichholzremmighausen.de\/wordpress\/wp-content\/uploads\/2024\/02\/tus-er-eltern-kind-turnen-2024-karneval-1.jpg?resize=300%2C300&amp;ssl=1 300w, https:\/\/i0.wp.com\/www.tuseichholzremmighausen.de\/wordpress\/wp-content\/uploads\/2024\/02\/tus-er-eltern-kind-turnen-2024-karneval-1.jpg?resize=1024%2C1024&amp;ssl=1 1024w, https:\/\/i0.wp.com\/www.tuseichholzremmighausen.de\/wordpress\/wp-content\/uploads\/2024\/02\/tus-er-eltern-kind-turnen-2024-karneval-1.jpg?resize=150%2C150&amp;ssl=1 150w, https:\/\/i0.wp.com\/www.tuseichholzremmighausen.de\/wordpress\/wp-content\/uploads\/2024\/02\/tus-er-eltern-kind-turnen-2024-karneval-1.jpg?resize=768%2C768&amp;ssl=1 768w\" sizes=\"auto, (max-width: 300px) 100vw, 300px\" data-attachment-id=\"20821\" data-permalink=\"https:\/\/www.tuseichholzremmighausen.de\/wordpress\/archives\/20815\/tus-er-eltern-kind-turnen-2024-karneval-1\" data-orig-file=\"https:\/\/i0.wp.com\/www.tuseichholzremmighausen.de\/wordpress\/wp-content\/uploads\/2024\/02\/tus-er-eltern-kind-turnen-2024-karneval-1.jpg?fit=1528%2C1528&amp;ssl=1\" data-orig-size=\"1528,1528\" data-comments-opened=\"0\" data-image-meta=\"{&quot;aperture&quot;:&quot;0&quot;,&quot;credit&quot;:&quot;&quot;,&quot;camera&quot;:&quot;&quot;,&quot;caption&quot;:&quot;&quot;,&quot;created_timestamp&quot;:&quot;0&quot;,&quot;copyright&quot;:&quot;&quot;,&quot;focal_length&quot;:&quot;0&quot;,&quot;iso&quot;:&quot;0&quot;,&quot;shutter_speed&quot;:&quot;0&quot;,&quot;title&quot;:&quot;&quot;,&quot;orientation&quot;:&quot;0&quot;}\" data-image-title=\"tus-er-eltern-kind-turnen-2024-karneval-1\" data-image-description=\"\" data-image-caption=\"\" data-large-file=\"https:\/\/i0.wp.com\/www.tuseichholzremmighausen.de\/wordpress\/wp-content\/uploads\/2024\/02\/tus-er-eltern-kind-turnen-2024-karneval-1.jpg?fit=800%2C800&amp;ssl=1\" \/><\/a>\n\t\t\t<\/div><\/figure>\n\t\t<\/div>\n\n<p>Zu Beginn wurde zu fetziger Karnevalsmusik ein Aufw\u00e4rmtanz getanzt. Beim Fliegerlied waren alle sofort aktiv dabei und haben sofort begeistert mitgemacht. Danach konnten die Kinder, wie gewohnt, im zuvor aufgebauten Pacours toben und spielen.<\/p>\n<p>Und viel zu schnell war auch die besondere Turnstunde wieder vorbei\u2026 Zum Abschluss durften die Kinder alle einen Luftballon und einen Mini-Donut mitnehmen. Wir freuen uns schon auf das n\u00e4chste Jahr!<\/p>\n","protected":false},"excerpt":{"rendered":"<p>Am 8.2. \u2013 passend zu Weiberfastnacht \u2013 wurde auch beim Eltern-Kind-Turnen wieder die 5. Jahreszeit gefeiert. Eine sch\u00f6ne Tradition, die<\/p>\n","protected":false},"author":52,"featured_media":20820,"comment_status":"closed","ping_status":"open","sticky":false,"template":"","format":"standard","meta":{"colormag_page_container_layout":"default_layout","colormag_page_sidebar_layout":"default_layout","_jetpack_memberships_contains_paid_content":false,"footnotes":"","jetpack_publicize_message":"Alaaf beim Eltern-Kind-Turnen!","jetpack_publicize_feature_enabled":true,"jetpack_social_post_already_shared":true,"jetpack_social_options":{"image_generator_settings":{"template":"highway","default_image_id":0,"font":"","enabled":false},"version":2}},"categories":[157,165,60],"tags":[271,270,272],"class_list":["post-20815","post","type-post","status-publish","format-standard","has-post-thumbnail","hentry","category-archiv","category-startseite-ohne-fb","category-tul-aktuell","tag-eltern-kind-turnen","tag-kinderturnen","tag-turnen"],"jetpack_publicize_connections":[],"jetpack_featured_media_url":"https:\/\/i0.wp.com\/www.tuseichholzremmighausen.de\/wordpress\/wp-content\/uploads\/2024\/02\/tus-er-eltern-kind-turnen-2024-karneval-4.jpg?fit=1600%2C1200&ssl=1","jetpack_sharing_enabled":true,"_links":{"self":[{"href":"https:\/\/www.tuseichholzremmighausen.de\/wordpress\/wp-json\/wp\/v2\/posts\/20815","targetHints":{"allow":["GET"]}}],"collection":[{"href":"https:\/\/www.tuseichholzremmighausen.de\/wordpress\/wp-json\/wp\/v2\/posts"}],"about":[{"href":"https:\/\/www.tuseichholzremmighausen.de\/wordpress\/wp-json\/wp\/v2\/types\/post"}],"author":[{"embeddable":true,"href":"https:\/\/www.tuseichholzremmighausen.de\/wordpress\/wp-json\/wp\/v2\/users\/52"}],"replies":[{"embeddable":true,"href":"https:\/\/www.tuseichholzremmighausen.de\/wordpress\/wp-json\/wp\/v2\/comments?post=20815"}],"version-history":[{"count":0,"href":"https:\/\/www.tuseichholzremmighausen.de\/wordpress\/wp-json\/wp\/v2\/posts\/20815\/revisions"}],"wp:featuredmedia":[{"embeddable":true,"href":"https:\/\/www.tuseichholzremmighausen.de\/wordpress\/wp-json\/wp\/v2\/media\/20820"}],"wp:attachment":[{"href":"https:\/\/www.tuseichholzremmighausen.de\/wordpress\/wp-json\/wp\/v2\/media?parent=20815"}],"wp:term":[{"taxonomy":"category","embeddable":true,"href":"https:\/\/www.tuseichholzremmighausen.de\/wordpress\/wp-json\/wp\/v2\/categories?post=20815"},{"taxonomy":"post_tag","embeddable":true,"href":"https:\/\/www.tuseichholzremmighausen.de\/wordpress\/wp-json\/wp\/v2\/tags?post=20815"}],"curies":[{"name":"wp","href":"https:\/\/api.w.org\/{rel}","templated":true}]}}