{"id":20986,"date":"2024-03-30T02:04:05","date_gmt":"2024-03-30T01:04:05","guid":{"rendered":"https:\/\/www.tuseichholzremmighausen.de\/wordpress\/?p=20986"},"modified":"2024-03-21T09:05:31","modified_gmt":"2024-03-21T08:05:31","slug":"caro-und-jules-gehen-als-vorbild-voran","status":"publish","type":"post","link":"https:\/\/www.tuseichholzremmighausen.de\/wordpress\/archives\/20986","title":{"rendered":"Caro und Jules gehen als Vorbild voran!"},"content":{"rendered":"<p>Wir freuen uns gleich zwei neue Schiedsrichter in unserem Verein begr\u00fc\u00dfen zu d\u00fcrfen! Caro und Jules, die beide aktiv Fu\u00dfball spielen beim TuS Eichholz Remmighausen e.V.,\u00a0 haben sich dazu entschlossen, selber auch Fu\u00dfballspiele leiten zu wollen und haben den Anw\u00e4rtertest zum Schiedsrichter im Kreis Detmold bestanden.<\/p>\n<p>Wir sind sehr stolz darauf, dass sich zwei junge Menschen bereit erkl\u00e4ren, sich f\u00fcr die Gemeinschaft aktiv einzubringen!<\/p>\n<p>&nbsp;<\/p>\n<p><a href=\"https:\/\/www.tuseichholzremmighausen.de\/wordpress\/?attachment_id=20987\" rel=\"attachment wp-att-20987\"><img data-recalc-dims=\"1\" loading=\"lazy\" decoding=\"async\" data-attachment-id=\"20987\" data-permalink=\"https:\/\/www.tuseichholzremmighausen.de\/wordpress\/archives\/20986\/1-24\" data-orig-file=\"https:\/\/i0.wp.com\/www.tuseichholzremmighausen.de\/wordpress\/wp-content\/uploads\/2024\/03\/1-2-e1711007639696.jpg?fit=1536%2C802&amp;ssl=1\" data-orig-size=\"1536,802\" data-comments-opened=\"0\" data-image-meta=\"{&quot;aperture&quot;:&quot;0&quot;,&quot;credit&quot;:&quot;&quot;,&quot;camera&quot;:&quot;&quot;,&quot;caption&quot;:&quot;&quot;,&quot;created_timestamp&quot;:&quot;0&quot;,&quot;copyright&quot;:&quot;&quot;,&quot;focal_length&quot;:&quot;0&quot;,&quot;iso&quot;:&quot;0&quot;,&quot;shutter_speed&quot;:&quot;0&quot;,&quot;title&quot;:&quot;&quot;,&quot;orientation&quot;:&quot;0&quot;}\" data-image-title=\"1\" data-image-description=\"\" data-image-caption=\"\" data-large-file=\"https:\/\/i0.wp.com\/www.tuseichholzremmighausen.de\/wordpress\/wp-content\/uploads\/2024\/03\/1-2-e1711007639696.jpg?fit=800%2C418&amp;ssl=1\" class=\"aligncenter size-large wp-image-20987\" src=\"https:\/\/i0.wp.com\/www.tuseichholzremmighausen.de\/wordpress\/wp-content\/uploads\/2024\/03\/1-2.jpg?resize=768%2C1024&#038;ssl=1\" alt=\"\" width=\"768\" height=\"1024\" \/><\/a><\/p>\n","protected":false},"excerpt":{"rendered":"<p>Wir freuen uns gleich zwei neue Schiedsrichter in unserem Verein begr\u00fc\u00dfen zu d\u00fcrfen! Caro und Jules, die beide aktiv Fu\u00dfball<\/p>\n","protected":false},"author":56,"featured_media":20987,"comment_status":"closed","ping_status":"open","sticky":false,"template":"","format":"standard","meta":{"colormag_page_container_layout":"default_layout","colormag_page_sidebar_layout":"default_layout","_jetpack_memberships_contains_paid_content":false,"footnotes":"","jetpack_publicize_message":"","jetpack_publicize_feature_enabled":true,"jetpack_social_post_already_shared":true,"jetpack_social_options":{"image_generator_settings":{"template":"highway","default_image_id":0,"font":"","enabled":false},"version":2}},"categories":[157,207,204,158,254],"tags":[],"class_list":["post-20986","post","type-post","status-publish","format-standard","has-post-thumbnail","hentry","category-archiv","category-b-juniorinnen","category-d-junioren","category-fb-jugend-aktuell","category-fb-weiblich-aktuell"],"jetpack_publicize_connections":[],"jetpack_featured_media_url":"https:\/\/i0.wp.com\/www.tuseichholzremmighausen.de\/wordpress\/wp-content\/uploads\/2024\/03\/1-2-e1711007639696.jpg?fit=1536%2C802&ssl=1","jetpack_sharing_enabled":true,"_links":{"self":[{"href":"https:\/\/www.tuseichholzremmighausen.de\/wordpress\/wp-json\/wp\/v2\/posts\/20986","targetHints":{"allow":["GET"]}}],"collection":[{"href":"https:\/\/www.tuseichholzremmighausen.de\/wordpress\/wp-json\/wp\/v2\/posts"}],"about":[{"href":"https:\/\/www.tuseichholzremmighausen.de\/wordpress\/wp-json\/wp\/v2\/types\/post"}],"author":[{"embeddable":true,"href":"https:\/\/www.tuseichholzremmighausen.de\/wordpress\/wp-json\/wp\/v2\/users\/56"}],"replies":[{"embeddable":true,"href":"https:\/\/www.tuseichholzremmighausen.de\/wordpress\/wp-json\/wp\/v2\/comments?post=20986"}],"version-history":[{"count":0,"href":"https:\/\/www.tuseichholzremmighausen.de\/wordpress\/wp-json\/wp\/v2\/posts\/20986\/revisions"}],"wp:featuredmedia":[{"embeddable":true,"href":"https:\/\/www.tuseichholzremmighausen.de\/wordpress\/wp-json\/wp\/v2\/media\/20987"}],"wp:attachment":[{"href":"https:\/\/www.tuseichholzremmighausen.de\/wordpress\/wp-json\/wp\/v2\/media?parent=20986"}],"wp:term":[{"taxonomy":"category","embeddable":true,"href":"https:\/\/www.tuseichholzremmighausen.de\/wordpress\/wp-json\/wp\/v2\/categories?post=20986"},{"taxonomy":"post_tag","embeddable":true,"href":"https:\/\/www.tuseichholzremmighausen.de\/wordpress\/wp-json\/wp\/v2\/tags?post=20986"}],"curies":[{"name":"wp","href":"https:\/\/api.w.org\/{rel}","templated":true}]}}