{"id":21038,"date":"2024-04-07T17:34:16","date_gmt":"2024-04-07T15:34:16","guid":{"rendered":"https:\/\/www.tuseichholzremmighausen.de\/wordpress\/?p=21038"},"modified":"2024-04-07T17:34:16","modified_gmt":"2024-04-07T15:34:16","slug":"besuch-auf-dem-detmolder-fruehlingsfest","status":"publish","type":"post","link":"https:\/\/www.tuseichholzremmighausen.de\/wordpress\/archives\/21038","title":{"rendered":"Besuch auf dem Detmolder Fr\u00fchlingsfest"},"content":{"rendered":"<p>Unter dem Motto &#8222;Fit ins Fr\u00fchjahr&#8220; pr\u00e4sentierten sich zahlreiche Detmolder Sportvereine im Bereich des Marktplatzes. Es wurden unterschiedliche M\u00f6glichkeiten gezeigt um sich sportlich zu bet\u00e4tigen.<\/p>\n<p><!--more--><\/p>\n<p>Als Besucher war es sch\u00f6n zu sehen das gerade der TuS stark vertreten war. Unsere Inklusionsmannschaft und die LG Lippe S\u00fcd waren vor Ort und animierten zum Mitmachen. <a href=\"https:\/\/i0.wp.com\/www.tuseichholzremmighausen.de\/wordpress\/wp-content\/uploads\/2024\/04\/IMG_20240407_163834_800_x_600_pixel.jpg?ssl=1\"><img data-recalc-dims=\"1\" loading=\"lazy\" decoding=\"async\" data-attachment-id=\"21036\" data-permalink=\"https:\/\/www.tuseichholzremmighausen.de\/wordpress\/archives\/21038\/img_20240407_163834_800_x_600_pixel\" data-orig-file=\"https:\/\/i0.wp.com\/www.tuseichholzremmighausen.de\/wordpress\/wp-content\/uploads\/2024\/04\/IMG_20240407_163834_800_x_600_pixel.jpg?fit=800%2C600&amp;ssl=1\" data-orig-size=\"800,600\" data-comments-opened=\"0\" data-image-meta=\"{&quot;aperture&quot;:&quot;1.8&quot;,&quot;credit&quot;:&quot;&quot;,&quot;camera&quot;:&quot;SM-G980F&quot;,&quot;caption&quot;:&quot;&quot;,&quot;created_timestamp&quot;:&quot;1712494899&quot;,&quot;copyright&quot;:&quot;&quot;,&quot;focal_length&quot;:&quot;5.4&quot;,&quot;iso&quot;:&quot;50&quot;,&quot;shutter_speed&quot;:&quot;0.0006&quot;,&quot;title&quot;:&quot;&quot;,&quot;orientation&quot;:&quot;0&quot;}\" data-image-title=\"IMG_20240407_163834_(800_x_600_pixel)\" data-image-description=\"\" data-image-caption=\"\" data-large-file=\"https:\/\/i0.wp.com\/www.tuseichholzremmighausen.de\/wordpress\/wp-content\/uploads\/2024\/04\/IMG_20240407_163834_800_x_600_pixel.jpg?fit=800%2C600&amp;ssl=1\" class=\"aligncenter size-full wp-image-21036\" src=\"https:\/\/i0.wp.com\/www.tuseichholzremmighausen.de\/wordpress\/wp-content\/uploads\/2024\/04\/IMG_20240407_163834_800_x_600_pixel.jpg?resize=800%2C600&#038;ssl=1\" alt=\"\" width=\"800\" height=\"600\" srcset=\"https:\/\/i0.wp.com\/www.tuseichholzremmighausen.de\/wordpress\/wp-content\/uploads\/2024\/04\/IMG_20240407_163834_800_x_600_pixel.jpg?w=800&amp;ssl=1 800w, https:\/\/i0.wp.com\/www.tuseichholzremmighausen.de\/wordpress\/wp-content\/uploads\/2024\/04\/IMG_20240407_163834_800_x_600_pixel.jpg?resize=300%2C225&amp;ssl=1 300w, https:\/\/i0.wp.com\/www.tuseichholzremmighausen.de\/wordpress\/wp-content\/uploads\/2024\/04\/IMG_20240407_163834_800_x_600_pixel.jpg?resize=768%2C576&amp;ssl=1 768w\" sizes=\"auto, (max-width: 800px) 100vw, 800px\" \/><\/a><\/p>\n<p>Dagmar und Thomas Husemann schafften es schlie\u00dflich mich dazu zu bringen meine Weitsprung F\u00e4higkeiten zu testen. Um es vorweg zu nehmen ich war nicht schlecht f\u00fcr mein Alter. \ud83d\ude42 Auch unser Ehrenvorsitzender Detlef Wilberg war vor Ort und gratulierte mir zu meiner Leistung. \ud83d\ude09 Da mein &#8222;Quiz der Woche&#8220; nicht so die Resonanz gefunden hat und auch nicht weitergef\u00fchrt wird m\u00f6chte ich euch trotzdem die M\u00f6glichkeit geben meine Sensationsweite auf dem nachfolgenden Bild zu finden und bei Facebook mit einem Like oder Kommentar zu kommentieren. \ud83d\ude09<a href=\"https:\/\/i0.wp.com\/www.tuseichholzremmighausen.de\/wordpress\/wp-content\/uploads\/2024\/04\/IMG_20240407_163719_800_x_600_pixel.jpg?ssl=1\"><img data-recalc-dims=\"1\" loading=\"lazy\" decoding=\"async\" data-attachment-id=\"21034\" data-permalink=\"https:\/\/www.tuseichholzremmighausen.de\/wordpress\/archives\/21038\/img_20240407_163719_800_x_600_pixel\" data-orig-file=\"https:\/\/i0.wp.com\/www.tuseichholzremmighausen.de\/wordpress\/wp-content\/uploads\/2024\/04\/IMG_20240407_163719_800_x_600_pixel.jpg?fit=800%2C600&amp;ssl=1\" data-orig-size=\"800,600\" data-comments-opened=\"0\" data-image-meta=\"{&quot;aperture&quot;:&quot;1.8&quot;,&quot;credit&quot;:&quot;&quot;,&quot;camera&quot;:&quot;SM-G980F&quot;,&quot;caption&quot;:&quot;&quot;,&quot;created_timestamp&quot;:&quot;1712502235&quot;,&quot;copyright&quot;:&quot;&quot;,&quot;focal_length&quot;:&quot;5.4&quot;,&quot;iso&quot;:&quot;50&quot;,&quot;shutter_speed&quot;:&quot;0.0004&quot;,&quot;title&quot;:&quot;&quot;,&quot;orientation&quot;:&quot;0&quot;}\" data-image-title=\"IMG_20240407_163719_(800_x_600_pixel)\" data-image-description=\"\" data-image-caption=\"\" data-large-file=\"https:\/\/i0.wp.com\/www.tuseichholzremmighausen.de\/wordpress\/wp-content\/uploads\/2024\/04\/IMG_20240407_163719_800_x_600_pixel.jpg?fit=800%2C600&amp;ssl=1\" class=\"aligncenter size-full wp-image-21034\" src=\"https:\/\/i0.wp.com\/www.tuseichholzremmighausen.de\/wordpress\/wp-content\/uploads\/2024\/04\/IMG_20240407_163719_800_x_600_pixel.jpg?resize=800%2C600&#038;ssl=1\" alt=\"\" width=\"800\" height=\"600\" srcset=\"https:\/\/i0.wp.com\/www.tuseichholzremmighausen.de\/wordpress\/wp-content\/uploads\/2024\/04\/IMG_20240407_163719_800_x_600_pixel.jpg?w=800&amp;ssl=1 800w, https:\/\/i0.wp.com\/www.tuseichholzremmighausen.de\/wordpress\/wp-content\/uploads\/2024\/04\/IMG_20240407_163719_800_x_600_pixel.jpg?resize=300%2C225&amp;ssl=1 300w, https:\/\/i0.wp.com\/www.tuseichholzremmighausen.de\/wordpress\/wp-content\/uploads\/2024\/04\/IMG_20240407_163719_800_x_600_pixel.jpg?resize=768%2C576&amp;ssl=1 768w\" sizes=\"auto, (max-width: 800px) 100vw, 800px\" \/><\/a><\/p>\n<p>Als Besucher hat es viel Spa\u00df gemacht . Nicht nur bei der LG Lippe S\u00fcd unter der Leitung von Klaus Brand. Sondern auch bei der Inklusionsmannschaft unter der Leitung von Mohamed Ben Ayed .<a href=\"https:\/\/i0.wp.com\/www.tuseichholzremmighausen.de\/wordpress\/wp-content\/uploads\/2024\/04\/IMG_20240407_163607_800_x_600_pixel.jpg?ssl=1\"><img data-recalc-dims=\"1\" loading=\"lazy\" decoding=\"async\" data-attachment-id=\"21033\" data-permalink=\"https:\/\/www.tuseichholzremmighausen.de\/wordpress\/archives\/21038\/img_20240407_163607_800_x_600_pixel\" data-orig-file=\"https:\/\/i0.wp.com\/www.tuseichholzremmighausen.de\/wordpress\/wp-content\/uploads\/2024\/04\/IMG_20240407_163607_800_x_600_pixel.jpg?fit=800%2C600&amp;ssl=1\" data-orig-size=\"800,600\" data-comments-opened=\"0\" data-image-meta=\"{&quot;aperture&quot;:&quot;1.8&quot;,&quot;credit&quot;:&quot;&quot;,&quot;camera&quot;:&quot;SM-G980F&quot;,&quot;caption&quot;:&quot;&quot;,&quot;created_timestamp&quot;:&quot;1712502502&quot;,&quot;copyright&quot;:&quot;&quot;,&quot;focal_length&quot;:&quot;5.4&quot;,&quot;iso&quot;:&quot;50&quot;,&quot;shutter_speed&quot;:&quot;0.0014&quot;,&quot;title&quot;:&quot;&quot;,&quot;orientation&quot;:&quot;0&quot;}\" data-image-title=\"IMG_20240407_163607_(800_x_600_pixel)\" data-image-description=\"\" data-image-caption=\"\" data-large-file=\"https:\/\/i0.wp.com\/www.tuseichholzremmighausen.de\/wordpress\/wp-content\/uploads\/2024\/04\/IMG_20240407_163607_800_x_600_pixel.jpg?fit=800%2C600&amp;ssl=1\" class=\"aligncenter size-full wp-image-21033\" src=\"https:\/\/i0.wp.com\/www.tuseichholzremmighausen.de\/wordpress\/wp-content\/uploads\/2024\/04\/IMG_20240407_163607_800_x_600_pixel.jpg?resize=800%2C600&#038;ssl=1\" alt=\"\" width=\"800\" height=\"600\" srcset=\"https:\/\/i0.wp.com\/www.tuseichholzremmighausen.de\/wordpress\/wp-content\/uploads\/2024\/04\/IMG_20240407_163607_800_x_600_pixel.jpg?w=800&amp;ssl=1 800w, https:\/\/i0.wp.com\/www.tuseichholzremmighausen.de\/wordpress\/wp-content\/uploads\/2024\/04\/IMG_20240407_163607_800_x_600_pixel.jpg?resize=300%2C225&amp;ssl=1 300w, https:\/\/i0.wp.com\/www.tuseichholzremmighausen.de\/wordpress\/wp-content\/uploads\/2024\/04\/IMG_20240407_163607_800_x_600_pixel.jpg?resize=768%2C576&amp;ssl=1 768w\" sizes=\"auto, (max-width: 800px) 100vw, 800px\" \/><\/a><\/p>\n<p>Aber auch bei allen anderen Vereinen war viel Spa\u00df und Sport bei herrlichen Wetter angesagt. Mir hat es viel Spa\u00df gemacht und unser Verein hat sich dort prima pr\u00e4sentiert. Ein Sonntag zum genie\u00dfen \ud83d\ude09<\/p>\n","protected":false},"excerpt":{"rendered":"<p>Unter dem Motto &#8222;Fit ins Fr\u00fchjahr&#8220; pr\u00e4sentierten sich zahlreiche Detmolder Sportvereine im Bereich des Marktplatzes. Es wurden unterschiedliche M\u00f6glichkeiten gezeigt<\/p>\n","protected":false},"author":14,"featured_media":21035,"comment_status":"closed","ping_status":"open","sticky":false,"template":"","format":"standard","meta":{"colormag_page_container_layout":"default_layout","colormag_page_sidebar_layout":"default_layout","_jetpack_memberships_contains_paid_content":false,"footnotes":"","jetpack_publicize_message":"","jetpack_publicize_feature_enabled":true,"jetpack_social_post_already_shared":true,"jetpack_social_options":{"image_generator_settings":{"template":"highway","default_image_id":0,"font":"","enabled":false},"version":2}},"categories":[157,250,60,162],"tags":[],"class_list":["post-21038","post","type-post","status-publish","format-standard","has-post-thumbnail","hentry","category-archiv","category-inklusion","category-tul-aktuell","category-tus-aktuell"],"jetpack_publicize_connections":[],"jetpack_featured_media_url":"https:\/\/i0.wp.com\/www.tuseichholzremmighausen.de\/wordpress\/wp-content\/uploads\/2024\/04\/IMG_20240407_163756_800_x_600_pixel.jpg?fit=800%2C600&ssl=1","jetpack_sharing_enabled":true,"_links":{"self":[{"href":"https:\/\/www.tuseichholzremmighausen.de\/wordpress\/wp-json\/wp\/v2\/posts\/21038","targetHints":{"allow":["GET"]}}],"collection":[{"href":"https:\/\/www.tuseichholzremmighausen.de\/wordpress\/wp-json\/wp\/v2\/posts"}],"about":[{"href":"https:\/\/www.tuseichholzremmighausen.de\/wordpress\/wp-json\/wp\/v2\/types\/post"}],"author":[{"embeddable":true,"href":"https:\/\/www.tuseichholzremmighausen.de\/wordpress\/wp-json\/wp\/v2\/users\/14"}],"replies":[{"embeddable":true,"href":"https:\/\/www.tuseichholzremmighausen.de\/wordpress\/wp-json\/wp\/v2\/comments?post=21038"}],"version-history":[{"count":0,"href":"https:\/\/www.tuseichholzremmighausen.de\/wordpress\/wp-json\/wp\/v2\/posts\/21038\/revisions"}],"wp:featuredmedia":[{"embeddable":true,"href":"https:\/\/www.tuseichholzremmighausen.de\/wordpress\/wp-json\/wp\/v2\/media\/21035"}],"wp:attachment":[{"href":"https:\/\/www.tuseichholzremmighausen.de\/wordpress\/wp-json\/wp\/v2\/media?parent=21038"}],"wp:term":[{"taxonomy":"category","embeddable":true,"href":"https:\/\/www.tuseichholzremmighausen.de\/wordpress\/wp-json\/wp\/v2\/categories?post=21038"},{"taxonomy":"post_tag","embeddable":true,"href":"https:\/\/www.tuseichholzremmighausen.de\/wordpress\/wp-json\/wp\/v2\/tags?post=21038"}],"curies":[{"name":"wp","href":"https:\/\/api.w.org\/{rel}","templated":true}]}}