{"id":21291,"date":"2024-04-30T09:35:21","date_gmt":"2024-04-30T07:35:21","guid":{"rendered":"https:\/\/www.tuseichholzremmighausen.de\/wordpress\/?p=21291"},"modified":"2024-04-30T09:35:21","modified_gmt":"2024-04-30T07:35:21","slug":"landrat-axel-lehmann-zeichnet-die-lippischen-la-jahresbesten-2023-aus-tus-eichholz-remmighausen-e-v-gleich-zweimal-vertreten","status":"publish","type":"post","link":"https:\/\/www.tuseichholzremmighausen.de\/wordpress\/archives\/21291","title":{"rendered":"Landrat Axel Lehmann zeichnet die lippischen LA-Jahresbesten 2023 aus TuS Eichholz-Remmighausen e.V. gleich zweimal (!) vertreten"},"content":{"rendered":"<p>\u201eNat\u00fcrlich stehe ich daf\u00fcr zur Verf\u00fcgung\u201c, hatte Landrat Dr. Axel Lehmann sofort zugesagt, als vom Kreis-Leichtathletik-Ausschuss Lippe um einen Termin f\u00fcr die Jahresbestenehrung 2023 im Kreishaus nachgefragt worden war. Bis Corona hatte diese Tradition seit Jahrzehnten f\u00fcr viel Freude und Motivation bei den Leichtathleten gesorgt, und nun sollte dies fortgesetzt werden. Der Jugendausschuss des Kreises &#8211; mit Jugendwart Dr. Guido Mertens, Jugendwartin Annett Schmid und Sch\u00fclerwart Justus Stahlberg &#8211; hatte sich viel M\u00fche gemacht, um die Auserw\u00e4hlten zu finden und diese zu ehren. <\/p>\n<p>Und \u201edass alle ausnahmslos sich zur\u00fcck gemeldet hatten, zeigt die Wertsch\u00e4tzung, die dieser Veranstaltung entgegen gebracht wird,\u201c brachte KLO Klaus Brand zum Ausdruck, nachdem er in seiner Begr\u00fc\u00dfung Gr\u00fc\u00dfe der Kreisvorsitzenden \u00fcberbracht und Kriterien f\u00fcr die Auswahl verdeutlicht hatte. Der Landrat begl\u00fcckw\u00fcnschte die anwesenden Jugendlichen f\u00fcr ihre Leistungen, dankte den Trainern und Eltern f\u00fcr Aufbau und Unterst\u00fctzung und hoffte, dass die heutige Ehrung nicht das Ende, sondern erst der Anfang einer Karriere sein w\u00fcrde, wobei er noch nicht die kommende Olympiade im Auge habe. Denn dass sei allerdings nicht unm\u00f6glich, denn In Lippe war dies schlie\u00dflich schon mehrfach gelungen.<\/p>\n<p>Dann waren die Aktiven dran, um die schmucken Pokale mit einer jeweiligen kurzen Laudatio unter Beifall aller vom Landrat in Empfang zu nehmen. F\u00fcr 2023 waren es:<br \/>\nU18: Ole Herlemann (LG Lippe-S\u00fcd) und Mirja Gutzeit (Stabhochsprungverein Horn-Bad Meinberg) &#8211; MW15: Karl-Luis Eickmeier (LG Lage-Detmold-Bad Salzuflen) und Berit Ringel (LG Lippe-S\u00fcd), MW14: Adrian Silas Mertens und Miranda Wolf (beide LG Lippe-S\u00fcd), MW13: Paul Theo Eickmeier und Annelie Oest (beide LG Lage-Detmold-Bad Salzuflen) &#8211; MW12: Linus P\u00f6hl und Greta Spie\u00df (beide LG Lippe-S\u00fcd), MW11: Linus Reinhardt (LG Lage-Detmold-Bad Salzuflen) und Emma Singh (LG Lippe-S\u00fcd) \/ Lena Hoppmann (LG Lemgo), MW10: Emilia Kr\u00fcger (LG Lippe-S\u00fcd) und Tom Rose (LG Lage-Detmold-Bad Salzuflen)<\/p>\n<p>Die Sonderpreise f\u00fcr 2023 erhielten:<br \/>\nJosefine Harms (U18), Jannis Brand  (M15, beide LG Lippe-S\u00fcd) &#8211; Eva Wilcke (W15,- Melissa Petkau (W14, beide Stabhochsprungverein Horn-Bad Meinberg) &#8211; Amanda Schr\u00f6der (W14, LG Lage-Detmold-Bad Salzuflen) &#8211; Julian Kr\u00fcger (M13, LG Lippe-S\u00fcd) &#8211; Annika Klippenstein (W13,  Stabhochsprungverein Horn-Bad Meinberg) &#8211; Lale Luise Mesch (W12, LG Lippe-S\u00fcd).<\/p>\n<p>Zum Abschluss stellten sich alle Geehrten, eingerahmt von Dr. Axel Lehmann und .Guido Mertens im Hintergrund und Annett Schmid und Klaus Brand rechts , dem Blitzlichtgewitter der Eltern und Frau Kalkreuter vom Landratsb\u00fcro.<\/p>\n<p>Bericht und Fotos: Klaus Brand<\/p>\n","protected":false},"excerpt":{"rendered":"<p>\u201eNat\u00fcrlich stehe ich daf\u00fcr zur Verf\u00fcgung\u201c, hatte Landrat Dr. Axel Lehmann sofort zugesagt, als vom Kreis-Leichtathletik-Ausschuss Lippe um einen Termin<\/p>\n","protected":false},"author":56,"featured_media":21292,"comment_status":"closed","ping_status":"open","sticky":false,"template":"","format":"standard","meta":{"colormag_page_container_layout":"default_layout","colormag_page_sidebar_layout":"default_layout","_jetpack_memberships_contains_paid_content":false,"footnotes":"","jetpack_publicize_message":"","jetpack_publicize_feature_enabled":true,"jetpack_social_post_already_shared":true,"jetpack_social_options":{"image_generator_settings":{"template":"highway","default_image_id":0,"font":"","enabled":false},"version":2}},"categories":[157,60],"tags":[],"class_list":["post-21291","post","type-post","status-publish","format-standard","has-post-thumbnail","hentry","category-archiv","category-tul-aktuell"],"jetpack_publicize_connections":[],"jetpack_featured_media_url":"https:\/\/i0.wp.com\/www.tuseichholzremmighausen.de\/wordpress\/wp-content\/uploads\/2024\/04\/1-1.jpg?fit=640%2C360&ssl=1","jetpack_sharing_enabled":true,"_links":{"self":[{"href":"https:\/\/www.tuseichholzremmighausen.de\/wordpress\/wp-json\/wp\/v2\/posts\/21291","targetHints":{"allow":["GET"]}}],"collection":[{"href":"https:\/\/www.tuseichholzremmighausen.de\/wordpress\/wp-json\/wp\/v2\/posts"}],"about":[{"href":"https:\/\/www.tuseichholzremmighausen.de\/wordpress\/wp-json\/wp\/v2\/types\/post"}],"author":[{"embeddable":true,"href":"https:\/\/www.tuseichholzremmighausen.de\/wordpress\/wp-json\/wp\/v2\/users\/56"}],"replies":[{"embeddable":true,"href":"https:\/\/www.tuseichholzremmighausen.de\/wordpress\/wp-json\/wp\/v2\/comments?post=21291"}],"version-history":[{"count":0,"href":"https:\/\/www.tuseichholzremmighausen.de\/wordpress\/wp-json\/wp\/v2\/posts\/21291\/revisions"}],"wp:featuredmedia":[{"embeddable":true,"href":"https:\/\/www.tuseichholzremmighausen.de\/wordpress\/wp-json\/wp\/v2\/media\/21292"}],"wp:attachment":[{"href":"https:\/\/www.tuseichholzremmighausen.de\/wordpress\/wp-json\/wp\/v2\/media?parent=21291"}],"wp:term":[{"taxonomy":"category","embeddable":true,"href":"https:\/\/www.tuseichholzremmighausen.de\/wordpress\/wp-json\/wp\/v2\/categories?post=21291"},{"taxonomy":"post_tag","embeddable":true,"href":"https:\/\/www.tuseichholzremmighausen.de\/wordpress\/wp-json\/wp\/v2\/tags?post=21291"}],"curies":[{"name":"wp","href":"https:\/\/api.w.org\/{rel}","templated":true}]}}