{"id":21294,"date":"2024-05-02T17:00:29","date_gmt":"2024-05-02T15:00:29","guid":{"rendered":"https:\/\/www.tuseichholzremmighausen.de\/wordpress\/?p=21294"},"modified":"2024-05-02T14:20:06","modified_gmt":"2024-05-02T12:20:06","slug":"ein-voller-erfolg-fuer-die-inklusion","status":"publish","type":"post","link":"https:\/\/www.tuseichholzremmighausen.de\/wordpress\/archives\/21294","title":{"rendered":"Ein voller Erfolg f\u00fcr die Inklusion!"},"content":{"rendered":"<p>Am vergangenen Samstag waren wir von der Inklusionsmannschaft des TuS Eichholz-Remmighausen zum &#8222;Tag der Inklusion&#8220; auf dem Kaiser-Wilhelm-Platz mit einem Stand vertreten.<\/p>\n<p><img data-recalc-dims=\"1\" loading=\"lazy\" decoding=\"async\" data-attachment-id=\"21295\" data-permalink=\"https:\/\/www.tuseichholzremmighausen.de\/wordpress\/archives\/21294\/whatsapp-bild-2024-04-27-um-15-07-58_c98ed03d\" data-orig-file=\"https:\/\/i0.wp.com\/www.tuseichholzremmighausen.de\/wordpress\/wp-content\/uploads\/2024\/05\/WhatsApp-Bild-2024-04-27-um-15.07.58_c98ed03d.jpg?fit=2000%2C1500&amp;ssl=1\" data-orig-size=\"2000,1500\" data-comments-opened=\"0\" data-image-meta=\"{&quot;aperture&quot;:&quot;0&quot;,&quot;credit&quot;:&quot;&quot;,&quot;camera&quot;:&quot;&quot;,&quot;caption&quot;:&quot;&quot;,&quot;created_timestamp&quot;:&quot;0&quot;,&quot;copyright&quot;:&quot;&quot;,&quot;focal_length&quot;:&quot;0&quot;,&quot;iso&quot;:&quot;0&quot;,&quot;shutter_speed&quot;:&quot;0&quot;,&quot;title&quot;:&quot;&quot;,&quot;orientation&quot;:&quot;0&quot;}\" data-image-title=\"Stand Inklusionstag\" data-image-description=\"\" data-image-caption=\"\" data-large-file=\"https:\/\/i0.wp.com\/www.tuseichholzremmighausen.de\/wordpress\/wp-content\/uploads\/2024\/05\/WhatsApp-Bild-2024-04-27-um-15.07.58_c98ed03d.jpg?fit=800%2C600&amp;ssl=1\" class=\"aligncenter size-large wp-image-21295\" src=\"https:\/\/i0.wp.com\/www.tuseichholzremmighausen.de\/wordpress\/wp-content\/uploads\/2024\/05\/WhatsApp-Bild-2024-04-27-um-15.07.58_c98ed03d.jpg?resize=800%2C600&#038;ssl=1\" alt=\"\" width=\"800\" height=\"600\" srcset=\"https:\/\/i0.wp.com\/www.tuseichholzremmighausen.de\/wordpress\/wp-content\/uploads\/2024\/05\/WhatsApp-Bild-2024-04-27-um-15.07.58_c98ed03d.jpg?resize=1024%2C768&amp;ssl=1 1024w, https:\/\/i0.wp.com\/www.tuseichholzremmighausen.de\/wordpress\/wp-content\/uploads\/2024\/05\/WhatsApp-Bild-2024-04-27-um-15.07.58_c98ed03d.jpg?resize=300%2C225&amp;ssl=1 300w, https:\/\/i0.wp.com\/www.tuseichholzremmighausen.de\/wordpress\/wp-content\/uploads\/2024\/05\/WhatsApp-Bild-2024-04-27-um-15.07.58_c98ed03d.jpg?resize=768%2C576&amp;ssl=1 768w, https:\/\/i0.wp.com\/www.tuseichholzremmighausen.de\/wordpress\/wp-content\/uploads\/2024\/05\/WhatsApp-Bild-2024-04-27-um-15.07.58_c98ed03d.jpg?resize=1536%2C1152&amp;ssl=1 1536w, https:\/\/i0.wp.com\/www.tuseichholzremmighausen.de\/wordpress\/wp-content\/uploads\/2024\/05\/WhatsApp-Bild-2024-04-27-um-15.07.58_c98ed03d.jpg?w=2000&amp;ssl=1 2000w, https:\/\/i0.wp.com\/www.tuseichholzremmighausen.de\/wordpress\/wp-content\/uploads\/2024\/05\/WhatsApp-Bild-2024-04-27-um-15.07.58_c98ed03d.jpg?w=1600&amp;ssl=1 1600w\" sizes=\"auto, (max-width: 800px) 100vw, 800px\" \/><\/p>\n<p>An zwei Stationen konnten Klein und Gro\u00df mit sehr viel Engagement und Spa\u00df bei uns mitmachen. Man konnte sein Gl\u00fcck an der Torwand versuchen, die netterweise vom H\u00fcpfburgenverleih Tacke gesponsert wurde. Vielen Dank daf\u00fcr!<\/p>\n<p><img data-recalc-dims=\"1\" loading=\"lazy\" decoding=\"async\" data-attachment-id=\"21297\" data-permalink=\"https:\/\/www.tuseichholzremmighausen.de\/wordpress\/archives\/21294\/hilker-shot\" data-orig-file=\"https:\/\/i0.wp.com\/www.tuseichholzremmighausen.de\/wordpress\/wp-content\/uploads\/2024\/05\/Hilker-shot.jpg?fit=1536%2C1152&amp;ssl=1\" data-orig-size=\"1536,1152\" data-comments-opened=\"0\" data-image-meta=\"{&quot;aperture&quot;:&quot;0&quot;,&quot;credit&quot;:&quot;&quot;,&quot;camera&quot;:&quot;&quot;,&quot;caption&quot;:&quot;&quot;,&quot;created_timestamp&quot;:&quot;0&quot;,&quot;copyright&quot;:&quot;&quot;,&quot;focal_length&quot;:&quot;0&quot;,&quot;iso&quot;:&quot;0&quot;,&quot;shutter_speed&quot;:&quot;0&quot;,&quot;title&quot;:&quot;&quot;,&quot;orientation&quot;:&quot;0&quot;}\" data-image-title=\"Hilker shot\" data-image-description=\"\" data-image-caption=\"\" data-large-file=\"https:\/\/i0.wp.com\/www.tuseichholzremmighausen.de\/wordpress\/wp-content\/uploads\/2024\/05\/Hilker-shot.jpg?fit=800%2C600&amp;ssl=1\" class=\"aligncenter wp-image-21297 size-large\" src=\"https:\/\/i0.wp.com\/www.tuseichholzremmighausen.de\/wordpress\/wp-content\/uploads\/2024\/05\/Hilker-shot.jpg?resize=800%2C600&#038;ssl=1\" alt=\"\" width=\"800\" height=\"600\" srcset=\"https:\/\/i0.wp.com\/www.tuseichholzremmighausen.de\/wordpress\/wp-content\/uploads\/2024\/05\/Hilker-shot.jpg?resize=1024%2C768&amp;ssl=1 1024w, https:\/\/i0.wp.com\/www.tuseichholzremmighausen.de\/wordpress\/wp-content\/uploads\/2024\/05\/Hilker-shot.jpg?resize=300%2C225&amp;ssl=1 300w, https:\/\/i0.wp.com\/www.tuseichholzremmighausen.de\/wordpress\/wp-content\/uploads\/2024\/05\/Hilker-shot.jpg?resize=768%2C576&amp;ssl=1 768w, https:\/\/i0.wp.com\/www.tuseichholzremmighausen.de\/wordpress\/wp-content\/uploads\/2024\/05\/Hilker-shot.jpg?w=1536&amp;ssl=1 1536w\" sizes=\"auto, (max-width: 800px) 100vw, 800px\" \/><\/p>\n<p style=\"text-align: left\">Oder auch sein K\u00f6nnen bei einem Parkour mit Torabschluss\u00fcbung unter Beweis stellen.<\/p>\n<p>Es gab f\u00fcr alle Teilnehmenden tolle Preise zu gewinnen, wie zum Beispiel Medaillen und viele tolle Dinge vom TuS wie Frisbees, Sticker, Kugelschreiber, Armb\u00e4nder und vieles mehr.<\/p>\n<p><img data-recalc-dims=\"1\" loading=\"lazy\" decoding=\"async\" data-attachment-id=\"21298\" data-permalink=\"https:\/\/www.tuseichholzremmighausen.de\/wordpress\/archives\/21294\/merch\" data-orig-file=\"https:\/\/i0.wp.com\/www.tuseichholzremmighausen.de\/wordpress\/wp-content\/uploads\/2024\/05\/Merch.jpg?fit=1536%2C1152&amp;ssl=1\" data-orig-size=\"1536,1152\" data-comments-opened=\"0\" data-image-meta=\"{&quot;aperture&quot;:&quot;0&quot;,&quot;credit&quot;:&quot;&quot;,&quot;camera&quot;:&quot;&quot;,&quot;caption&quot;:&quot;&quot;,&quot;created_timestamp&quot;:&quot;0&quot;,&quot;copyright&quot;:&quot;&quot;,&quot;focal_length&quot;:&quot;0&quot;,&quot;iso&quot;:&quot;0&quot;,&quot;shutter_speed&quot;:&quot;0&quot;,&quot;title&quot;:&quot;&quot;,&quot;orientation&quot;:&quot;0&quot;}\" data-image-title=\"Merch\" data-image-description=\"\" data-image-caption=\"\" data-large-file=\"https:\/\/i0.wp.com\/www.tuseichholzremmighausen.de\/wordpress\/wp-content\/uploads\/2024\/05\/Merch.jpg?fit=800%2C600&amp;ssl=1\" class=\"aligncenter size-large wp-image-21298\" src=\"https:\/\/i0.wp.com\/www.tuseichholzremmighausen.de\/wordpress\/wp-content\/uploads\/2024\/05\/Merch.jpg?resize=800%2C600&#038;ssl=1\" alt=\"\" width=\"800\" height=\"600\" srcset=\"https:\/\/i0.wp.com\/www.tuseichholzremmighausen.de\/wordpress\/wp-content\/uploads\/2024\/05\/Merch.jpg?resize=1024%2C768&amp;ssl=1 1024w, https:\/\/i0.wp.com\/www.tuseichholzremmighausen.de\/wordpress\/wp-content\/uploads\/2024\/05\/Merch.jpg?resize=300%2C225&amp;ssl=1 300w, https:\/\/i0.wp.com\/www.tuseichholzremmighausen.de\/wordpress\/wp-content\/uploads\/2024\/05\/Merch.jpg?resize=768%2C576&amp;ssl=1 768w, https:\/\/i0.wp.com\/www.tuseichholzremmighausen.de\/wordpress\/wp-content\/uploads\/2024\/05\/Merch.jpg?w=1536&amp;ssl=1 1536w\" sizes=\"auto, (max-width: 800px) 100vw, 800px\" \/><\/p>\n<p>Wir konnten die Wichtigkeit der Sport- und Freizeit-Aktivit\u00e4ten (Fu\u00dfball) f\u00fcr Menschen mit Beeintr\u00e4chtigungen auf der B\u00fchne schildern und motivieren, dass wir diesen Menschen noch mehr Alternativen anbieten m\u00fcssen.<\/p>\n<p><img data-recalc-dims=\"1\" loading=\"lazy\" decoding=\"async\" data-attachment-id=\"21299\" data-permalink=\"https:\/\/www.tuseichholzremmighausen.de\/wordpress\/archives\/21294\/banner2\" data-orig-file=\"https:\/\/i0.wp.com\/www.tuseichholzremmighausen.de\/wordpress\/wp-content\/uploads\/2024\/05\/Banner2.jpg?fit=1536%2C1152&amp;ssl=1\" data-orig-size=\"1536,1152\" data-comments-opened=\"0\" data-image-meta=\"{&quot;aperture&quot;:&quot;0&quot;,&quot;credit&quot;:&quot;&quot;,&quot;camera&quot;:&quot;&quot;,&quot;caption&quot;:&quot;&quot;,&quot;created_timestamp&quot;:&quot;0&quot;,&quot;copyright&quot;:&quot;&quot;,&quot;focal_length&quot;:&quot;0&quot;,&quot;iso&quot;:&quot;0&quot;,&quot;shutter_speed&quot;:&quot;0&quot;,&quot;title&quot;:&quot;&quot;,&quot;orientation&quot;:&quot;0&quot;}\" data-image-title=\"Banner2\" data-image-description=\"\" data-image-caption=\"\" data-large-file=\"https:\/\/i0.wp.com\/www.tuseichholzremmighausen.de\/wordpress\/wp-content\/uploads\/2024\/05\/Banner2.jpg?fit=800%2C600&amp;ssl=1\" class=\"aligncenter size-large wp-image-21299\" src=\"https:\/\/i0.wp.com\/www.tuseichholzremmighausen.de\/wordpress\/wp-content\/uploads\/2024\/05\/Banner2.jpg?resize=800%2C600&#038;ssl=1\" alt=\"\" width=\"800\" height=\"600\" srcset=\"https:\/\/i0.wp.com\/www.tuseichholzremmighausen.de\/wordpress\/wp-content\/uploads\/2024\/05\/Banner2.jpg?resize=1024%2C768&amp;ssl=1 1024w, https:\/\/i0.wp.com\/www.tuseichholzremmighausen.de\/wordpress\/wp-content\/uploads\/2024\/05\/Banner2.jpg?resize=300%2C225&amp;ssl=1 300w, https:\/\/i0.wp.com\/www.tuseichholzremmighausen.de\/wordpress\/wp-content\/uploads\/2024\/05\/Banner2.jpg?resize=768%2C576&amp;ssl=1 768w, https:\/\/i0.wp.com\/www.tuseichholzremmighausen.de\/wordpress\/wp-content\/uploads\/2024\/05\/Banner2.jpg?w=1536&amp;ssl=1 1536w\" sizes=\"auto, (max-width: 800px) 100vw, 800px\" \/><\/p>\n<p>Die gesamte Veranstaltung war ein voller Erfolg. Der TuS konnte sich mal wieder nach au\u00dfen ganz toll pr\u00e4sentieren und f\u00fcr unsere Mannschaft werben.<\/p>\n<p>Mehrere Menschen mit sowie ohne Behinderung haben bei uns am Infotisch Interesse bekundet im inklusiven Fu\u00dfball sowie in anderen Bereichen mal rein zu schnuppern.<\/p>\n","protected":false},"excerpt":{"rendered":"<p>Am vergangenen Samstag waren wir von der Inklusionsmannschaft des TuS Eichholz-Remmighausen zum &#8222;Tag der Inklusion&#8220; auf dem Kaiser-Wilhelm-Platz mit einem<\/p>\n","protected":false},"author":62,"featured_media":21296,"comment_status":"closed","ping_status":"open","sticky":false,"template":"","format":"standard","meta":{"colormag_page_container_layout":"default_layout","colormag_page_sidebar_layout":"default_layout","_jetpack_memberships_contains_paid_content":false,"footnotes":"","jetpack_publicize_message":"","jetpack_publicize_feature_enabled":true,"jetpack_social_post_already_shared":true,"jetpack_social_options":{"image_generator_settings":{"template":"highway","default_image_id":0,"font":"","enabled":false},"version":2}},"categories":[157,250,165,162],"tags":[277,197,276,178,267,274,275],"class_list":["post-21294","post","type-post","status-publish","format-standard","has-post-thumbnail","hentry","category-archiv","category-inklusion","category-startseite-ohne-fb","category-tus-aktuell","tag-detmold","tag-detmolder-familienfest","tag-familientag","tag-fussball","tag-inklusion","tag-inklusionstag","tag-sportinklusiv"],"jetpack_publicize_connections":[],"jetpack_featured_media_url":"https:\/\/i0.wp.com\/www.tuseichholzremmighausen.de\/wordpress\/wp-content\/uploads\/2024\/05\/Hilker-laugh.jpg?fit=2000%2C1500&ssl=1","jetpack_sharing_enabled":true,"_links":{"self":[{"href":"https:\/\/www.tuseichholzremmighausen.de\/wordpress\/wp-json\/wp\/v2\/posts\/21294","targetHints":{"allow":["GET"]}}],"collection":[{"href":"https:\/\/www.tuseichholzremmighausen.de\/wordpress\/wp-json\/wp\/v2\/posts"}],"about":[{"href":"https:\/\/www.tuseichholzremmighausen.de\/wordpress\/wp-json\/wp\/v2\/types\/post"}],"author":[{"embeddable":true,"href":"https:\/\/www.tuseichholzremmighausen.de\/wordpress\/wp-json\/wp\/v2\/users\/62"}],"replies":[{"embeddable":true,"href":"https:\/\/www.tuseichholzremmighausen.de\/wordpress\/wp-json\/wp\/v2\/comments?post=21294"}],"version-history":[{"count":0,"href":"https:\/\/www.tuseichholzremmighausen.de\/wordpress\/wp-json\/wp\/v2\/posts\/21294\/revisions"}],"wp:featuredmedia":[{"embeddable":true,"href":"https:\/\/www.tuseichholzremmighausen.de\/wordpress\/wp-json\/wp\/v2\/media\/21296"}],"wp:attachment":[{"href":"https:\/\/www.tuseichholzremmighausen.de\/wordpress\/wp-json\/wp\/v2\/media?parent=21294"}],"wp:term":[{"taxonomy":"category","embeddable":true,"href":"https:\/\/www.tuseichholzremmighausen.de\/wordpress\/wp-json\/wp\/v2\/categories?post=21294"},{"taxonomy":"post_tag","embeddable":true,"href":"https:\/\/www.tuseichholzremmighausen.de\/wordpress\/wp-json\/wp\/v2\/tags?post=21294"}],"curies":[{"name":"wp","href":"https:\/\/api.w.org\/{rel}","templated":true}]}}