{"id":21617,"date":"2024-07-03T09:06:27","date_gmt":"2024-07-03T07:06:27","guid":{"rendered":"https:\/\/www.tuseichholzremmighausen.de\/wordpress\/?p=21617"},"modified":"2024-07-03T09:06:27","modified_gmt":"2024-07-03T07:06:27","slug":"owl-meisterschaften-unter-extremwetter-in-blomberg","status":"publish","type":"post","link":"https:\/\/www.tuseichholzremmighausen.de\/wordpress\/archives\/21617","title":{"rendered":"OWL-Meisterschaften unter Extremwetter in Blomberg"},"content":{"rendered":"<p>Dr\u00fcckende Hitze am ersten Tag der Ostwestfalenmeisterschaften, dann zum Teil heftiger Dauerregen am zweiten Tag &#8211; die Mehrk\u00e4mpfer im Stadion von Blomberg mussten sich extremen Herausforderungen stellen! Hier ging es nicht nur um die Meistertitel im Drei-, Vier-, F\u00fcnf-, Sieben-, Neun- und Zehnkampf f\u00fcr die neun OWL-Kreise, sondern f\u00fcr etliche Athleten aus beispielsweise Osnabr\u00fcck, Hagen oder Wattenscheid um noch mehr. Sie waren extra angereist, um die letzte M\u00f6glichkeit zu nutzen, sich f\u00fcr die nationalen Meisterschaften im Mehrkampf zu qualifizieren. Doch nicht nur die Athleten waren besonderen Herausforderungen ausgesetzt, denn H\u00fcrdenlauf oder Stabhochsprung im Regen auf rutschigem Gel\u00e4uf bedeuteten erh\u00f6htes Sicherheitsrisiko. Auch die ganze Organisation litt darunter, wenn einerseits viele Sonnen- und Regenschirme gebraucht wurden, andererseits der Zeitplan eingehalten werden sollte.<br \/>\nDass dies aber schlie\u00dflich gelungen war, zeigte sich daran, dass mehrere Vereine hinterher zum Wettkampfleiter Klaus Brand kamen, um sich ausdr\u00fccklich zu bedanken. Dieser freute sich nat\u00fcrlich sehr, m\u00f6chte das aber weiter geben: \u201eGuido Mertens und das Team der LG Lippe-S\u00fcd hatte die Voraussetzungen mit dem Platzaufbau geschaffen, Ulrich Offel lie\u00df mit der Arbeit im Vorfeld und mit der Durchf\u00fchrung keine W\u00fcnsche offen, aber besonders herauszustellen sind die 35 Kampfrichter und Helfer. Es ist eben nicht selbstverst\u00e4ndlich, dass man sich an zwei Tagen \u00fcber jeweils ca. acht Stunden ununterbrochenem Einsatz f\u00fcr die Aktiven den Wetterbedingungen aussetzt, bis einem das Wasser aus den Schuhen l\u00e4uft, und man kaum Zeit hat, sich einen Kaffee an der Cafeteria zu g\u00f6nnen. Im Namen aller 150 Teilnehmer &#8211; vom \u00e4ltesten Senior mit 76 Jahren bis hin zum achtj\u00e4hrigen M\u00e4dchen &#8211; k\u00f6nnen wir uns bei diesen Frauen und M\u00e4nnern nur ganz herzlich bedanken!\u201c<\/p>\n<p>Die Leistungen litten nat\u00fcrlich unter den Bedingungen. Dennoch wurden Bestleistungen aufgestellt, gute Bestenlistenpl\u00e4tze erobert und erhoffte Qualis erreicht. Aus lippischer Sicht gelang es sogar Joel Hinze vom TV Blomberg, sich im Zehnkampf der M\u00e4nner mit 6133 Punkten (u.a mit 1,86m im Hochsprung, 51,81m \u00fcber 400m, 45,72m im Speerwurf oder 4:54,12min \u00fcber 1500m) f\u00fcr die deutschen Mehrkampfmeisterschaften zu qualifizieren.<br \/>\nNeben Joel wurde Gerrit Sch\u00e4fers (SV Veldtom-K-Feldrom) Meister im Zehnkampf U20, Jannis Brand (TV Horn-Bd Meinberg) im F\u00fcnfkampf U18, Karolina Essing im Vierkampf W15, Ben Krome im Blockwettkampf M13, und Greta Spie\u00df (alle TuS Eichholz-Remmighausen) im Blockwettkampf Wurf.<br \/>\nBei den lippischen Meisterschaften kommen folgende neuen Titeltr\u00e4ger hinzu:<br \/>\nAdrian Silas Mertens Neunkampf M15, Julian Kr\u00fcger (beide TV Blomberg) Neunkampf M14, Ronja Mallet (TV Horn-Bad Meinberg) BlockSprint\/Sprung W15, Lukas H\u00fclsmann (TuS Eichholz-Remmighausen) Vierkampf M13, Wolf Kr\u00f6ger (SF Berlebeck-Heiligenkirchen) BlockSprint\/Sprung M13, Ben Krome (TV Horn-Bad Meinberg) Block Lauf M13, Pepe Reichinger (TV Blomberg) Vierkampf M12, Lale Luise Mesch (TV Horn-Bad Meinberg) BlockLauf W13, Greta Spie\u00df BlockWurf W13, Nike Weick Block Lauf W12, Jonas Wolf (alle TuS Eichholz-Remmighausen) Dreikampf M10, Charlotte Block (TV Blomberg) Vierkampf W11, Nele Brand Vierkampf W10, Elias Liebig (beide TV Horn-Bad Meinberg) Dreikampf M8, Neil Atou (TuS Eichholz-Remmighausen) Dreikampf M8.<br \/>\nDamit ging der Gro\u00dfteil aller Titel an die LG Lippe-S\u00fcd, womit ihr Ruf als Mehrkampf-Hochsprung wieder einmal best\u00e4tigt wird.<\/p>\n<p>Bericht und Fotos: Klaus Brand<\/p>\n<div data-carousel-extra='{&quot;blog_id&quot;:1,&quot;permalink&quot;:&quot;https:\/\/www.tuseichholzremmighausen.de\/wordpress\/archives\/21617&quot;}' id='gallery-1' class='gallery galleryid-21617 gallery-columns-3 gallery-size-colormag-featured-image'><figure class='gallery-item'>\n\t\t\t<div class='gallery-icon landscape'>\n\t\t\t\t<a href='https:\/\/www.tuseichholzremmighausen.de\/wordpress\/archives\/21617\/14-2'><img loading=\"lazy\" decoding=\"async\" width=\"640\" height=\"360\" src=\"https:\/\/i0.wp.com\/www.tuseichholzremmighausen.de\/wordpress\/wp-content\/uploads\/2024\/07\/14.jpg?resize=640%2C360&amp;ssl=1\" class=\"attachment-colormag-featured-image size-colormag-featured-image\" alt=\"\" srcset=\"https:\/\/i0.wp.com\/www.tuseichholzremmighausen.de\/wordpress\/wp-content\/uploads\/2024\/07\/14.jpg?w=640&amp;ssl=1 640w, https:\/\/i0.wp.com\/www.tuseichholzremmighausen.de\/wordpress\/wp-content\/uploads\/2024\/07\/14.jpg?resize=300%2C169&amp;ssl=1 300w\" sizes=\"auto, (max-width: 640px) 100vw, 640px\" data-attachment-id=\"21618\" data-permalink=\"https:\/\/www.tuseichholzremmighausen.de\/wordpress\/archives\/21617\/14-2\" data-orig-file=\"https:\/\/i0.wp.com\/www.tuseichholzremmighausen.de\/wordpress\/wp-content\/uploads\/2024\/07\/14.jpg?fit=640%2C360&amp;ssl=1\" data-orig-size=\"640,360\" data-comments-opened=\"0\" data-image-meta=\"{&quot;aperture&quot;:&quot;0&quot;,&quot;credit&quot;:&quot;&quot;,&quot;camera&quot;:&quot;&quot;,&quot;caption&quot;:&quot;&quot;,&quot;created_timestamp&quot;:&quot;0&quot;,&quot;copyright&quot;:&quot;&quot;,&quot;focal_length&quot;:&quot;0&quot;,&quot;iso&quot;:&quot;0&quot;,&quot;shutter_speed&quot;:&quot;0&quot;,&quot;title&quot;:&quot;&quot;,&quot;orientation&quot;:&quot;0&quot;}\" data-image-title=\"14\" data-image-description=\"\" data-image-caption=\"\" data-large-file=\"https:\/\/i0.wp.com\/www.tuseichholzremmighausen.de\/wordpress\/wp-content\/uploads\/2024\/07\/14.jpg?fit=640%2C360&amp;ssl=1\" \/><\/a>\n\t\t\t<\/div><\/figure><figure class='gallery-item'>\n\t\t\t<div class='gallery-icon landscape'>\n\t\t\t\t<a href='https:\/\/www.tuseichholzremmighausen.de\/wordpress\/archives\/21617\/13-3'><img loading=\"lazy\" decoding=\"async\" width=\"640\" height=\"360\" src=\"https:\/\/i0.wp.com\/www.tuseichholzremmighausen.de\/wordpress\/wp-content\/uploads\/2024\/07\/13.jpg?resize=640%2C360&amp;ssl=1\" class=\"attachment-colormag-featured-image size-colormag-featured-image\" alt=\"\" srcset=\"https:\/\/i0.wp.com\/www.tuseichholzremmighausen.de\/wordpress\/wp-content\/uploads\/2024\/07\/13.jpg?w=640&amp;ssl=1 640w, https:\/\/i0.wp.com\/www.tuseichholzremmighausen.de\/wordpress\/wp-content\/uploads\/2024\/07\/13.jpg?resize=300%2C169&amp;ssl=1 300w\" sizes=\"auto, (max-width: 640px) 100vw, 640px\" data-attachment-id=\"21619\" data-permalink=\"https:\/\/www.tuseichholzremmighausen.de\/wordpress\/archives\/21617\/13-3\" data-orig-file=\"https:\/\/i0.wp.com\/www.tuseichholzremmighausen.de\/wordpress\/wp-content\/uploads\/2024\/07\/13.jpg?fit=640%2C360&amp;ssl=1\" data-orig-size=\"640,360\" data-comments-opened=\"0\" data-image-meta=\"{&quot;aperture&quot;:&quot;0&quot;,&quot;credit&quot;:&quot;&quot;,&quot;camera&quot;:&quot;&quot;,&quot;caption&quot;:&quot;&quot;,&quot;created_timestamp&quot;:&quot;0&quot;,&quot;copyright&quot;:&quot;&quot;,&quot;focal_length&quot;:&quot;0&quot;,&quot;iso&quot;:&quot;0&quot;,&quot;shutter_speed&quot;:&quot;0&quot;,&quot;title&quot;:&quot;&quot;,&quot;orientation&quot;:&quot;0&quot;}\" data-image-title=\"13\" data-image-description=\"\" data-image-caption=\"\" data-large-file=\"https:\/\/i0.wp.com\/www.tuseichholzremmighausen.de\/wordpress\/wp-content\/uploads\/2024\/07\/13.jpg?fit=640%2C360&amp;ssl=1\" \/><\/a>\n\t\t\t<\/div><\/figure><figure class='gallery-item'>\n\t\t\t<div class='gallery-icon landscape'>\n\t\t\t\t<a href='https:\/\/www.tuseichholzremmighausen.de\/wordpress\/archives\/21617\/12-3'><img loading=\"lazy\" decoding=\"async\" width=\"640\" height=\"360\" src=\"https:\/\/i0.wp.com\/www.tuseichholzremmighausen.de\/wordpress\/wp-content\/uploads\/2024\/07\/12.jpg?resize=640%2C360&amp;ssl=1\" class=\"attachment-colormag-featured-image size-colormag-featured-image\" alt=\"\" srcset=\"https:\/\/i0.wp.com\/www.tuseichholzremmighausen.de\/wordpress\/wp-content\/uploads\/2024\/07\/12.jpg?w=640&amp;ssl=1 640w, https:\/\/i0.wp.com\/www.tuseichholzremmighausen.de\/wordpress\/wp-content\/uploads\/2024\/07\/12.jpg?resize=300%2C169&amp;ssl=1 300w\" sizes=\"auto, (max-width: 640px) 100vw, 640px\" data-attachment-id=\"21620\" data-permalink=\"https:\/\/www.tuseichholzremmighausen.de\/wordpress\/archives\/21617\/12-3\" data-orig-file=\"https:\/\/i0.wp.com\/www.tuseichholzremmighausen.de\/wordpress\/wp-content\/uploads\/2024\/07\/12.jpg?fit=640%2C360&amp;ssl=1\" data-orig-size=\"640,360\" data-comments-opened=\"0\" data-image-meta=\"{&quot;aperture&quot;:&quot;0&quot;,&quot;credit&quot;:&quot;&quot;,&quot;camera&quot;:&quot;&quot;,&quot;caption&quot;:&quot;&quot;,&quot;created_timestamp&quot;:&quot;0&quot;,&quot;copyright&quot;:&quot;&quot;,&quot;focal_length&quot;:&quot;0&quot;,&quot;iso&quot;:&quot;0&quot;,&quot;shutter_speed&quot;:&quot;0&quot;,&quot;title&quot;:&quot;&quot;,&quot;orientation&quot;:&quot;0&quot;}\" data-image-title=\"12\" data-image-description=\"\" data-image-caption=\"\" data-large-file=\"https:\/\/i0.wp.com\/www.tuseichholzremmighausen.de\/wordpress\/wp-content\/uploads\/2024\/07\/12.jpg?fit=640%2C360&amp;ssl=1\" \/><\/a>\n\t\t\t<\/div><\/figure>\n\t\t<\/div>\n\n","protected":false},"excerpt":{"rendered":"<p>Dr\u00fcckende Hitze am ersten Tag der Ostwestfalenmeisterschaften, dann zum Teil heftiger Dauerregen am zweiten Tag &#8211; die Mehrk\u00e4mpfer im Stadion<\/p>\n","protected":false},"author":56,"featured_media":21620,"comment_status":"closed","ping_status":"open","sticky":false,"template":"","format":"standard","meta":{"colormag_page_container_layout":"default_layout","colormag_page_sidebar_layout":"default_layout","_jetpack_memberships_contains_paid_content":false,"footnotes":"","jetpack_publicize_message":"","jetpack_publicize_feature_enabled":true,"jetpack_social_post_already_shared":true,"jetpack_social_options":{"image_generator_settings":{"template":"highway","default_image_id":0,"font":"","enabled":false},"version":2}},"categories":[157,60],"tags":[],"class_list":["post-21617","post","type-post","status-publish","format-standard","has-post-thumbnail","hentry","category-archiv","category-tul-aktuell"],"jetpack_publicize_connections":[],"jetpack_featured_media_url":"https:\/\/i0.wp.com\/www.tuseichholzremmighausen.de\/wordpress\/wp-content\/uploads\/2024\/07\/12.jpg?fit=640%2C360&ssl=1","jetpack_sharing_enabled":true,"_links":{"self":[{"href":"https:\/\/www.tuseichholzremmighausen.de\/wordpress\/wp-json\/wp\/v2\/posts\/21617","targetHints":{"allow":["GET"]}}],"collection":[{"href":"https:\/\/www.tuseichholzremmighausen.de\/wordpress\/wp-json\/wp\/v2\/posts"}],"about":[{"href":"https:\/\/www.tuseichholzremmighausen.de\/wordpress\/wp-json\/wp\/v2\/types\/post"}],"author":[{"embeddable":true,"href":"https:\/\/www.tuseichholzremmighausen.de\/wordpress\/wp-json\/wp\/v2\/users\/56"}],"replies":[{"embeddable":true,"href":"https:\/\/www.tuseichholzremmighausen.de\/wordpress\/wp-json\/wp\/v2\/comments?post=21617"}],"version-history":[{"count":0,"href":"https:\/\/www.tuseichholzremmighausen.de\/wordpress\/wp-json\/wp\/v2\/posts\/21617\/revisions"}],"wp:featuredmedia":[{"embeddable":true,"href":"https:\/\/www.tuseichholzremmighausen.de\/wordpress\/wp-json\/wp\/v2\/media\/21620"}],"wp:attachment":[{"href":"https:\/\/www.tuseichholzremmighausen.de\/wordpress\/wp-json\/wp\/v2\/media?parent=21617"}],"wp:term":[{"taxonomy":"category","embeddable":true,"href":"https:\/\/www.tuseichholzremmighausen.de\/wordpress\/wp-json\/wp\/v2\/categories?post=21617"},{"taxonomy":"post_tag","embeddable":true,"href":"https:\/\/www.tuseichholzremmighausen.de\/wordpress\/wp-json\/wp\/v2\/tags?post=21617"}],"curies":[{"name":"wp","href":"https:\/\/api.w.org\/{rel}","templated":true}]}}