{"id":2221,"date":"2011-05-09T18:47:46","date_gmt":"2011-05-09T17:47:46","guid":{"rendered":"http:\/\/www.tuseichholzremmighausen.de\/wordpress\/?p=2221"},"modified":"2020-09-11T20:21:19","modified_gmt":"2020-09-11T18:21:19","slug":"heute-vor-25-jahren-jugendsportfest","status":"publish","type":"post","link":"https:\/\/www.tuseichholzremmighausen.de\/wordpress\/archives\/2221","title":{"rendered":"Heute vor 25 Jahren: Jugendsportfest"},"content":{"rendered":"<p><strong>Die Pocke Nr. 49 &#8211; Mai 1986<\/strong><\/p>\n<p>Wie in jedem Jahr veranstaltete die Fu\u00dfball-Jugendabteilung unter der Leitung von Hermann Kligge und dem Jugendausschuss das gro\u00dfe Jugendsportfest.<!--more--><\/p>\n<p>\u00dcber eine Woche wurde ein gro\u00dfes Programmangebot erstellt mit Fu\u00dfballturnieren aller Mannschaften, Werre-Cross, Spiel ohne grenzen, Familiennachmittag, Cafeteria, Malwettbewerb und vieles mehr. Auch hatte Onkel Hermann p\u00fcnktlich den Regen bestellt, der immer am Jugendsportfest herunter kommt.<\/p>\n<figure id=\"attachment_2222\" aria-describedby=\"caption-attachment-2222\" style=\"width: 600px\" class=\"wp-caption alignleft\"><a href=\"https:\/\/i0.wp.com\/www.tuseichholzremmighausen.de\/wordpress\/wp-content\/uploads\/2011\/05\/fb_junioren_86.jpg?ssl=1\"><img data-recalc-dims=\"1\" loading=\"lazy\" decoding=\"async\" data-attachment-id=\"2222\" data-permalink=\"https:\/\/www.tuseichholzremmighausen.de\/wordpress\/archives\/2221\/fb_junioren_86\" data-orig-file=\"https:\/\/i0.wp.com\/www.tuseichholzremmighausen.de\/wordpress\/wp-content\/uploads\/2011\/05\/fb_junioren_86.jpg?fit=600%2C264&amp;ssl=1\" data-orig-size=\"600,264\" data-comments-opened=\"1\" data-image-meta=\"{&quot;aperture&quot;:&quot;0&quot;,&quot;credit&quot;:&quot;&quot;,&quot;camera&quot;:&quot;&quot;,&quot;caption&quot;:&quot;&quot;,&quot;created_timestamp&quot;:&quot;0&quot;,&quot;copyright&quot;:&quot;&quot;,&quot;focal_length&quot;:&quot;0&quot;,&quot;iso&quot;:&quot;0&quot;,&quot;shutter_speed&quot;:&quot;0&quot;,&quot;title&quot;:&quot;&quot;,&quot;orientation&quot;:&quot;1&quot;}\" data-image-title=\"fb_junioren_86\" data-image-description=\"\" data-image-caption=\"&lt;p&gt;A-Junioren des TuS &amp;#8211; Gast aus Hasselt &lt;\/p&gt;\n\" data-large-file=\"https:\/\/i0.wp.com\/www.tuseichholzremmighausen.de\/wordpress\/wp-content\/uploads\/2011\/05\/fb_junioren_86.jpg?fit=600%2C264&amp;ssl=1\" class=\"size-full wp-image-2222\" title=\"fb_junioren_86\" src=\"https:\/\/i0.wp.com\/www.tuseichholzremmighausen.de\/wordpress\/wp-content\/uploads\/2011\/05\/fb_junioren_86.jpg?resize=600%2C264&#038;ssl=1\" alt=\"A-Junioren des TuS - Gast aus Hasselt \" width=\"600\" height=\"264\" srcset=\"https:\/\/i0.wp.com\/www.tuseichholzremmighausen.de\/wordpress\/wp-content\/uploads\/2011\/05\/fb_junioren_86.jpg?w=600&amp;ssl=1 600w, https:\/\/i0.wp.com\/www.tuseichholzremmighausen.de\/wordpress\/wp-content\/uploads\/2011\/05\/fb_junioren_86.jpg?resize=300%2C132&amp;ssl=1 300w\" sizes=\"auto, (max-width: 600px) 100vw, 600px\" \/><\/a><figcaption id=\"caption-attachment-2222\" class=\"wp-caption-text\">A-Junioren des TuS - Gast aus Hasselt <\/figcaption><\/figure>\n<p>Probleme gab es auch mit einigen ausw\u00e4rtigen Mannschaften, die durch den Reaktorunfall in der UdSSR arg in Sorge \u00fcber die Verstrahlung des Sportplatzes waren. Man hatte also wieder zu k\u00e4mpfen und unter gro\u00dfem Einsatz aller Beteiligten wurden alle Probleme gemeistert, einschlie\u00dflich einiger sehr sch\u00f6nen Sonnentage. Man konnte aber trotzdem Tendenzen erkennen, die ein R\u00fcckgang der Beteiligung gerade der Eltern am Sport ihrer Kinder aufzeigten. Wie viele Eltern waren z.B. fr\u00fcher bei den Turnieren der F- und E-Jugend auf dem Sportplatz, und nur Veranstaltungen wie das Konzert des Jugend-Orchesters holte die Leute &#8222;hinter dem Ofen&#8220; hervor. das k\u00f6nnte besser werden!<\/p>\n<p>PS: Es folgen Einzelberichte auf 12 weiteren Seiten, das k\u00f6nnen wir leider nicht alles zeigen!<\/p>\n","protected":false},"excerpt":{"rendered":"<p>Die Pocke Nr. 49 &#8211; Mai 1986 Wie in jedem Jahr veranstaltete die Fu\u00dfball-Jugendabteilung unter der Leitung von Hermann Kligge<\/p>\n","protected":false},"author":46,"featured_media":0,"comment_status":"closed","ping_status":"closed","sticky":false,"template":"","format":"standard","meta":{"colormag_page_container_layout":"default_layout","colormag_page_sidebar_layout":"default_layout","_jetpack_memberships_contains_paid_content":false,"footnotes":"","jetpack_publicize_message":"","jetpack_publicize_feature_enabled":true,"jetpack_social_post_already_shared":false,"jetpack_social_options":{"image_generator_settings":{"template":"highway","default_image_id":0,"font":"","enabled":false},"version":2}},"categories":[157],"tags":[],"class_list":["post-2221","post","type-post","status-publish","format-standard","hentry","category-archiv"],"jetpack_publicize_connections":[],"jetpack_featured_media_url":"","jetpack_sharing_enabled":true,"_links":{"self":[{"href":"https:\/\/www.tuseichholzremmighausen.de\/wordpress\/wp-json\/wp\/v2\/posts\/2221","targetHints":{"allow":["GET"]}}],"collection":[{"href":"https:\/\/www.tuseichholzremmighausen.de\/wordpress\/wp-json\/wp\/v2\/posts"}],"about":[{"href":"https:\/\/www.tuseichholzremmighausen.de\/wordpress\/wp-json\/wp\/v2\/types\/post"}],"author":[{"embeddable":true,"href":"https:\/\/www.tuseichholzremmighausen.de\/wordpress\/wp-json\/wp\/v2\/users\/46"}],"replies":[{"embeddable":true,"href":"https:\/\/www.tuseichholzremmighausen.de\/wordpress\/wp-json\/wp\/v2\/comments?post=2221"}],"version-history":[{"count":0,"href":"https:\/\/www.tuseichholzremmighausen.de\/wordpress\/wp-json\/wp\/v2\/posts\/2221\/revisions"}],"wp:attachment":[{"href":"https:\/\/www.tuseichholzremmighausen.de\/wordpress\/wp-json\/wp\/v2\/media?parent=2221"}],"wp:term":[{"taxonomy":"category","embeddable":true,"href":"https:\/\/www.tuseichholzremmighausen.de\/wordpress\/wp-json\/wp\/v2\/categories?post=2221"},{"taxonomy":"post_tag","embeddable":true,"href":"https:\/\/www.tuseichholzremmighausen.de\/wordpress\/wp-json\/wp\/v2\/tags?post=2221"}],"curies":[{"name":"wp","href":"https:\/\/api.w.org\/{rel}","templated":true}]}}