{"id":22769,"date":"2025-06-02T09:28:46","date_gmt":"2025-06-02T07:28:46","guid":{"rendered":"https:\/\/www.tuseichholzremmighausen.de\/wordpress\/?p=22769"},"modified":"2025-06-02T09:29:07","modified_gmt":"2025-06-02T07:29:07","slug":"greta-wurde-westfaelische-siebenkampfmeisterin-lg-lippe-sued-bestaetigt-ruf-als-mehrkampf-hochburg-mit-vier-titeln","status":"publish","type":"post","link":"https:\/\/www.tuseichholzremmighausen.de\/wordpress\/archives\/22769","title":{"rendered":"Greta wurde westf\u00e4lische Siebenkampfmeisterin LG Lippe-S\u00fcd best\u00e4tigt Ruf als Mehrkampf-Hochburg mit vier Titeln"},"content":{"rendered":"<p>Wie sehr die Bezeichnung \u201eMehrkampf-Hochburg\u201c auch nach Jahrzehnten immer noch zutrifft, belegte die LG Lippe-S\u00fcd (der TuS E-.R ist seit Jahrzehnten Mitgliedsverein) eindrucksvoll bei den zweit\u00e4gigen FLVW-Titelk\u00e4mpfen in Rhede. Bei keineswegs guten Wetterbedingungen konnten die 11 Teilnehmer mit ihren Trainern Marco M\u00fcllers, Klaus Brand und Guido Mertens vier Meistertitel und zwei Vizemeister zur\u00fcck ins Lipperland bringen.<\/p>\n<p>\u00dcberlegender Zehnkampfmeister mit 10 pers\u00f6nlichen Bestleistungen in 10 Disziplinen wurde Gerrit Sch\u00e4fers, der sogar die Qualifikation f\u00fcr die deutschen Meisterschaften schaffen konnte. Ein Vizemeister ging an Ben Krome im Neunkampf U16. Zusammen mit Wolf Kr\u00f6ger und Julian Kr\u00fcger wurde er auch Zweiter in der Mannschaftswertung. Au\u00dferdem wurden noch die Mannschaftswertungen bei den M\u00e4nnern und der m\u00e4nnlichen Jugend U20 im Zehnkampf geholt.<\/p>\n<p>F\u00fcr den Hammer aus TuS Eichholz-Remmighausen-Sicht pr\u00e4sentierte sich im ersten Siebenkampf ihres Lebens Greta Spie\u00df aus der Frankenstra\u00dfe in W14. Nach 27,32m im Speerwurf trommelte sie die 100m in 13,43s herunter und \u00fcbersprang tolle 1,44m im Hochsprung. Im Weitsprung landete sie mit 4,90m nur knapp vor 5m in der Grube. Das war die F\u00fchrung nach dem ersten Tag. Am zweiten Tag nahm sie ihr Herz in beide H\u00e4nde und \u00fcberquerte 8 H\u00fcrden auf 80m in tollen 13,36s. Nach dem Kugelsto\u00df \u00fcber 9,70m ging es an den 800m-Lauf, den sie v\u00f6llig ersch\u00f6pft in 2:57,36min beenden konnte. In der Endabrechnung kam sie damit auf 3360 Punkte und Platz 1 im FLVW. Damit wurde die Qualifikation f\u00fcr die Deutschen Meisterschaften nur um 40 Punkte verfehlt. Dies soll dann aber bei den OWL-Meisterschaften Ende Juni in Blomberg nachgeholt werden.<\/p>\n<p>Bericht und Fotos: Klaus Brand<\/p>\n<p><a href=\"https:\/\/www.tuseichholzremmighausen.de\/wordpress\/tul2\"><img data-recalc-dims=\"1\" loading=\"lazy\" decoding=\"async\" data-attachment-id=\"22764\" data-permalink=\"https:\/\/www.tuseichholzremmighausen.de\/wordpress\/archives\/22769\/tul2\" data-orig-file=\"https:\/\/i0.wp.com\/www.tuseichholzremmighausen.de\/wordpress\/wp-content\/uploads\/2025\/06\/tul2.jpg?fit=360%2C480&amp;ssl=1\" data-orig-size=\"360,480\" data-comments-opened=\"0\" data-image-meta=\"{&quot;aperture&quot;:&quot;0&quot;,&quot;credit&quot;:&quot;&quot;,&quot;camera&quot;:&quot;&quot;,&quot;caption&quot;:&quot;&quot;,&quot;created_timestamp&quot;:&quot;0&quot;,&quot;copyright&quot;:&quot;&quot;,&quot;focal_length&quot;:&quot;0&quot;,&quot;iso&quot;:&quot;0&quot;,&quot;shutter_speed&quot;:&quot;0&quot;,&quot;title&quot;:&quot;&quot;,&quot;orientation&quot;:&quot;0&quot;}\" data-image-title=\"tul2\" data-image-description=\"\" data-image-caption=\"\" data-large-file=\"https:\/\/i0.wp.com\/www.tuseichholzremmighausen.de\/wordpress\/wp-content\/uploads\/2025\/06\/tul2.jpg?fit=360%2C480&amp;ssl=1\" class=\"aligncenter size-full wp-image-22764\" src=\"https:\/\/i0.wp.com\/www.tuseichholzremmighausen.de\/wordpress\/wp-content\/uploads\/2025\/06\/tul2.jpg?resize=360%2C480&#038;ssl=1\" alt=\"\" width=\"360\" height=\"480\" srcset=\"https:\/\/i0.wp.com\/www.tuseichholzremmighausen.de\/wordpress\/wp-content\/uploads\/2025\/06\/tul2.jpg?w=360&amp;ssl=1 360w, https:\/\/i0.wp.com\/www.tuseichholzremmighausen.de\/wordpress\/wp-content\/uploads\/2025\/06\/tul2.jpg?resize=225%2C300&amp;ssl=1 225w\" sizes=\"auto, (max-width: 360px) 100vw, 360px\" \/><\/a><\/p>\n","protected":false},"excerpt":{"rendered":"<p>Wie sehr die Bezeichnung \u201eMehrkampf-Hochburg\u201c auch nach Jahrzehnten immer noch zutrifft, belegte die LG Lippe-S\u00fcd (der TuS E-.R ist seit<\/p>\n","protected":false},"author":56,"featured_media":22765,"comment_status":"closed","ping_status":"open","sticky":false,"template":"","format":"standard","meta":{"colormag_page_container_layout":"default_layout","colormag_page_sidebar_layout":"default_layout","_jetpack_memberships_contains_paid_content":false,"footnotes":"","jetpack_publicize_message":"","jetpack_publicize_feature_enabled":true,"jetpack_social_post_already_shared":true,"jetpack_social_options":{"image_generator_settings":{"template":"highway","default_image_id":0,"font":"","enabled":false},"version":2}},"categories":[157,60],"tags":[],"class_list":["post-22769","post","type-post","status-publish","format-standard","has-post-thumbnail","hentry","category-archiv","category-tul-aktuell"],"jetpack_publicize_connections":[],"jetpack_featured_media_url":"https:\/\/i0.wp.com\/www.tuseichholzremmighausen.de\/wordpress\/wp-content\/uploads\/2025\/06\/tul.jpg?fit=1182%2C665&ssl=1","jetpack_sharing_enabled":true,"_links":{"self":[{"href":"https:\/\/www.tuseichholzremmighausen.de\/wordpress\/wp-json\/wp\/v2\/posts\/22769","targetHints":{"allow":["GET"]}}],"collection":[{"href":"https:\/\/www.tuseichholzremmighausen.de\/wordpress\/wp-json\/wp\/v2\/posts"}],"about":[{"href":"https:\/\/www.tuseichholzremmighausen.de\/wordpress\/wp-json\/wp\/v2\/types\/post"}],"author":[{"embeddable":true,"href":"https:\/\/www.tuseichholzremmighausen.de\/wordpress\/wp-json\/wp\/v2\/users\/56"}],"replies":[{"embeddable":true,"href":"https:\/\/www.tuseichholzremmighausen.de\/wordpress\/wp-json\/wp\/v2\/comments?post=22769"}],"version-history":[{"count":0,"href":"https:\/\/www.tuseichholzremmighausen.de\/wordpress\/wp-json\/wp\/v2\/posts\/22769\/revisions"}],"wp:featuredmedia":[{"embeddable":true,"href":"https:\/\/www.tuseichholzremmighausen.de\/wordpress\/wp-json\/wp\/v2\/media\/22765"}],"wp:attachment":[{"href":"https:\/\/www.tuseichholzremmighausen.de\/wordpress\/wp-json\/wp\/v2\/media?parent=22769"}],"wp:term":[{"taxonomy":"category","embeddable":true,"href":"https:\/\/www.tuseichholzremmighausen.de\/wordpress\/wp-json\/wp\/v2\/categories?post=22769"},{"taxonomy":"post_tag","embeddable":true,"href":"https:\/\/www.tuseichholzremmighausen.de\/wordpress\/wp-json\/wp\/v2\/tags?post=22769"}],"curies":[{"name":"wp","href":"https:\/\/api.w.org\/{rel}","templated":true}]}}