{"id":22841,"date":"2025-07-10T18:09:39","date_gmt":"2025-07-10T16:09:39","guid":{"rendered":"https:\/\/www.tuseichholzremmighausen.de\/wordpress\/?p=22841"},"modified":"2025-07-10T18:09:39","modified_gmt":"2025-07-10T16:09:39","slug":"sommerabschluss-der-vorbilder-fuer-alle","status":"publish","type":"post","link":"https:\/\/www.tuseichholzremmighausen.de\/wordpress\/archives\/22841","title":{"rendered":"Sommerabschluss der &#8222;Vorbilder f\u00fcr alle&#8220;"},"content":{"rendered":"<p>Am vergangenen Freitag Nachmittag haben wir gemeinsam mit der &#8222;Jungen Inklu&#8220; und der &#8222;Gro\u00dfen Inklu&#8220; unseren Sommerabschluss gefeiert!<\/p>\n<p>Bei leckerem Essen mit Bratw\u00fcrstchen, selbstgemachten Salaten und k\u00fchlen Getr\u00e4nken geno\u00dfen wir die Gemeinschaft und lie\u00dfen die erste Jahresh\u00e4lfte Revue passieren.<\/p>\n<p>Wir blickten auf die gro\u00dfartigen Dinge zur\u00fcck, die wir dieses Jahr bereits erlebt haben. Sei es unser eigener Werkst\u00e4tten und Inklusions Cup im Januar, den Start unserer &#8222;Jungen Inklu&#8220; im M\u00e4rz oder die zahlreichen Turniere, in denen wir starke Leistungen gezeigt haben.<\/p>\n<p>Auch unser langj\u00e4hriger Unterst\u00fctzer und Freund der B\u00fcrgermeister Frank Hilker lie\u00df es sich nicht nehmen bei dieser Gelegenheit vorbei zu schauen und dankenswerter Weise ein paar Geschenke da zu lassen.<br \/>\nEine ganz besondere Ehre waren seine wertsch\u00e4tzenden Worte, in denen er uns als mit &#8222;gro\u00dfen Herzen&#8220; und &#8222;Vorbilder f\u00fcr alle Menschen im Sport!&#8220; bezeichnete. Ein Highlight seiner Amtszeit bis jetzt &#8222;[&#8230;] war das eine Training mit euch bei dem ich teilnehmen durfte! So eine Freude und ein Sportsgeist der einfach begeistert!&#8220; &#8211; (Frank Hilker, frei zitiert)<\/p>\n<p>Au\u00dferdem bedankten wir uns herzlich bei unserem Trainerteam!<br \/>\nMelike und Selin, die die &#8222;Junge Inklu&#8220; seit M\u00e4rz trainieren und wunderbare Arbeit leisten!<br \/>\nNico, der uns schon seit einigen Jahren begleitet und mit vollem Einsatz alles f\u00fcr uns gegeben hat! Deswegen genehmigen wir ihm auch eine wohlverdiente Auszeit&#8230;wir hoffen dich bald wieder zu haben!<br \/>\nLucas &#8222;Hinch&#8220; Hinchliffe, unser Import von der Insel, der Nico schon die letzten Monate hervorragend unterst\u00fctzt hat und jetzt richtig einsteigt.<br \/>\nAlfo, ein Mann mit so viel Erfahrung, der uns nur voran bringen kann!<br \/>\nUnd zu guter Letzt unser R\u00fcckkehrer, unser geheimer Liebling&#8230;Henni ist wieder da!!! Wir freuen uns sehr dich wieder zu haben! Wir wussten du h\u00e4ltst es ohne uns nicht aus&#8230; \ud83d\ude09<\/p>\n<p>Dann gab es auch noch Geschenke f\u00fcr die kleinen. Ihre ersten eigenen Trainingsshirts in Gr\u00fcn-Wei\u00df! Willkommen bei uns!<\/p>\n<p>Zuletzt gab es noch eine weitere Verabschiedung bei uns&#8230; Unser langj\u00e4hriger Spieler Dominik, man kann sagen eines unserer Gr\u00fcndungsmitlieder h\u00f6rt auf.<br \/>\nDominik, wir danken dir f\u00fcr alles was du f\u00fcr uns getan hast!<br \/>\nWir w\u00fcnschen dir Alles Gute, bleib wie du bist und komm uns jederzeit besuchen!<\/p>\n<p class=\"jetpack-slideshow-noscript robots-nocontent\">Diese Diashow ben\u00f6tigt JavaScript.<\/p><div id=\"gallery-22841-1-slideshow\" class=\"jetpack-slideshow-window jetpack-slideshow jetpack-slideshow-black\" data-trans=\"fade\" data-autostart=\"1\" data-gallery=\"[{&quot;src&quot;:&quot;https:\\\/\\\/i0.wp.com\\\/www.tuseichholzremmighausen.de\\\/wordpress\\\/wp-content\\\/uploads\\\/2025\\\/07\\\/IMG20250704180211-scaled.jpg?fit=800%2C640\\u0026ssl=1&quot;,&quot;id&quot;:&quot;22846&quot;,&quot;title&quot;:&quot;IMG20250704180211&quot;,&quot;alt&quot;:&quot;&quot;,&quot;caption&quot;:&quot;R\\u00fcckblick auf die erste Jahresh\\u00e4lfte&quot;,&quot;itemprop&quot;:&quot;image&quot;},{&quot;src&quot;:&quot;https:\\\/\\\/i0.wp.com\\\/www.tuseichholzremmighausen.de\\\/wordpress\\\/wp-content\\\/uploads\\\/2025\\\/07\\\/IMG20250704163056.jpg?fit=800%2C640\\u0026ssl=1&quot;,&quot;id&quot;:&quot;22843&quot;,&quot;title&quot;:&quot;IMG20250704163056&quot;,&quot;alt&quot;:&quot;&quot;,&quot;caption&quot;:&quot;B\\u00fcrgermeister mit Geschenken&quot;,&quot;itemprop&quot;:&quot;image&quot;},{&quot;src&quot;:&quot;https:\\\/\\\/i0.wp.com\\\/www.tuseichholzremmighausen.de\\\/wordpress\\\/wp-content\\\/uploads\\\/2025\\\/07\\\/IMG20250704163401.jpg?fit=800%2C640\\u0026ssl=1&quot;,&quot;id&quot;:&quot;22844&quot;,&quot;title&quot;:&quot;IMG20250704163401&quot;,&quot;alt&quot;:&quot;&quot;,&quot;caption&quot;:&quot;B\\u00fcrgermeister mit Dank&quot;,&quot;itemprop&quot;:&quot;image&quot;},{&quot;src&quot;:&quot;https:\\\/\\\/i0.wp.com\\\/www.tuseichholzremmighausen.de\\\/wordpress\\\/wp-content\\\/uploads\\\/2025\\\/07\\\/IMG20250704164440.jpg?fit=800%2C640\\u0026ssl=1&quot;,&quot;id&quot;:&quot;22845&quot;,&quot;title&quot;:&quot;IMG20250704164440&quot;,&quot;alt&quot;:&quot;&quot;,&quot;caption&quot;:&quot;&quot;,&quot;itemprop&quot;:&quot;image&quot;},{&quot;src&quot;:&quot;https:\\\/\\\/i0.wp.com\\\/www.tuseichholzremmighausen.de\\\/wordpress\\\/wp-content\\\/uploads\\\/2025\\\/07\\\/IMG20250704181415-scaled.jpg?fit=800%2C640\\u0026ssl=1&quot;,&quot;id&quot;:&quot;22848&quot;,&quot;title&quot;:&quot;IMG20250704181415&quot;,&quot;alt&quot;:&quot;&quot;,&quot;caption&quot;:&quot;Trainerteam \\u0026#8222;Junge Inklu\\u0026#8220;&quot;,&quot;itemprop&quot;:&quot;image&quot;},{&quot;src&quot;:&quot;https:\\\/\\\/i0.wp.com\\\/www.tuseichholzremmighausen.de\\\/wordpress\\\/wp-content\\\/uploads\\\/2025\\\/07\\\/IMG20250704181923.jpg?fit=800%2C640\\u0026ssl=1&quot;,&quot;id&quot;:&quot;22849&quot;,&quot;title&quot;:&quot;IMG20250704181923&quot;,&quot;alt&quot;:&quot;&quot;,&quot;caption&quot;:&quot;Trainerteam \\u0026#8222;Gro\\u00dfe Inklu\\u0026#8220;&quot;,&quot;itemprop&quot;:&quot;image&quot;},{&quot;src&quot;:&quot;https:\\\/\\\/i0.wp.com\\\/www.tuseichholzremmighausen.de\\\/wordpress\\\/wp-content\\\/uploads\\\/2025\\\/07\\\/IMG20250704181018-scaled.jpg?fit=800%2C640\\u0026ssl=1&quot;,&quot;id&quot;:&quot;22847&quot;,&quot;title&quot;:&quot;IMG20250704181018&quot;,&quot;alt&quot;:&quot;&quot;,&quot;caption&quot;:&quot;Erste Trainingsshirts f\\u00fcr die Kleinen&quot;,&quot;itemprop&quot;:&quot;image&quot;},{&quot;src&quot;:&quot;https:\\\/\\\/i0.wp.com\\\/www.tuseichholzremmighausen.de\\\/wordpress\\\/wp-content\\\/uploads\\\/2025\\\/07\\\/IMG-20250708-WA0013.jpg?fit=800%2C640\\u0026ssl=1&quot;,&quot;id&quot;:&quot;22842&quot;,&quot;title&quot;:&quot;IMG-20250708-WA0013&quot;,&quot;alt&quot;:&quot;&quot;,&quot;caption&quot;:&quot;Abschied von Dominik&quot;,&quot;itemprop&quot;:&quot;image&quot;}]\" itemscope itemtype=\"https:\/\/schema.org\/ImageGallery\"><\/div>\n<p>Ein wunderbarer Nachmittag ging zu Ende und somit auch unsere Spielzeit bis zum Sommer&#8230;<\/p>\n<p>Wir w\u00fcnschen euch einen sch\u00f6nen Sommer, seid gespannt auf das was kommt und bleibt sportlich!<\/p>\n","protected":false},"excerpt":{"rendered":"<p>Am vergangenen Freitag Nachmittag haben wir gemeinsam mit der &#8222;Jungen Inklu&#8220; und der &#8222;Gro\u00dfen Inklu&#8220; unseren Sommerabschluss gefeiert! Bei leckerem<\/p>\n","protected":false},"author":62,"featured_media":22839,"comment_status":"closed","ping_status":"closed","sticky":false,"template":"","format":"standard","meta":{"colormag_page_container_layout":"default_layout","colormag_page_sidebar_layout":"default_layout","_jetpack_memberships_contains_paid_content":false,"footnotes":"","jetpack_publicize_message":"","jetpack_publicize_feature_enabled":true,"jetpack_social_post_already_shared":true,"jetpack_social_options":{"image_generator_settings":{"template":"highway","default_image_id":0,"font":"","enabled":false},"version":2}},"categories":[157,158,159,250,165,162],"tags":[],"class_list":["post-22841","post","type-post","status-publish","format-standard","has-post-thumbnail","hentry","category-archiv","category-fb-jugend-aktuell","category-fb-senioren-aktuell","category-inklusion","category-startseite-ohne-fb","category-tus-aktuell"],"jetpack_publicize_connections":[],"jetpack_featured_media_url":"https:\/\/i0.wp.com\/www.tuseichholzremmighausen.de\/wordpress\/wp-content\/uploads\/2025\/07\/IMG20250704182702-scaled.jpg?fit=2560%2C2048&ssl=1","jetpack_sharing_enabled":true,"_links":{"self":[{"href":"https:\/\/www.tuseichholzremmighausen.de\/wordpress\/wp-json\/wp\/v2\/posts\/22841","targetHints":{"allow":["GET"]}}],"collection":[{"href":"https:\/\/www.tuseichholzremmighausen.de\/wordpress\/wp-json\/wp\/v2\/posts"}],"about":[{"href":"https:\/\/www.tuseichholzremmighausen.de\/wordpress\/wp-json\/wp\/v2\/types\/post"}],"author":[{"embeddable":true,"href":"https:\/\/www.tuseichholzremmighausen.de\/wordpress\/wp-json\/wp\/v2\/users\/62"}],"replies":[{"embeddable":true,"href":"https:\/\/www.tuseichholzremmighausen.de\/wordpress\/wp-json\/wp\/v2\/comments?post=22841"}],"version-history":[{"count":0,"href":"https:\/\/www.tuseichholzremmighausen.de\/wordpress\/wp-json\/wp\/v2\/posts\/22841\/revisions"}],"wp:featuredmedia":[{"embeddable":true,"href":"https:\/\/www.tuseichholzremmighausen.de\/wordpress\/wp-json\/wp\/v2\/media\/22839"}],"wp:attachment":[{"href":"https:\/\/www.tuseichholzremmighausen.de\/wordpress\/wp-json\/wp\/v2\/media?parent=22841"}],"wp:term":[{"taxonomy":"category","embeddable":true,"href":"https:\/\/www.tuseichholzremmighausen.de\/wordpress\/wp-json\/wp\/v2\/categories?post=22841"},{"taxonomy":"post_tag","embeddable":true,"href":"https:\/\/www.tuseichholzremmighausen.de\/wordpress\/wp-json\/wp\/v2\/tags?post=22841"}],"curies":[{"name":"wp","href":"https:\/\/api.w.org\/{rel}","templated":true}]}}