{"id":22856,"date":"2025-07-12T16:45:18","date_gmt":"2025-07-12T14:45:18","guid":{"rendered":"https:\/\/www.tuseichholzremmighausen.de\/wordpress\/?p=22856"},"modified":"2025-07-12T16:45:18","modified_gmt":"2025-07-12T14:45:18","slug":"jahreshauptversammlung-2025","status":"publish","type":"post","link":"https:\/\/www.tuseichholzremmighausen.de\/wordpress\/archives\/22856","title":{"rendered":"Jahreshauptversammlung 2025"},"content":{"rendered":"<p>Zur Jahreshauptversammlung am 11. Juli 2025 um 19.12 Uhr\u00a0 im Remmikenhus gab es wieder viele H\u00e4nde zu sch\u00fctteln. <!--more--><\/p>\n<p>Auf der Tagesordnung standen so einige Punkte. Unser erster Vorsitzender\u00a0 Thorsten Bewersdorff begr\u00fc\u00dfte den Ehrenvorsitzenden Detlef Willberg , alle Ehrenmitglieder , die Ortsvorsteherin von Remmighausen Maria Anne Wilkening und alle anwesenden Mitglieder. Nach der Begr\u00fc\u00dfung stellte Thorsten Bewersdorff\u00a0 fest, dass die Einladung zur JHV form &#8211; und fristgerecht erfolgt war und die Versammlung beschlussf\u00e4hig sei. Die Protokolleinsicht der letzten JHV 2024 lag aus und wurde genehmigt. Doch bevor es weiter ging wurde in einer Schweigeminute den Verstorbenen gedacht. Als n\u00e4chstes stand der Punkt Ehrungen auf der Tagesordnung. Hier gab es wie geschrieben viele H\u00e4nde zu sch\u00fctteln. F\u00fcr 20 Jahre TuS wurden geehrt : Birgit R\u00f6he-Kuhlmann, Lara Grote und Thorsten Bewersdoff ( im Bild alle drei )<\/p>\n<p><a href=\"https:\/\/i0.wp.com\/www.tuseichholzremmighausen.de\/wordpress\/wp-content\/uploads\/2025\/07\/IMG_20250712_110051_800_x_600_pixel.jpg?ssl=1\"><img data-recalc-dims=\"1\" loading=\"lazy\" decoding=\"async\" data-attachment-id=\"22853\" data-permalink=\"https:\/\/www.tuseichholzremmighausen.de\/wordpress\/archives\/22856\/img_20250712_110051_800_x_600_pixel\" data-orig-file=\"https:\/\/i0.wp.com\/www.tuseichholzremmighausen.de\/wordpress\/wp-content\/uploads\/2025\/07\/IMG_20250712_110051_800_x_600_pixel.jpg?fit=800%2C600&amp;ssl=1\" data-orig-size=\"800,600\" data-comments-opened=\"0\" data-image-meta=\"{&quot;aperture&quot;:&quot;0&quot;,&quot;credit&quot;:&quot;&quot;,&quot;camera&quot;:&quot;&quot;,&quot;caption&quot;:&quot;&quot;,&quot;created_timestamp&quot;:&quot;0&quot;,&quot;copyright&quot;:&quot;&quot;,&quot;focal_length&quot;:&quot;0&quot;,&quot;iso&quot;:&quot;0&quot;,&quot;shutter_speed&quot;:&quot;0&quot;,&quot;title&quot;:&quot;&quot;,&quot;orientation&quot;:&quot;0&quot;}\" data-image-title=\"IMG_20250712_110051_(800_x_600_pixel)\" data-image-description=\"\" data-image-caption=\"\" data-large-file=\"https:\/\/i0.wp.com\/www.tuseichholzremmighausen.de\/wordpress\/wp-content\/uploads\/2025\/07\/IMG_20250712_110051_800_x_600_pixel.jpg?fit=800%2C600&amp;ssl=1\" class=\"aligncenter size-full wp-image-22853\" src=\"https:\/\/i0.wp.com\/www.tuseichholzremmighausen.de\/wordpress\/wp-content\/uploads\/2025\/07\/IMG_20250712_110051_800_x_600_pixel.jpg?resize=800%2C600&#038;ssl=1\" alt=\"\" width=\"800\" height=\"600\" srcset=\"https:\/\/i0.wp.com\/www.tuseichholzremmighausen.de\/wordpress\/wp-content\/uploads\/2025\/07\/IMG_20250712_110051_800_x_600_pixel.jpg?w=800&amp;ssl=1 800w, https:\/\/i0.wp.com\/www.tuseichholzremmighausen.de\/wordpress\/wp-content\/uploads\/2025\/07\/IMG_20250712_110051_800_x_600_pixel.jpg?resize=300%2C225&amp;ssl=1 300w, https:\/\/i0.wp.com\/www.tuseichholzremmighausen.de\/wordpress\/wp-content\/uploads\/2025\/07\/IMG_20250712_110051_800_x_600_pixel.jpg?resize=768%2C576&amp;ssl=1 768w\" sizes=\"auto, (max-width: 800px) 100vw, 800px\" \/><\/a><\/p>\n<p>40 Jahre im TuS Mitglied : Gabriele Burkert, Lothar Scheiblich waren nicht anwesend. Geehrt f\u00fcr 40 Jahre wurden Kornelia B\u00fcker und Astrid Scheiblich.<\/p>\n<p><a href=\"https:\/\/i0.wp.com\/www.tuseichholzremmighausen.de\/wordpress\/wp-content\/uploads\/2025\/07\/IMG_20250712_110200_800_x_600_pixel.jpg?ssl=1\"><img data-recalc-dims=\"1\" loading=\"lazy\" decoding=\"async\" data-attachment-id=\"22852\" data-permalink=\"https:\/\/www.tuseichholzremmighausen.de\/wordpress\/archives\/22856\/img_20250712_110200_800_x_600_pixel\" data-orig-file=\"https:\/\/i0.wp.com\/www.tuseichholzremmighausen.de\/wordpress\/wp-content\/uploads\/2025\/07\/IMG_20250712_110200_800_x_600_pixel.jpg?fit=800%2C600&amp;ssl=1\" data-orig-size=\"800,600\" data-comments-opened=\"0\" data-image-meta=\"{&quot;aperture&quot;:&quot;0&quot;,&quot;credit&quot;:&quot;&quot;,&quot;camera&quot;:&quot;&quot;,&quot;caption&quot;:&quot;&quot;,&quot;created_timestamp&quot;:&quot;0&quot;,&quot;copyright&quot;:&quot;&quot;,&quot;focal_length&quot;:&quot;0&quot;,&quot;iso&quot;:&quot;0&quot;,&quot;shutter_speed&quot;:&quot;0&quot;,&quot;title&quot;:&quot;&quot;,&quot;orientation&quot;:&quot;0&quot;}\" data-image-title=\"IMG_20250712_110200_(800_x_600_pixel)\" data-image-description=\"\" data-image-caption=\"\" data-large-file=\"https:\/\/i0.wp.com\/www.tuseichholzremmighausen.de\/wordpress\/wp-content\/uploads\/2025\/07\/IMG_20250712_110200_800_x_600_pixel.jpg?fit=800%2C600&amp;ssl=1\" class=\"aligncenter size-full wp-image-22852\" src=\"https:\/\/i0.wp.com\/www.tuseichholzremmighausen.de\/wordpress\/wp-content\/uploads\/2025\/07\/IMG_20250712_110200_800_x_600_pixel.jpg?resize=800%2C600&#038;ssl=1\" alt=\"\" width=\"800\" height=\"600\" srcset=\"https:\/\/i0.wp.com\/www.tuseichholzremmighausen.de\/wordpress\/wp-content\/uploads\/2025\/07\/IMG_20250712_110200_800_x_600_pixel.jpg?w=800&amp;ssl=1 800w, https:\/\/i0.wp.com\/www.tuseichholzremmighausen.de\/wordpress\/wp-content\/uploads\/2025\/07\/IMG_20250712_110200_800_x_600_pixel.jpg?resize=300%2C225&amp;ssl=1 300w, https:\/\/i0.wp.com\/www.tuseichholzremmighausen.de\/wordpress\/wp-content\/uploads\/2025\/07\/IMG_20250712_110200_800_x_600_pixel.jpg?resize=768%2C576&amp;ssl=1 768w\" sizes=\"auto, (max-width: 800px) 100vw, 800px\" \/><\/a><\/p>\n<p>Und wer denkt das war es jetzt der lag\u00a0 liegt falsch. 50 Jahre im TuS Stefan Lukas war nicht anwesend ,und Edith Krumme. Alle kennen sie und man k\u00f6nnte auch einen separaten Bericht \u00fcber unsere jahrelange Kassiererin\u00a0 etc. im TuS schreiben. Wer 50 Jahre im TuS ist der hat einiges erlebt. \ud83d\ude09<\/p>\n<p><a href=\"https:\/\/i0.wp.com\/www.tuseichholzremmighausen.de\/wordpress\/wp-content\/uploads\/2025\/07\/IMG_20250712_110008_800_x_600_pixel.jpg?ssl=1\"><img data-recalc-dims=\"1\" loading=\"lazy\" decoding=\"async\" data-attachment-id=\"22854\" data-permalink=\"https:\/\/www.tuseichholzremmighausen.de\/wordpress\/archives\/22856\/img_20250712_110008_800_x_600_pixel\" data-orig-file=\"https:\/\/i0.wp.com\/www.tuseichholzremmighausen.de\/wordpress\/wp-content\/uploads\/2025\/07\/IMG_20250712_110008_800_x_600_pixel.jpg?fit=800%2C600&amp;ssl=1\" data-orig-size=\"800,600\" data-comments-opened=\"0\" data-image-meta=\"{&quot;aperture&quot;:&quot;0&quot;,&quot;credit&quot;:&quot;&quot;,&quot;camera&quot;:&quot;&quot;,&quot;caption&quot;:&quot;&quot;,&quot;created_timestamp&quot;:&quot;0&quot;,&quot;copyright&quot;:&quot;&quot;,&quot;focal_length&quot;:&quot;0&quot;,&quot;iso&quot;:&quot;0&quot;,&quot;shutter_speed&quot;:&quot;0&quot;,&quot;title&quot;:&quot;&quot;,&quot;orientation&quot;:&quot;0&quot;}\" data-image-title=\"IMG_20250712_110008_(800_x_600_pixel)\" data-image-description=\"\" data-image-caption=\"\" data-large-file=\"https:\/\/i0.wp.com\/www.tuseichholzremmighausen.de\/wordpress\/wp-content\/uploads\/2025\/07\/IMG_20250712_110008_800_x_600_pixel.jpg?fit=800%2C600&amp;ssl=1\" class=\"aligncenter size-full wp-image-22854\" src=\"https:\/\/i0.wp.com\/www.tuseichholzremmighausen.de\/wordpress\/wp-content\/uploads\/2025\/07\/IMG_20250712_110008_800_x_600_pixel.jpg?resize=800%2C600&#038;ssl=1\" alt=\"\" width=\"800\" height=\"600\" srcset=\"https:\/\/i0.wp.com\/www.tuseichholzremmighausen.de\/wordpress\/wp-content\/uploads\/2025\/07\/IMG_20250712_110008_800_x_600_pixel.jpg?w=800&amp;ssl=1 800w, https:\/\/i0.wp.com\/www.tuseichholzremmighausen.de\/wordpress\/wp-content\/uploads\/2025\/07\/IMG_20250712_110008_800_x_600_pixel.jpg?resize=300%2C225&amp;ssl=1 300w, https:\/\/i0.wp.com\/www.tuseichholzremmighausen.de\/wordpress\/wp-content\/uploads\/2025\/07\/IMG_20250712_110008_800_x_600_pixel.jpg?resize=768%2C576&amp;ssl=1 768w\" sizes=\"auto, (max-width: 800px) 100vw, 800px\" \/><\/a><\/p>\n<p>Der TuS kann aber auch 50 Jahre noch toppen n\u00e4mlich mit 60 Jahren TuS Vereinstreue, Ehrenamt und vielen Stunden Vorstandsarbeit usw. Hier kann man bestimmt schon ein Buch dr\u00fcber schreiben. \ud83d\ude09 Geehrt wurden Ehrenvorsitzender Detlef Wilberg, Lothar Krischik und Detlev Kriebler.<\/p>\n<p><a href=\"https:\/\/i0.wp.com\/www.tuseichholzremmighausen.de\/wordpress\/wp-content\/uploads\/2025\/07\/IMG_20250712_105840_800_x_600_pixel.jpg?ssl=1\"><img data-recalc-dims=\"1\" loading=\"lazy\" decoding=\"async\" data-attachment-id=\"22855\" data-permalink=\"https:\/\/www.tuseichholzremmighausen.de\/wordpress\/archives\/22856\/img_20250712_105840_800_x_600_pixel\" data-orig-file=\"https:\/\/i0.wp.com\/www.tuseichholzremmighausen.de\/wordpress\/wp-content\/uploads\/2025\/07\/IMG_20250712_105840_800_x_600_pixel.jpg?fit=800%2C600&amp;ssl=1\" data-orig-size=\"800,600\" data-comments-opened=\"0\" data-image-meta=\"{&quot;aperture&quot;:&quot;0&quot;,&quot;credit&quot;:&quot;&quot;,&quot;camera&quot;:&quot;&quot;,&quot;caption&quot;:&quot;&quot;,&quot;created_timestamp&quot;:&quot;0&quot;,&quot;copyright&quot;:&quot;&quot;,&quot;focal_length&quot;:&quot;0&quot;,&quot;iso&quot;:&quot;0&quot;,&quot;shutter_speed&quot;:&quot;0&quot;,&quot;title&quot;:&quot;&quot;,&quot;orientation&quot;:&quot;0&quot;}\" data-image-title=\"IMG_20250712_105840_(800_x_600_pixel)\" data-image-description=\"\" data-image-caption=\"\" data-large-file=\"https:\/\/i0.wp.com\/www.tuseichholzremmighausen.de\/wordpress\/wp-content\/uploads\/2025\/07\/IMG_20250712_105840_800_x_600_pixel.jpg?fit=800%2C600&amp;ssl=1\" class=\"aligncenter size-full wp-image-22855\" src=\"https:\/\/i0.wp.com\/www.tuseichholzremmighausen.de\/wordpress\/wp-content\/uploads\/2025\/07\/IMG_20250712_105840_800_x_600_pixel.jpg?resize=800%2C600&#038;ssl=1\" alt=\"\" width=\"800\" height=\"600\" srcset=\"https:\/\/i0.wp.com\/www.tuseichholzremmighausen.de\/wordpress\/wp-content\/uploads\/2025\/07\/IMG_20250712_105840_800_x_600_pixel.jpg?w=800&amp;ssl=1 800w, https:\/\/i0.wp.com\/www.tuseichholzremmighausen.de\/wordpress\/wp-content\/uploads\/2025\/07\/IMG_20250712_105840_800_x_600_pixel.jpg?resize=300%2C225&amp;ssl=1 300w, https:\/\/i0.wp.com\/www.tuseichholzremmighausen.de\/wordpress\/wp-content\/uploads\/2025\/07\/IMG_20250712_105840_800_x_600_pixel.jpg?resize=768%2C576&amp;ssl=1 768w\" sizes=\"auto, (max-width: 800px) 100vw, 800px\" \/><\/a><\/p>\n<p>Aber auch die 60 Jahre k\u00f6nnen wir noch toppen. Mit sage und schreibe 65 Jahren steht Siegfried Reuter in unseren B\u00fcchern. \ud83d\ude09 Auch hier kann man wahnsinnig viel schreiben. Leider war er nicht anwesend. Wir w\u00fcnschen allen viele weiter Jahre im TuS.<\/p>\n<p>Weiter ging es mit dem Jahresbericht des Vorstandes und der Abteilungen und der Obm\u00e4nner. Kurz und Knapp : \u00dcber 1000 Mitglieder, Neue Gruppen gibt es in der TuL Die Minis, Line Dance und Zumba. Die Schachabteilung hat neue Abteilungsleiter und gehen mit viel Spa\u00df ans Brett. \ud83d\ude09 Bei der Vereinsjugend passiert\u00a0 so einiges. Unterst\u00fctzung gibt es durch elektrische\u00a0 Ger\u00e4te. \ud83d\ude09 Popkorn, Zuckerwatte und Slusheis. Beim Fu\u00dfball sind die Damen au\u00dferordentlich erfolgreich und die Herren sind auf einem guten Weg. Alle Jugendmannschaften haben ihren Spa\u00df.!! Hier wird weiterhin nach einem Abteilungsleiter gesucht.!! Walking Football ist Neu und ist weiter am wachsen. Die Inklusionsmannschaften sind einfach gro\u00dfartig und konnten sich sogar ins Goldene Buch der Stadt Detmold verewigen. Allen Mannschaften , Sportlern, Trainern, Betreuer und Obm\u00e4nner (innen) macht weiter so. Ihr macht das Klasse. Ohne euch , uns gebe es kein TuS Eichholz\/Remmighausen.<\/p>\n<p>Unter Punkt 4 gab es den Bericht der Mitgliederverwaltung. Hier gab es die Erkenntnis das der TuS insgesamt j\u00fcnger wird. \ud83d\ude09<\/p>\n<p>Unter Punkt 5 gab es einige wenige Beitragsr\u00fcckst\u00e4nde zu beklagen. Hier wird dran gearbeitet.<\/p>\n<p>Der Vorstand gab den Jahresbericht unter Punkt 6. Anschlie\u00dfend gab es den Bericht des Kassenwartes von Tina Ickelsheimer.<\/p>\n<p>Nat\u00fcrlich wurde unsere Kasse auch gepr\u00fcft und der Bericht anschlie\u00dfend von Gordon Mathews mitgeteilt. Nach einer genutzten \ud83d\ude09 kurzen Pause wurde der Vorstand und der Kassenwart entlastet.<\/p>\n<p>Unter Punkt 10 gab es dann auch Wahlen. Hier wurde Neu in den Vorstand , Luca Pils gew\u00e4hlt. Der \u00e4ltesten Rat wurde wiedergew\u00e4hlt. (Horst Lukas, Rainer Helms, Carsten Sch\u00e4fer, Thomas Schwartmann und Deborah Zaus.<\/p>\n<p>Unter Punkt 11 wurden die Abteilungswahlen best\u00e4tigt und die Vereinsjugend bekannt gegeben.<\/p>\n<p>Die Kassenpr\u00fcfer wurden gew\u00e4hlt.<\/p>\n<p>Der Beitr\u00e4ge bleiben bestehen. Und die Vereinsk\u00e4sten sind weiterhin am Sportplatz und am Dreierkrug.<\/p>\n<p>Veranstaltungen wird es auch weiterhin geben. Hier wird dran gearbeitet.<\/p>\n<p>Unter Punkt Verschiedenes konnte man einige Meldungen gleich kl\u00e4ren bzw. aufkl\u00e4ren. Was fehlt sind weiterhin ehrenamtliche die den Verein unterst\u00fctzen wollen. Hier wird z.B. jemand gesucht der regelm\u00e4\u00dfig Eintrittsgelder bei Heimspielen (Fu\u00dfball)sammelt.<\/p>\n<p>Bleibt noch zu erw\u00e4hnen das der Vorstand die Getr\u00e4nke gesponsert hat. \ud83d\ude09<\/p>\n<p>P.S. Wir sollten alle das Ehrenamt mehr sch\u00e4tzen. Auch wenn es fachlich sachliche Kritik geben kann, muss sollte es auf der anderen Seite auch mal ein Lob oder auch Danke geben. Das w\u00fcnsche ich mir pers\u00f6nlich. Ich hoffe der Bericht gef\u00e4llt. Mal etwas anders geschrieben. \ud83d\ude09 LG Rainer<\/p>\n<p>&nbsp;<\/p>\n","protected":false},"excerpt":{"rendered":"<p>Zur Jahreshauptversammlung am 11. Juli 2025 um 19.12 Uhr\u00a0 im Remmikenhus gab es wieder viele H\u00e4nde zu sch\u00fctteln.<\/p>\n","protected":false},"author":14,"featured_media":22851,"comment_status":"closed","ping_status":"closed","sticky":false,"template":"","format":"standard","meta":{"colormag_page_container_layout":"default_layout","colormag_page_sidebar_layout":"default_layout","_jetpack_memberships_contains_paid_content":false,"footnotes":"","jetpack_publicize_message":"","jetpack_publicize_feature_enabled":true,"jetpack_social_post_already_shared":true,"jetpack_social_options":{"image_generator_settings":{"template":"highway","default_image_id":0,"font":"","enabled":false},"version":2}},"categories":[157,162,211],"tags":[],"class_list":["post-22856","post","type-post","status-publish","format-standard","has-post-thumbnail","hentry","category-archiv","category-tus-aktuell","category-vorstand"],"jetpack_publicize_connections":[],"jetpack_featured_media_url":"https:\/\/i0.wp.com\/www.tuseichholzremmighausen.de\/wordpress\/wp-content\/uploads\/2025\/07\/IMG_20250712_110500_800_x_600_pixel.jpg?fit=800%2C600&ssl=1","jetpack_sharing_enabled":true,"_links":{"self":[{"href":"https:\/\/www.tuseichholzremmighausen.de\/wordpress\/wp-json\/wp\/v2\/posts\/22856","targetHints":{"allow":["GET"]}}],"collection":[{"href":"https:\/\/www.tuseichholzremmighausen.de\/wordpress\/wp-json\/wp\/v2\/posts"}],"about":[{"href":"https:\/\/www.tuseichholzremmighausen.de\/wordpress\/wp-json\/wp\/v2\/types\/post"}],"author":[{"embeddable":true,"href":"https:\/\/www.tuseichholzremmighausen.de\/wordpress\/wp-json\/wp\/v2\/users\/14"}],"replies":[{"embeddable":true,"href":"https:\/\/www.tuseichholzremmighausen.de\/wordpress\/wp-json\/wp\/v2\/comments?post=22856"}],"version-history":[{"count":0,"href":"https:\/\/www.tuseichholzremmighausen.de\/wordpress\/wp-json\/wp\/v2\/posts\/22856\/revisions"}],"wp:featuredmedia":[{"embeddable":true,"href":"https:\/\/www.tuseichholzremmighausen.de\/wordpress\/wp-json\/wp\/v2\/media\/22851"}],"wp:attachment":[{"href":"https:\/\/www.tuseichholzremmighausen.de\/wordpress\/wp-json\/wp\/v2\/media?parent=22856"}],"wp:term":[{"taxonomy":"category","embeddable":true,"href":"https:\/\/www.tuseichholzremmighausen.de\/wordpress\/wp-json\/wp\/v2\/categories?post=22856"},{"taxonomy":"post_tag","embeddable":true,"href":"https:\/\/www.tuseichholzremmighausen.de\/wordpress\/wp-json\/wp\/v2\/tags?post=22856"}],"curies":[{"name":"wp","href":"https:\/\/api.w.org\/{rel}","templated":true}]}}