{"id":23057,"date":"2025-10-01T10:08:02","date_gmt":"2025-10-01T08:08:02","guid":{"rendered":"https:\/\/www.tuseichholzremmighausen.de\/wordpress\/?p=23057"},"modified":"2025-10-01T10:08:02","modified_gmt":"2025-10-01T08:08:02","slug":"gold-und-silber-fuer-lippe-sued-teams-in-westfalenfinale","status":"publish","type":"post","link":"https:\/\/www.tuseichholzremmighausen.de\/wordpress\/archives\/23057","title":{"rendered":"Gold und Silber f\u00fcr Lippe-S\u00fcd-Teams in Westfalenfinale"},"content":{"rendered":"<p>\u201eWenn man bei den Finalk\u00e4mpfen von Westfalen zwei Mannschaften am Start hat, und diese die Pl\u00e4tze 1und 2 in ihren jeweiligen Klassen belegen, dann darf man mit Fug und Recht von einer eindrucksvollen Vorstellung unseres Nachwuchses sprechen\u201c, berichtet Klaus Brand aus dem sauerl\u00e4ndischen Kreuztal-Stadion in Olpe. Und es waren bei dieser letzten FLVW-Meisterschaft der Saison in allen Altersklassen spannende K\u00e4mpfe, die oft erst in der letzten Disziplin entschieden wurden. Die zahlreich vertretenen Eltern hatten ihren Spa\u00df und gaben engagierte Fan-Unterst\u00fctzung.<\/p>\n<p>Hart umk\u00e4mpft war die Gruppe 2 der wU18. Nach 7 Disziplinen lagen mehrere Teams nur wenige Punkte auseinander. Bis dahin hatten f\u00fcr die Startgemeinschaft Minden\/Lippe-S\u00fcd\u00a0 Katharina Schnabel 13,00s \u00fcber 100m gelaufen und 5,17m weit gesprungen, Greta Spie\u00df 31,39m mit dem Speer geworfen, 5,16m weit gesprungen oder Berit Ringel 1,48 hoch gesprungen, und die 4x100m Staffel mit Spie\u00df-Schnabel-Koch-Essing sehr gute 51,56s gelaufen. Die 2:39,93 und 2:48,71min von Marla Koch und Karolina Essing brachten die ganz knappe Entscheidung mit einer Steigerung um 310 Punkte auf Platz 1 mit 7181 Punkten vor LAZ Regio Herford mit 7158 Punkten, sehr zur Freude von Coach Michael Striewe.<\/p>\n<p>Die mU16-Mannschaft der LG Lippe-S\u00fcd unter Klaus Brand und Jannika Hoffinger lieferte der zum Schluss siegreichen TV Werne 03 einen tollen Kampf: Wolf Kr\u00f6ger lief 13,07 s \u00fcber die H\u00fcrden, Julian Kr\u00fcger sprang 1,60m hoch und stie\u00df die Kugel 11,65m weit, Ben Krome schleuderte Speer und Kugel auf 37,15 und 12,79m, Oskar Diestelmann \u00fcberquerte 1,56m im Hochsprung, Tim Peine 9,70m Kugel oder die 4x100m-Staffel mit Striewe-Kr\u00f6ger-Linus P\u00f6hl-Pepe Reichinger kam auf 51,62s. Die 800m erbrachten tolle Zeiten f\u00fcr Paul Striewe in 2:25,27 und Wolf Kr\u00f6ger in 2:33,35min, doch die 2:16 sind 2.17min von Werne waren nicht zu schlagen, daher Platz\u2019 2 f\u00fcr die LG Lippe-S\u00fcd mit 7990 Punkten (eine Steigerung von 178 Punkten) hinter Werne mit 8253 Punkten.<\/p>\n<p>Schade nur, dass die ebenfalls qualifizierte nmU14-Mannschaft wegen einiger Ausf\u00e4lle abgemeldet werden musste<\/p>\n<p>Damit konnte die Saison sehr erfolgreich abgeschlossen werden. Weil \u201enach dem Spiel vor dem Spiel ist\u201c &#8211; geht es also demn\u00e4chst in das Wintertraining f\u00fcr die Hallensaison in Bad Meinberg und Detmold.<\/p>\n<p>&nbsp;<\/p>\n<p>Bericht und Fotos: Klaus Brand<\/p>\n<div data-carousel-extra='{&quot;blog_id&quot;:1,&quot;permalink&quot;:&quot;https:\/\/www.tuseichholzremmighausen.de\/wordpress\/archives\/23057&quot;}' id='gallery-1' class='gallery galleryid-23057 gallery-columns-3 gallery-size-colormag-featured-image'><figure class='gallery-item'>\n\t\t\t<div class='gallery-icon landscape'>\n\t\t\t\t<a href='https:\/\/www.tuseichholzremmighausen.de\/wordpress\/archives\/23057\/3-23'><img loading=\"lazy\" decoding=\"async\" width=\"800\" height=\"445\" src=\"https:\/\/i0.wp.com\/www.tuseichholzremmighausen.de\/wordpress\/wp-content\/uploads\/2025\/10\/3.jpg?resize=800%2C445&amp;ssl=1\" class=\"attachment-colormag-featured-image size-colormag-featured-image\" alt=\"\" data-attachment-id=\"23058\" data-permalink=\"https:\/\/www.tuseichholzremmighausen.de\/wordpress\/archives\/23057\/3-23\" data-orig-file=\"https:\/\/i0.wp.com\/www.tuseichholzremmighausen.de\/wordpress\/wp-content\/uploads\/2025\/10\/3.jpg?fit=1280%2C720&amp;ssl=1\" data-orig-size=\"1280,720\" data-comments-opened=\"0\" data-image-meta=\"{&quot;aperture&quot;:&quot;0&quot;,&quot;credit&quot;:&quot;&quot;,&quot;camera&quot;:&quot;&quot;,&quot;caption&quot;:&quot;&quot;,&quot;created_timestamp&quot;:&quot;0&quot;,&quot;copyright&quot;:&quot;&quot;,&quot;focal_length&quot;:&quot;0&quot;,&quot;iso&quot;:&quot;0&quot;,&quot;shutter_speed&quot;:&quot;0&quot;,&quot;title&quot;:&quot;&quot;,&quot;orientation&quot;:&quot;0&quot;}\" data-image-title=\"3\" data-image-description=\"\" data-image-caption=\"\" data-large-file=\"https:\/\/i0.wp.com\/www.tuseichholzremmighausen.de\/wordpress\/wp-content\/uploads\/2025\/10\/3.jpg?fit=800%2C450&amp;ssl=1\" \/><\/a>\n\t\t\t<\/div><\/figure><figure class='gallery-item'>\n\t\t\t<div class='gallery-icon landscape'>\n\t\t\t\t<a href='https:\/\/www.tuseichholzremmighausen.de\/wordpress\/archives\/23057\/1-35'><img loading=\"lazy\" decoding=\"async\" width=\"800\" height=\"445\" src=\"https:\/\/i0.wp.com\/www.tuseichholzremmighausen.de\/wordpress\/wp-content\/uploads\/2025\/10\/1.jpg?resize=800%2C445&amp;ssl=1\" class=\"attachment-colormag-featured-image size-colormag-featured-image\" alt=\"\" data-attachment-id=\"23060\" data-permalink=\"https:\/\/www.tuseichholzremmighausen.de\/wordpress\/archives\/23057\/1-35\" data-orig-file=\"https:\/\/i0.wp.com\/www.tuseichholzremmighausen.de\/wordpress\/wp-content\/uploads\/2025\/10\/1.jpg?fit=1280%2C720&amp;ssl=1\" data-orig-size=\"1280,720\" data-comments-opened=\"0\" data-image-meta=\"{&quot;aperture&quot;:&quot;0&quot;,&quot;credit&quot;:&quot;&quot;,&quot;camera&quot;:&quot;&quot;,&quot;caption&quot;:&quot;&quot;,&quot;created_timestamp&quot;:&quot;0&quot;,&quot;copyright&quot;:&quot;&quot;,&quot;focal_length&quot;:&quot;0&quot;,&quot;iso&quot;:&quot;0&quot;,&quot;shutter_speed&quot;:&quot;0&quot;,&quot;title&quot;:&quot;&quot;,&quot;orientation&quot;:&quot;0&quot;}\" data-image-title=\"1\" data-image-description=\"\" data-image-caption=\"\" data-large-file=\"https:\/\/i0.wp.com\/www.tuseichholzremmighausen.de\/wordpress\/wp-content\/uploads\/2025\/10\/1.jpg?fit=800%2C450&amp;ssl=1\" \/><\/a>\n\t\t\t<\/div><\/figure><figure class='gallery-item'>\n\t\t\t<div class='gallery-icon landscape'>\n\t\t\t\t<a href='https:\/\/www.tuseichholzremmighausen.de\/wordpress\/archives\/23057\/2-32'><img loading=\"lazy\" decoding=\"async\" width=\"800\" height=\"445\" src=\"https:\/\/i0.wp.com\/www.tuseichholzremmighausen.de\/wordpress\/wp-content\/uploads\/2025\/10\/2.jpg?resize=800%2C445&amp;ssl=1\" class=\"attachment-colormag-featured-image size-colormag-featured-image\" alt=\"\" data-attachment-id=\"23059\" data-permalink=\"https:\/\/www.tuseichholzremmighausen.de\/wordpress\/archives\/23057\/2-32\" data-orig-file=\"https:\/\/i0.wp.com\/www.tuseichholzremmighausen.de\/wordpress\/wp-content\/uploads\/2025\/10\/2.jpg?fit=1280%2C720&amp;ssl=1\" data-orig-size=\"1280,720\" data-comments-opened=\"0\" data-image-meta=\"{&quot;aperture&quot;:&quot;0&quot;,&quot;credit&quot;:&quot;&quot;,&quot;camera&quot;:&quot;&quot;,&quot;caption&quot;:&quot;&quot;,&quot;created_timestamp&quot;:&quot;0&quot;,&quot;copyright&quot;:&quot;&quot;,&quot;focal_length&quot;:&quot;0&quot;,&quot;iso&quot;:&quot;0&quot;,&quot;shutter_speed&quot;:&quot;0&quot;,&quot;title&quot;:&quot;&quot;,&quot;orientation&quot;:&quot;0&quot;}\" data-image-title=\"2\" data-image-description=\"\" data-image-caption=\"\" data-large-file=\"https:\/\/i0.wp.com\/www.tuseichholzremmighausen.de\/wordpress\/wp-content\/uploads\/2025\/10\/2.jpg?fit=800%2C450&amp;ssl=1\" \/><\/a>\n\t\t\t<\/div><\/figure>\n\t\t<\/div>\n\n","protected":false},"excerpt":{"rendered":"<p>\u201eWenn man bei den Finalk\u00e4mpfen von Westfalen zwei Mannschaften am Start hat, und diese die Pl\u00e4tze 1und 2 in ihren<\/p>\n","protected":false},"author":56,"featured_media":23060,"comment_status":"closed","ping_status":"closed","sticky":false,"template":"","format":"standard","meta":{"colormag_page_container_layout":"default_layout","colormag_page_sidebar_layout":"default_layout","_jetpack_memberships_contains_paid_content":false,"footnotes":"","jetpack_publicize_message":"","jetpack_publicize_feature_enabled":true,"jetpack_social_post_already_shared":true,"jetpack_social_options":{"image_generator_settings":{"template":"highway","default_image_id":0,"font":"","enabled":false},"version":2}},"categories":[157,60],"tags":[],"class_list":["post-23057","post","type-post","status-publish","format-standard","has-post-thumbnail","hentry","category-archiv","category-tul-aktuell"],"jetpack_publicize_connections":[],"jetpack_featured_media_url":"https:\/\/i0.wp.com\/www.tuseichholzremmighausen.de\/wordpress\/wp-content\/uploads\/2025\/10\/1.jpg?fit=1280%2C720&ssl=1","jetpack_sharing_enabled":true,"_links":{"self":[{"href":"https:\/\/www.tuseichholzremmighausen.de\/wordpress\/wp-json\/wp\/v2\/posts\/23057","targetHints":{"allow":["GET"]}}],"collection":[{"href":"https:\/\/www.tuseichholzremmighausen.de\/wordpress\/wp-json\/wp\/v2\/posts"}],"about":[{"href":"https:\/\/www.tuseichholzremmighausen.de\/wordpress\/wp-json\/wp\/v2\/types\/post"}],"author":[{"embeddable":true,"href":"https:\/\/www.tuseichholzremmighausen.de\/wordpress\/wp-json\/wp\/v2\/users\/56"}],"replies":[{"embeddable":true,"href":"https:\/\/www.tuseichholzremmighausen.de\/wordpress\/wp-json\/wp\/v2\/comments?post=23057"}],"version-history":[{"count":0,"href":"https:\/\/www.tuseichholzremmighausen.de\/wordpress\/wp-json\/wp\/v2\/posts\/23057\/revisions"}],"wp:featuredmedia":[{"embeddable":true,"href":"https:\/\/www.tuseichholzremmighausen.de\/wordpress\/wp-json\/wp\/v2\/media\/23060"}],"wp:attachment":[{"href":"https:\/\/www.tuseichholzremmighausen.de\/wordpress\/wp-json\/wp\/v2\/media?parent=23057"}],"wp:term":[{"taxonomy":"category","embeddable":true,"href":"https:\/\/www.tuseichholzremmighausen.de\/wordpress\/wp-json\/wp\/v2\/categories?post=23057"},{"taxonomy":"post_tag","embeddable":true,"href":"https:\/\/www.tuseichholzremmighausen.de\/wordpress\/wp-json\/wp\/v2\/tags?post=23057"}],"curies":[{"name":"wp","href":"https:\/\/api.w.org\/{rel}","templated":true}]}}