{"id":23162,"date":"2025-10-18T14:35:41","date_gmt":"2025-10-18T12:35:41","guid":{"rendered":"https:\/\/www.tuseichholzremmighausen.de\/wordpress\/?p=23162"},"modified":"2025-10-18T14:35:41","modified_gmt":"2025-10-18T12:35:41","slug":"jetzt-abstimmen-fuer-unseren-mo-ein-echter-lippischer-sportheld","status":"publish","type":"post","link":"https:\/\/www.tuseichholzremmighausen.de\/wordpress\/archives\/23162","title":{"rendered":"Jetzt abstimmen f\u00fcr unseren Mo \u2013 ein echter Lippischer Sportheld!"},"content":{"rendered":"<p>Am 8. November werden bei der gro\u00dfen Sportgala des <a class=\"x1i10hfl xjbqb8w x1ejq31n x18oe1m7 x1sy0etr xstzfhl x972fbf x10w94by x1qhh985 x14e42zd x9f619 x1ypdohk xt0psk2 x3ct3a4 xdj266r x14z9mp xat24cr x1lziwak xexx8yu xyri2b x18d9i69 x1c1uobl x16tdsg8 x1hl2dhg xggy1nq x1a2a7pz notranslate _a6hd\" role=\"link\" href=\"https:\/\/www.instagram.com\/kreissportbundlippe\/\">@kreissportbundlippe<\/a> und des <a class=\"x1i10hfl xjbqb8w x1ejq31n x18oe1m7 x1sy0etr xstzfhl x972fbf x10w94by x1qhh985 x14e42zd x9f619 x1ypdohk xt0psk2 x3ct3a4 xdj266r x14z9mp xat24cr x1lziwak xexx8yu xyri2b x18d9i69 x1c1uobl x16tdsg8 x1hl2dhg xggy1nq x1a2a7pz notranslate _a6hd\" role=\"link\" href=\"https:\/\/www.instagram.com\/kreislippe\/\">@kreislippe<\/a> in der Phoenix-Contact-Arena erstmals die \u201eLippischen Sporthelden\u201c ausgezeichnet. \u2728<br \/>\n<img data-recalc-dims=\"1\" loading=\"lazy\" decoding=\"async\" data-attachment-id=\"23163\" data-permalink=\"https:\/\/www.tuseichholzremmighausen.de\/wordpress\/archives\/23162\/sporthelden1\" data-orig-file=\"https:\/\/i0.wp.com\/www.tuseichholzremmighausen.de\/wordpress\/wp-content\/uploads\/2025\/10\/Sporthelden1.png?fit=1418%2C670&amp;ssl=1\" data-orig-size=\"1418,670\" data-comments-opened=\"0\" data-image-meta=\"{&quot;aperture&quot;:&quot;0&quot;,&quot;credit&quot;:&quot;&quot;,&quot;camera&quot;:&quot;&quot;,&quot;caption&quot;:&quot;&quot;,&quot;created_timestamp&quot;:&quot;0&quot;,&quot;copyright&quot;:&quot;&quot;,&quot;focal_length&quot;:&quot;0&quot;,&quot;iso&quot;:&quot;0&quot;,&quot;shutter_speed&quot;:&quot;0&quot;,&quot;title&quot;:&quot;&quot;,&quot;orientation&quot;:&quot;0&quot;}\" data-image-title=\"Sporthelden1\" data-image-description=\"\" data-image-caption=\"\" data-large-file=\"https:\/\/i0.wp.com\/www.tuseichholzremmighausen.de\/wordpress\/wp-content\/uploads\/2025\/10\/Sporthelden1.png?fit=800%2C378&amp;ssl=1\" class=\"aligncenter size-large wp-image-23163\" src=\"https:\/\/i0.wp.com\/www.tuseichholzremmighausen.de\/wordpress\/wp-content\/uploads\/2025\/10\/Sporthelden1.png?resize=800%2C378&#038;ssl=1\" alt=\"\" width=\"800\" height=\"378\" srcset=\"https:\/\/i0.wp.com\/www.tuseichholzremmighausen.de\/wordpress\/wp-content\/uploads\/2025\/10\/Sporthelden1.png?resize=1024%2C484&amp;ssl=1 1024w, https:\/\/i0.wp.com\/www.tuseichholzremmighausen.de\/wordpress\/wp-content\/uploads\/2025\/10\/Sporthelden1.png?resize=300%2C142&amp;ssl=1 300w, https:\/\/i0.wp.com\/www.tuseichholzremmighausen.de\/wordpress\/wp-content\/uploads\/2025\/10\/Sporthelden1.png?resize=768%2C363&amp;ssl=1 768w, https:\/\/i0.wp.com\/www.tuseichholzremmighausen.de\/wordpress\/wp-content\/uploads\/2025\/10\/Sporthelden1.png?w=1418&amp;ssl=1 1418w\" sizes=\"auto, (max-width: 800px) 100vw, 800px\" \/><br \/>\nNominiert ist auch unser Mohamed \u2013 f\u00fcr sein herausragendes Engagement, seine Leidenschaft f\u00fcr den Inklusionssport und seinen unerm\u00fcdlichen Einsatz auf und neben dem Platz besonders f\u00fcr unsere Inklusionsmannschafften! <\/p>\n<figure id=\"attachment_23164\" aria-describedby=\"caption-attachment-23164\" style=\"width: 465px\" class=\"wp-caption aligncenter\"><img data-recalc-dims=\"1\" loading=\"lazy\" decoding=\"async\" data-attachment-id=\"23164\" data-permalink=\"https:\/\/www.tuseichholzremmighausen.de\/wordpress\/archives\/23162\/sporthelden2\" data-orig-file=\"https:\/\/i0.wp.com\/www.tuseichholzremmighausen.de\/wordpress\/wp-content\/uploads\/2025\/10\/Sporthelden2.png?fit=465%2C334&amp;ssl=1\" data-orig-size=\"465,334\" data-comments-opened=\"0\" data-image-meta=\"{&quot;aperture&quot;:&quot;0&quot;,&quot;credit&quot;:&quot;&quot;,&quot;camera&quot;:&quot;&quot;,&quot;caption&quot;:&quot;&quot;,&quot;created_timestamp&quot;:&quot;0&quot;,&quot;copyright&quot;:&quot;&quot;,&quot;focal_length&quot;:&quot;0&quot;,&quot;iso&quot;:&quot;0&quot;,&quot;shutter_speed&quot;:&quot;0&quot;,&quot;title&quot;:&quot;&quot;,&quot;orientation&quot;:&quot;0&quot;}\" data-image-title=\"Sporthelden2\" data-image-description=\"\" data-image-caption=\"\" data-large-file=\"https:\/\/i0.wp.com\/www.tuseichholzremmighausen.de\/wordpress\/wp-content\/uploads\/2025\/10\/Sporthelden2.png?fit=465%2C334&amp;ssl=1\" class=\"wp-image-23164 size-full\" src=\"https:\/\/i0.wp.com\/www.tuseichholzremmighausen.de\/wordpress\/wp-content\/uploads\/2025\/10\/Sporthelden2.png?resize=465%2C334&#038;ssl=1\" alt=\"\" width=\"465\" height=\"334\" srcset=\"https:\/\/i0.wp.com\/www.tuseichholzremmighausen.de\/wordpress\/wp-content\/uploads\/2025\/10\/Sporthelden2.png?w=465&amp;ssl=1 465w, https:\/\/i0.wp.com\/www.tuseichholzremmighausen.de\/wordpress\/wp-content\/uploads\/2025\/10\/Sporthelden2.png?resize=300%2C215&amp;ssl=1 300w\" sizes=\"auto, (max-width: 465px) 100vw, 465px\" \/><figcaption id=\"caption-attachment-23164\" class=\"wp-caption-text\">Auszug aus der LZ vom 17.10.2025<\/figcaption><\/figure>\n<p> Unterst\u00fctzt Mo bis zum 30.10. und zeigt, was Teamgeist bedeutet!<br \/>\nGebt jetzt eure Stimme ab unter <a href=\"http:\/\/www.lz.de\/ehrenamt\">www.LZ.de\/ehrenamt<\/a> oder nutzt den QR-Code von der LZ.<\/p>\n<p>Jede Stimme z\u00e4hlt \u2013 lasst uns gemeinsam zeigen, wie stark unser Zusammenhalt ist!<\/p>\n","protected":false},"excerpt":{"rendered":"<p>Am 8. November werden bei der gro\u00dfen Sportgala des @kreissportbundlippe und des @kreislippe in der Phoenix-Contact-Arena erstmals die \u201eLippischen Sporthelden\u201c<\/p>\n","protected":false},"author":62,"featured_media":23165,"comment_status":"closed","ping_status":"closed","sticky":false,"template":"","format":"standard","meta":{"colormag_page_container_layout":"default_layout","colormag_page_sidebar_layout":"default_layout","_jetpack_memberships_contains_paid_content":false,"footnotes":"","jetpack_publicize_message":"","jetpack_publicize_feature_enabled":true,"jetpack_social_post_already_shared":true,"jetpack_social_options":{"image_generator_settings":{"template":"highway","default_image_id":0,"font":"","enabled":false},"version":2}},"categories":[157,250,165,162],"tags":[],"class_list":["post-23162","post","type-post","status-publish","format-standard","has-post-thumbnail","hentry","category-archiv","category-inklusion","category-startseite-ohne-fb","category-tus-aktuell"],"jetpack_publicize_connections":[],"jetpack_featured_media_url":"https:\/\/i0.wp.com\/www.tuseichholzremmighausen.de\/wordpress\/wp-content\/uploads\/2025\/10\/IMG-20251018-WA0000-1-e1760790867272.jpg?fit=2048%2C1150&ssl=1","jetpack_sharing_enabled":true,"_links":{"self":[{"href":"https:\/\/www.tuseichholzremmighausen.de\/wordpress\/wp-json\/wp\/v2\/posts\/23162","targetHints":{"allow":["GET"]}}],"collection":[{"href":"https:\/\/www.tuseichholzremmighausen.de\/wordpress\/wp-json\/wp\/v2\/posts"}],"about":[{"href":"https:\/\/www.tuseichholzremmighausen.de\/wordpress\/wp-json\/wp\/v2\/types\/post"}],"author":[{"embeddable":true,"href":"https:\/\/www.tuseichholzremmighausen.de\/wordpress\/wp-json\/wp\/v2\/users\/62"}],"replies":[{"embeddable":true,"href":"https:\/\/www.tuseichholzremmighausen.de\/wordpress\/wp-json\/wp\/v2\/comments?post=23162"}],"version-history":[{"count":0,"href":"https:\/\/www.tuseichholzremmighausen.de\/wordpress\/wp-json\/wp\/v2\/posts\/23162\/revisions"}],"wp:featuredmedia":[{"embeddable":true,"href":"https:\/\/www.tuseichholzremmighausen.de\/wordpress\/wp-json\/wp\/v2\/media\/23165"}],"wp:attachment":[{"href":"https:\/\/www.tuseichholzremmighausen.de\/wordpress\/wp-json\/wp\/v2\/media?parent=23162"}],"wp:term":[{"taxonomy":"category","embeddable":true,"href":"https:\/\/www.tuseichholzremmighausen.de\/wordpress\/wp-json\/wp\/v2\/categories?post=23162"},{"taxonomy":"post_tag","embeddable":true,"href":"https:\/\/www.tuseichholzremmighausen.de\/wordpress\/wp-json\/wp\/v2\/tags?post=23162"}],"curies":[{"name":"wp","href":"https:\/\/api.w.org\/{rel}","templated":true}]}}