{"id":2375,"date":"2011-06-10T18:38:50","date_gmt":"2011-06-10T17:38:50","guid":{"rendered":"http:\/\/www.tuseichholzremmighausen.de\/wordpress\/?p=2375"},"modified":"2020-09-11T20:21:19","modified_gmt":"2020-09-11T18:21:19","slug":"6-ordentliche-vorstandssitzung-am-07-juni-2011","status":"publish","type":"post","link":"https:\/\/www.tuseichholzremmighausen.de\/wordpress\/archives\/2375","title":{"rendered":"6. Ordentliche Vorstandssitzung am 07. Juni 2011"},"content":{"rendered":"<p><strong>Vorsitzende:<\/strong><\/p>\n<ul>\n<li>Begr\u00fc\u00dfung<\/li>\n<li>M\u00e4ngel in und um Hallen in Eichholz und Remmighausen<\/li>\n<li><img decoding=\"async\" title=\"Weiterlesen...\" src=\"..\/wp-includes\/js\/tinymce\/plugins\/wordpress\/img\/trans.gif\" alt=\"\" \/>Ma\u00dfnahmen zur Abstellung von M\u00e4ngeln in Hallen, Kabinen, Sportplatz<!--more--><\/li>\n<\/ul>\n<p><strong>Kassenwart<\/strong><\/p>\n<ul>\n<li>Ausgaben f\u00fcr Steuern, Rechnungen, gebucht und get\u00e4tigt<\/li>\n<li>Letzte Rechnungen f\u00fcr Bully beglichen, Instandsetzung abgeschlossen<\/li>\n<li>Eink\u00e4ufe und Anschaffungen teilweise bar abgerechnet<\/li>\n<li>1068 Mitglieder waren Anfang Juni 2011 im TuS gemeldet<\/li>\n<\/ul>\n<p><strong>Schriftf\u00fchrer:<\/strong><\/p>\n<ul>\n<li>Keine besonderen Punkte<\/li>\n<\/ul>\n<p><strong>Sozialwart:<\/strong><\/p>\n<ul>\n<li>1 Unfall in der TuL-Abteilung \/ Radgruppe<\/li>\n<\/ul>\n<p><strong>Vereinsjugend:<\/strong><\/p>\n<ul>\n<li>A-Junioren steigen auf<\/li>\n<li>B-Junioren h\u00e4lt die Klasse<\/li>\n<li>Rest der Gruppen im Mittelfeld<\/li>\n<\/ul>\n<p><strong>Schachabteilung:<\/strong><\/p>\n<ul>\n<li>1. Mannschaft erk\u00e4mpft sich den 3. Tabellenplatz in der Bezirksliga<\/li>\n<li>Vereinsmeisterschaft voraussichtlich erst im Stechen entschieden<\/li>\n<li>Bitte jetzt anmelden f\u00fcr den 02. Juli 2011, Internationaler Meister<\/li>\n<li>Im Herbst, Lippische Einzelmeisterschaften in Remmighausen<\/li>\n<\/ul>\n<p><strong>Turn- und Leichtathletikabteilung:<\/strong><\/p>\n<ul>\n<li>\u00dcbungsbetrieb l\u00e4uft in allen Abteilungen<\/li>\n<li>Neuer Anf\u00e4ngerkurs in Tai Chi, mittwochs, nachmittags in der Halle<\/li>\n<li>Fahrt zum Landesturnfest<\/li>\n<\/ul>\n<p><strong>Handballabteilung:<\/strong><\/p>\n<ul>\n<li>1. M\u00e4nnermannschaft\u00a0 in die 3. Kreisklasse aufgestiegen<\/li>\n<li>2. Damenmannschaft\u00a0 in die Kreisliga aufgestiegen<\/li>\n<li>D-Jugend belegt den 2. Platz in der Gruppe<\/li>\n<\/ul>\n<p><strong>Fu\u00dfballabteilung:<\/strong><\/p>\n<ul>\n<li>Lie\u00df sich entschuldigen<\/li>\n<\/ul>\n<p><strong>Tischtennisabteilung:<\/strong><\/p>\n<ul>\n<li>Mannschaft vom Spielbetrieb abgemeldet<\/li>\n<li>04. Juli 2011:\u00a0 Au\u00dferordentliche Abteilungsversammlung<\/li>\n<li>Ab sofort montags nur noch Hobbytischtennis in Eichholz<\/li>\n<\/ul>\n<p><strong>Verschiedenes:<\/strong><\/p>\n<ul>\n<li>Zuschu\u00df zur Anschaffung f\u00fcr neue Bohnermaschine im Remikenhus<\/li>\n<li>Kindersitze (E) im Vereinsbully fehlen, evtl. neu beschaffen<\/li>\n<\/ul>\n","protected":false},"excerpt":{"rendered":"<p>Vorsitzende: Begr\u00fc\u00dfung M\u00e4ngel in und um Hallen in Eichholz und Remmighausen Ma\u00dfnahmen zur Abstellung von M\u00e4ngeln in Hallen, Kabinen, Sportplatz<\/p>\n","protected":false},"author":46,"featured_media":0,"comment_status":"closed","ping_status":"closed","sticky":false,"template":"","format":"standard","meta":{"colormag_page_container_layout":"default_layout","colormag_page_sidebar_layout":"default_layout","_jetpack_memberships_contains_paid_content":false,"footnotes":"","jetpack_publicize_message":"","jetpack_publicize_feature_enabled":true,"jetpack_social_post_already_shared":false,"jetpack_social_options":{"image_generator_settings":{"template":"highway","default_image_id":0,"font":"","enabled":false},"version":2}},"categories":[157],"tags":[],"class_list":["post-2375","post","type-post","status-publish","format-standard","hentry","category-archiv"],"jetpack_publicize_connections":[],"jetpack_featured_media_url":"","jetpack_sharing_enabled":true,"_links":{"self":[{"href":"https:\/\/www.tuseichholzremmighausen.de\/wordpress\/wp-json\/wp\/v2\/posts\/2375","targetHints":{"allow":["GET"]}}],"collection":[{"href":"https:\/\/www.tuseichholzremmighausen.de\/wordpress\/wp-json\/wp\/v2\/posts"}],"about":[{"href":"https:\/\/www.tuseichholzremmighausen.de\/wordpress\/wp-json\/wp\/v2\/types\/post"}],"author":[{"embeddable":true,"href":"https:\/\/www.tuseichholzremmighausen.de\/wordpress\/wp-json\/wp\/v2\/users\/46"}],"replies":[{"embeddable":true,"href":"https:\/\/www.tuseichholzremmighausen.de\/wordpress\/wp-json\/wp\/v2\/comments?post=2375"}],"version-history":[{"count":0,"href":"https:\/\/www.tuseichholzremmighausen.de\/wordpress\/wp-json\/wp\/v2\/posts\/2375\/revisions"}],"wp:attachment":[{"href":"https:\/\/www.tuseichholzremmighausen.de\/wordpress\/wp-json\/wp\/v2\/media?parent=2375"}],"wp:term":[{"taxonomy":"category","embeddable":true,"href":"https:\/\/www.tuseichholzremmighausen.de\/wordpress\/wp-json\/wp\/v2\/categories?post=2375"},{"taxonomy":"post_tag","embeddable":true,"href":"https:\/\/www.tuseichholzremmighausen.de\/wordpress\/wp-json\/wp\/v2\/tags?post=2375"}],"curies":[{"name":"wp","href":"https:\/\/api.w.org\/{rel}","templated":true}]}}