{"id":24060,"date":"2026-09-02T19:22:14","date_gmt":"2026-09-02T17:22:14","guid":{"rendered":"https:\/\/www.tuseichholzremmighausen.de\/wordpress\/?p=24060"},"modified":"2026-09-02T19:22:14","modified_gmt":"2026-09-02T17:22:14","slug":"saisonabschlussfeier-der-f-jugend","status":"publish","type":"post","link":"https:\/\/www.tuseichholzremmighausen.de\/wordpress\/archives\/24060","title":{"rendered":"Saisonabschlussfeier der F-Jugend"},"content":{"rendered":"<p>Samstag, der 4. Juli \u2013 Zeit f\u00fcr die Saisonabschlussfeier der F-Jugend.<\/p>\n<div><\/div>\n<div>Wir trafen uns um 15:30 Uhr im Vereinsheim und begannen mit der Verleihung von Urkunden \u2013 unter anderem f\u00fcr den Torsch\u00fctzenk\u00f6nig, den fairsten Spieler, den Spieler mit der gr\u00f6\u00dften Entwicklung und das st\u00e4rkste Comeback.<\/div>\n<div><img data-recalc-dims=\"1\" loading=\"lazy\" decoding=\"async\" data-attachment-id=\"24061\" data-permalink=\"https:\/\/www.tuseichholzremmighausen.de\/wordpress\/archives\/24060\/96db6b2c-8555-4417-8419-ea0dd67a7fa4\" data-orig-file=\"https:\/\/i0.wp.com\/www.tuseichholzremmighausen.de\/wordpress\/wp-content\/uploads\/2026\/09\/96db6b2c-8555-4417-8419-ea0dd67a7fa4.jpeg?fit=1440%2C1920&amp;ssl=1\" data-orig-size=\"1440,1920\" data-comments-opened=\"0\" data-image-title=\"96db6b2c-8555-4417-8419-ea0dd67a7fa4\" data-image-description=\"\" data-image-caption=\"\" data-large-file=\"https:\/\/i0.wp.com\/www.tuseichholzremmighausen.de\/wordpress\/wp-content\/uploads\/2026\/09\/96db6b2c-8555-4417-8419-ea0dd67a7fa4.jpeg?fit=768%2C1024&amp;ssl=1\" class=\"aligncenter wp-image-24061 size-large\" src=\"https:\/\/i0.wp.com\/www.tuseichholzremmighausen.de\/wordpress\/wp-content\/uploads\/2026\/09\/96db6b2c-8555-4417-8419-ea0dd67a7fa4-768x1024.jpeg?resize=768%2C1024&#038;ssl=1\" alt=\"\" width=\"768\" height=\"1024\" srcset=\"https:\/\/i0.wp.com\/www.tuseichholzremmighausen.de\/wordpress\/wp-content\/uploads\/2026\/09\/96db6b2c-8555-4417-8419-ea0dd67a7fa4.jpeg?resize=768%2C1024&amp;ssl=1 768w, https:\/\/i0.wp.com\/www.tuseichholzremmighausen.de\/wordpress\/wp-content\/uploads\/2026\/09\/96db6b2c-8555-4417-8419-ea0dd67a7fa4.jpeg?resize=225%2C300&amp;ssl=1 225w, https:\/\/i0.wp.com\/www.tuseichholzremmighausen.de\/wordpress\/wp-content\/uploads\/2026\/09\/96db6b2c-8555-4417-8419-ea0dd67a7fa4.jpeg?resize=1152%2C1536&amp;ssl=1 1152w, https:\/\/i0.wp.com\/www.tuseichholzremmighausen.de\/wordpress\/wp-content\/uploads\/2026\/09\/96db6b2c-8555-4417-8419-ea0dd67a7fa4.jpeg?w=1440&amp;ssl=1 1440w\" sizes=\"auto, (max-width: 768px) 100vw, 768px\" \/><\/div>\n<div>Die Auszeichnung zum \u201eSpieler der Saison\u201c, verbunden mit einem kleinen Pokal, ging an Franjo. Seine Fortschritte in puncto Selbstvertrauen und spielerischem K\u00f6nnen im vergangenen Jahr waren nicht nur den Eltern, sondern auch Trainern gegnerischer Mannschaften aufgefallen. Wir sind sehr stolz auf das, was Franjo in der letzten Saison pers\u00f6nlich erreicht hat \u2013 all das ist das Ergebnis seines eigenen harten Trainings und seiner Zielstrebigkeit.<\/div>\n<div><\/div>\n<div>Dann war es Zeit f\u00fcr Fu\u00dfball: Eltern gegen Kinder, nat\u00fcrlich. Die Eltern dachten wahrscheinlich, das w\u00fcrde ein entspanntes Kicken werden \u2013 doch sie hatten keine Ahnung, was sie erwartete&#8230; Man kann mit Fug und Recht behaupten, dass die Jungs ihre Eltern mit Schnelligkeit, Wendigkeit und technischem K\u00f6nnen regelrecht an die Wand spielten (anscheinend passen die ja doch im Training auf).<\/div>\n<div><img data-recalc-dims=\"1\" loading=\"lazy\" decoding=\"async\" data-attachment-id=\"24062\" data-permalink=\"https:\/\/www.tuseichholzremmighausen.de\/wordpress\/archives\/24060\/f7aae291-724e-455a-be53-995b9f74a8ae\" data-orig-file=\"https:\/\/i0.wp.com\/www.tuseichholzremmighausen.de\/wordpress\/wp-content\/uploads\/2026\/09\/f7aae291-724e-455a-be53-995b9f74a8ae-e1788367121562.jpeg?fit=1440%2C1152&amp;ssl=1\" data-orig-size=\"1440,1152\" data-comments-opened=\"0\" data-image-title=\"f7aae291-724e-455a-be53-995b9f74a8ae\" data-image-description=\"\" data-image-caption=\"\" data-large-file=\"https:\/\/i0.wp.com\/www.tuseichholzremmighausen.de\/wordpress\/wp-content\/uploads\/2026\/09\/f7aae291-724e-455a-be53-995b9f74a8ae-e1788367121562.jpeg?fit=800%2C640&amp;ssl=1\" class=\"aligncenter wp-image-24062 size-large\" src=\"https:\/\/i0.wp.com\/www.tuseichholzremmighausen.de\/wordpress\/wp-content\/uploads\/2026\/09\/f7aae291-724e-455a-be53-995b9f74a8ae-e1788367121562-1024x819.jpeg?resize=800%2C640&#038;ssl=1\" alt=\"\" width=\"800\" height=\"640\" srcset=\"https:\/\/i0.wp.com\/www.tuseichholzremmighausen.de\/wordpress\/wp-content\/uploads\/2026\/09\/f7aae291-724e-455a-be53-995b9f74a8ae-e1788367121562.jpeg?resize=1024%2C819&amp;ssl=1 1024w, https:\/\/i0.wp.com\/www.tuseichholzremmighausen.de\/wordpress\/wp-content\/uploads\/2026\/09\/f7aae291-724e-455a-be53-995b9f74a8ae-e1788367121562.jpeg?resize=300%2C240&amp;ssl=1 300w, https:\/\/i0.wp.com\/www.tuseichholzremmighausen.de\/wordpress\/wp-content\/uploads\/2026\/09\/f7aae291-724e-455a-be53-995b9f74a8ae-e1788367121562.jpeg?resize=768%2C614&amp;ssl=1 768w, https:\/\/i0.wp.com\/www.tuseichholzremmighausen.de\/wordpress\/wp-content\/uploads\/2026\/09\/f7aae291-724e-455a-be53-995b9f74a8ae-e1788367121562.jpeg?w=1440&amp;ssl=1 1440w\" sizes=\"auto, (max-width: 800px) 100vw, 800px\" \/><\/div>\n<div><img data-recalc-dims=\"1\" loading=\"lazy\" decoding=\"async\" data-attachment-id=\"24063\" data-permalink=\"https:\/\/www.tuseichholzremmighausen.de\/wordpress\/archives\/24060\/13a654bf-e3eb-4e0f-8e19-3b28677fecf8\" data-orig-file=\"https:\/\/i0.wp.com\/www.tuseichholzremmighausen.de\/wordpress\/wp-content\/uploads\/2026\/09\/13a654bf-e3eb-4e0f-8e19-3b28677fecf8-e1788367090620.jpeg?fit=1440%2C1152&amp;ssl=1\" data-orig-size=\"1440,1152\" data-comments-opened=\"0\" data-image-title=\"13a654bf-e3eb-4e0f-8e19-3b28677fecf8\" data-image-description=\"\" data-image-caption=\"\" data-large-file=\"https:\/\/i0.wp.com\/www.tuseichholzremmighausen.de\/wordpress\/wp-content\/uploads\/2026\/09\/13a654bf-e3eb-4e0f-8e19-3b28677fecf8-e1788367090620.jpeg?fit=800%2C640&amp;ssl=1\" class=\"aligncenter wp-image-24063 size-large\" src=\"https:\/\/i0.wp.com\/www.tuseichholzremmighausen.de\/wordpress\/wp-content\/uploads\/2026\/09\/13a654bf-e3eb-4e0f-8e19-3b28677fecf8-e1788367090620-1024x819.jpeg?resize=800%2C640&#038;ssl=1\" alt=\"\" width=\"800\" height=\"640\" srcset=\"https:\/\/i0.wp.com\/www.tuseichholzremmighausen.de\/wordpress\/wp-content\/uploads\/2026\/09\/13a654bf-e3eb-4e0f-8e19-3b28677fecf8-e1788367090620.jpeg?resize=1024%2C819&amp;ssl=1 1024w, https:\/\/i0.wp.com\/www.tuseichholzremmighausen.de\/wordpress\/wp-content\/uploads\/2026\/09\/13a654bf-e3eb-4e0f-8e19-3b28677fecf8-e1788367090620.jpeg?resize=300%2C240&amp;ssl=1 300w, https:\/\/i0.wp.com\/www.tuseichholzremmighausen.de\/wordpress\/wp-content\/uploads\/2026\/09\/13a654bf-e3eb-4e0f-8e19-3b28677fecf8-e1788367090620.jpeg?resize=768%2C614&amp;ssl=1 768w, https:\/\/i0.wp.com\/www.tuseichholzremmighausen.de\/wordpress\/wp-content\/uploads\/2026\/09\/13a654bf-e3eb-4e0f-8e19-3b28677fecf8-e1788367090620.jpeg?w=1440&amp;ssl=1 1440w\" sizes=\"auto, (max-width: 800px) 100vw, 800px\" \/><\/div>\n<div>Nach einer Stunde hatten sich alle eine wohlverdiente Pause verdient. Es war Zeit, das Essen zu genie\u00dfen, das die Eltern angesichts des warmen Wetters als Picknick-Buffet vorbereitet hatten.<\/div>\n<div><\/div>\n<div>Kaum zehn Minuten sp\u00e4ter waren unsere Jungs schon wieder bereit f\u00fcr die zweite Runde. Obwohl einige Eltern sagten: \u201eNie wieder, ich bin v\u00f6llig fertig\u201c, schafften es fast alle zur\u00fcck auf den Platz \u2013 diesmal auf dem Gro\u00dffeld. Vielleicht dachten die Eltern, das w\u00fcrde einfacher werden. Weit gefehlt. Sie nahmen sich vor, die Jungs diesmal nicht gewinnen zu lassen. Doch das spornte die Kinder nur noch mehr an, ihre Eltern zu schlagen. Irgendwann h\u00f6rte man einen Vater sagen: \u201eWas soll ich machen? Die sind wie kleine Ameisen \u2013 \u00fcberall!\u201c<\/div>\n<div><img data-recalc-dims=\"1\" loading=\"lazy\" decoding=\"async\" data-attachment-id=\"24064\" data-permalink=\"https:\/\/www.tuseichholzremmighausen.de\/wordpress\/archives\/24060\/c1645aff-d94c-4a81-ba07-f0d22bae9306\" data-orig-file=\"https:\/\/i0.wp.com\/www.tuseichholzremmighausen.de\/wordpress\/wp-content\/uploads\/2026\/09\/c1645aff-d94c-4a81-ba07-f0d22bae9306-e1788367156225.jpeg?fit=1440%2C1152&amp;ssl=1\" data-orig-size=\"1440,1152\" data-comments-opened=\"0\" data-image-title=\"c1645aff-d94c-4a81-ba07-f0d22bae9306\" data-image-description=\"\" data-image-caption=\"\" data-large-file=\"https:\/\/i0.wp.com\/www.tuseichholzremmighausen.de\/wordpress\/wp-content\/uploads\/2026\/09\/c1645aff-d94c-4a81-ba07-f0d22bae9306-e1788367156225.jpeg?fit=800%2C640&amp;ssl=1\" class=\"aligncenter wp-image-24064 size-large\" src=\"https:\/\/i0.wp.com\/www.tuseichholzremmighausen.de\/wordpress\/wp-content\/uploads\/2026\/09\/c1645aff-d94c-4a81-ba07-f0d22bae9306-e1788367156225-1024x819.jpeg?resize=800%2C640&#038;ssl=1\" alt=\"\" width=\"800\" height=\"640\" srcset=\"https:\/\/i0.wp.com\/www.tuseichholzremmighausen.de\/wordpress\/wp-content\/uploads\/2026\/09\/c1645aff-d94c-4a81-ba07-f0d22bae9306-e1788367156225.jpeg?resize=1024%2C819&amp;ssl=1 1024w, https:\/\/i0.wp.com\/www.tuseichholzremmighausen.de\/wordpress\/wp-content\/uploads\/2026\/09\/c1645aff-d94c-4a81-ba07-f0d22bae9306-e1788367156225.jpeg?resize=300%2C240&amp;ssl=1 300w, https:\/\/i0.wp.com\/www.tuseichholzremmighausen.de\/wordpress\/wp-content\/uploads\/2026\/09\/c1645aff-d94c-4a81-ba07-f0d22bae9306-e1788367156225.jpeg?resize=768%2C614&amp;ssl=1 768w, https:\/\/i0.wp.com\/www.tuseichholzremmighausen.de\/wordpress\/wp-content\/uploads\/2026\/09\/c1645aff-d94c-4a81-ba07-f0d22bae9306-e1788367156225.jpeg?w=1440&amp;ssl=1 1440w\" sizes=\"auto, (max-width: 800px) 100vw, 800px\" \/><\/div>\n<div><img data-recalc-dims=\"1\" loading=\"lazy\" decoding=\"async\" data-attachment-id=\"24065\" data-permalink=\"https:\/\/www.tuseichholzremmighausen.de\/wordpress\/archives\/24060\/2a097d08-e802-4e42-b221-98fcf9031cda\" data-orig-file=\"https:\/\/i0.wp.com\/www.tuseichholzremmighausen.de\/wordpress\/wp-content\/uploads\/2026\/09\/2a097d08-e802-4e42-b221-98fcf9031cda-e1788367190415.jpeg?fit=1440%2C1152&amp;ssl=1\" data-orig-size=\"1440,1152\" data-comments-opened=\"0\" data-image-title=\"2a097d08-e802-4e42-b221-98fcf9031cda\" data-image-description=\"\" data-image-caption=\"\" data-large-file=\"https:\/\/i0.wp.com\/www.tuseichholzremmighausen.de\/wordpress\/wp-content\/uploads\/2026\/09\/2a097d08-e802-4e42-b221-98fcf9031cda-e1788367190415.jpeg?fit=800%2C640&amp;ssl=1\" class=\"aligncenter wp-image-24065 size-large\" src=\"https:\/\/i0.wp.com\/www.tuseichholzremmighausen.de\/wordpress\/wp-content\/uploads\/2026\/09\/2a097d08-e802-4e42-b221-98fcf9031cda-e1788367190415-1024x819.jpeg?resize=800%2C640&#038;ssl=1\" alt=\"\" width=\"800\" height=\"640\" srcset=\"https:\/\/i0.wp.com\/www.tuseichholzremmighausen.de\/wordpress\/wp-content\/uploads\/2026\/09\/2a097d08-e802-4e42-b221-98fcf9031cda-e1788367190415.jpeg?resize=1024%2C819&amp;ssl=1 1024w, https:\/\/i0.wp.com\/www.tuseichholzremmighausen.de\/wordpress\/wp-content\/uploads\/2026\/09\/2a097d08-e802-4e42-b221-98fcf9031cda-e1788367190415.jpeg?resize=300%2C240&amp;ssl=1 300w, https:\/\/i0.wp.com\/www.tuseichholzremmighausen.de\/wordpress\/wp-content\/uploads\/2026\/09\/2a097d08-e802-4e42-b221-98fcf9031cda-e1788367190415.jpeg?resize=768%2C614&amp;ssl=1 768w, https:\/\/i0.wp.com\/www.tuseichholzremmighausen.de\/wordpress\/wp-content\/uploads\/2026\/09\/2a097d08-e802-4e42-b221-98fcf9031cda-e1788367190415.jpeg?w=1440&amp;ssl=1 1440w\" sizes=\"auto, (max-width: 800px) 100vw, 800px\" \/><\/div>\n<div>Um 19:30 Uhr war es an der Zeit, dass die Trainer den Eltern den Rest ihrer W\u00fcrde retteten und das Spiel, das bereits weit \u00fcber eine Stunde dauerte, beendeten \u2013 und damit auch offiziell die Saison 2025\/2026 abschlossen.<\/div>\n<div><img data-recalc-dims=\"1\" loading=\"lazy\" decoding=\"async\" data-attachment-id=\"24066\" data-permalink=\"https:\/\/www.tuseichholzremmighausen.de\/wordpress\/archives\/24060\/5bb883f6-ef8a-4f01-9f26-f7971adf5348\" data-orig-file=\"https:\/\/i0.wp.com\/www.tuseichholzremmighausen.de\/wordpress\/wp-content\/uploads\/2026\/09\/5bb883f6-ef8a-4f01-9f26-f7971adf5348-e1788367234957.jpeg?fit=1130%2C906&amp;ssl=1\" data-orig-size=\"1130,906\" data-comments-opened=\"0\" data-image-title=\"5bb883f6-ef8a-4f01-9f26-f7971adf5348\" data-image-description=\"\" data-image-caption=\"\" data-large-file=\"https:\/\/i0.wp.com\/www.tuseichholzremmighausen.de\/wordpress\/wp-content\/uploads\/2026\/09\/5bb883f6-ef8a-4f01-9f26-f7971adf5348-e1788367234957.jpeg?fit=800%2C641&amp;ssl=1\" class=\"aligncenter wp-image-24066 size-large\" src=\"https:\/\/i0.wp.com\/www.tuseichholzremmighausen.de\/wordpress\/wp-content\/uploads\/2026\/09\/5bb883f6-ef8a-4f01-9f26-f7971adf5348-e1788367234957-1024x821.jpeg?resize=800%2C641&#038;ssl=1\" alt=\"\" width=\"800\" height=\"641\" srcset=\"https:\/\/i0.wp.com\/www.tuseichholzremmighausen.de\/wordpress\/wp-content\/uploads\/2026\/09\/5bb883f6-ef8a-4f01-9f26-f7971adf5348-e1788367234957.jpeg?resize=1024%2C821&amp;ssl=1 1024w, https:\/\/i0.wp.com\/www.tuseichholzremmighausen.de\/wordpress\/wp-content\/uploads\/2026\/09\/5bb883f6-ef8a-4f01-9f26-f7971adf5348-e1788367234957.jpeg?resize=300%2C241&amp;ssl=1 300w, https:\/\/i0.wp.com\/www.tuseichholzremmighausen.de\/wordpress\/wp-content\/uploads\/2026\/09\/5bb883f6-ef8a-4f01-9f26-f7971adf5348-e1788367234957.jpeg?resize=768%2C616&amp;ssl=1 768w, https:\/\/i0.wp.com\/www.tuseichholzremmighausen.de\/wordpress\/wp-content\/uploads\/2026\/09\/5bb883f6-ef8a-4f01-9f26-f7971adf5348-e1788367234957.jpeg?w=1130&amp;ssl=1 1130w\" sizes=\"auto, (max-width: 800px) 100vw, 800px\" \/><\/div>\n<div>Leider verlieren wir Colin, Erik, Dimosthenis, Lukas und Marc zur neuen Saison, da sie in die E-Jugend wechseln. Wir w\u00fcnschen ihnen viel Spa\u00df und Erfolg mit ihrer neuen Mannschaft. Au\u00dferdem hei\u00dfen wir Felix, Leano und Theo offiziell in der F-Jugend willkommen; sie haben bereits in den vergangenen Wochen bei uns mittrainiert.<\/div>\n<div><\/div>\n<div>Ein besonderer Dank gilt unseren Eltern, die sich bei allem engagieren \u2013 von Kleinigkeiten wie dem Waschen der Trikots bis hin zur Teilnahme an unseren Eltern-Kind-Trainingseinheiten. Ihr alle seid ein wichtiger Teil des F-Jugend-Teams, und wir wissen euren Einsatz sehr zu sch\u00e4tzen.<\/div>\n<div><a href=\"https:\/\/www.tuseichholzremmighausen.de\/wordpress\/archives\/24060\/e8f8e383-234f-4c15-9a94-a2359075ed1c\" rel=\"attachment wp-att-24067\"><img data-recalc-dims=\"1\" loading=\"lazy\" decoding=\"async\" data-attachment-id=\"24067\" data-permalink=\"https:\/\/www.tuseichholzremmighausen.de\/wordpress\/archives\/24060\/e8f8e383-234f-4c15-9a94-a2359075ed1c\" data-orig-file=\"https:\/\/i0.wp.com\/www.tuseichholzremmighausen.de\/wordpress\/wp-content\/uploads\/2026\/09\/e8f8e383-234f-4c15-9a94-a2359075ed1c.jpeg?fit=2048%2C1536&amp;ssl=1\" data-orig-size=\"2048,1536\" data-comments-opened=\"0\" data-image-title=\"e8f8e383-234f-4c15-9a94-a2359075ed1c\" data-image-description=\"\" data-image-caption=\"\" data-large-file=\"https:\/\/i0.wp.com\/www.tuseichholzremmighausen.de\/wordpress\/wp-content\/uploads\/2026\/09\/e8f8e383-234f-4c15-9a94-a2359075ed1c.jpeg?fit=800%2C600&amp;ssl=1\" class=\"aligncenter size-large wp-image-24067\" src=\"https:\/\/i0.wp.com\/www.tuseichholzremmighausen.de\/wordpress\/wp-content\/uploads\/2026\/09\/e8f8e383-234f-4c15-9a94-a2359075ed1c.jpeg?resize=800%2C600&#038;ssl=1\" alt=\"\" width=\"800\" height=\"600\" srcset=\"https:\/\/i0.wp.com\/www.tuseichholzremmighausen.de\/wordpress\/wp-content\/uploads\/2026\/09\/e8f8e383-234f-4c15-9a94-a2359075ed1c.jpeg?resize=1024%2C768&amp;ssl=1 1024w, https:\/\/i0.wp.com\/www.tuseichholzremmighausen.de\/wordpress\/wp-content\/uploads\/2026\/09\/e8f8e383-234f-4c15-9a94-a2359075ed1c.jpeg?resize=300%2C225&amp;ssl=1 300w, https:\/\/i0.wp.com\/www.tuseichholzremmighausen.de\/wordpress\/wp-content\/uploads\/2026\/09\/e8f8e383-234f-4c15-9a94-a2359075ed1c.jpeg?resize=768%2C576&amp;ssl=1 768w, https:\/\/i0.wp.com\/www.tuseichholzremmighausen.de\/wordpress\/wp-content\/uploads\/2026\/09\/e8f8e383-234f-4c15-9a94-a2359075ed1c.jpeg?resize=1536%2C1152&amp;ssl=1 1536w, https:\/\/i0.wp.com\/www.tuseichholzremmighausen.de\/wordpress\/wp-content\/uploads\/2026\/09\/e8f8e383-234f-4c15-9a94-a2359075ed1c.jpeg?w=2048&amp;ssl=1 2048w, https:\/\/i0.wp.com\/www.tuseichholzremmighausen.de\/wordpress\/wp-content\/uploads\/2026\/09\/e8f8e383-234f-4c15-9a94-a2359075ed1c.jpeg?w=1600&amp;ssl=1 1600w\" sizes=\"auto, (max-width: 800px) 100vw, 800px\" \/><\/a><\/div>\n<div>Und nat\u00fcrlich ein gro\u00dfes Dankesch\u00f6n an unsere Jungs: Colin, David, Dimosthenis, Diyan, Erik, Franjo, Luka, Lukas, Marc, Mats, Mika, Milas, Paul, Samuel, Tino und Yusuf. Wir haben eine hervorragende Saison hinter uns, in der wir sowohl an Kreisturnieren als auch an zahlreichen Freundschaftsspielen gegen Mannschaften aus Nachbarorten teilgenommen haben.<\/div>\n<div><a href=\"https:\/\/www.tuseichholzremmighausen.de\/wordpress\/archives\/24060\/75155572-b7d3-4f85-a99d-7dbd8cb9c81e\" rel=\"attachment wp-att-24068\"><img data-recalc-dims=\"1\" loading=\"lazy\" decoding=\"async\" data-attachment-id=\"24068\" data-permalink=\"https:\/\/www.tuseichholzremmighausen.de\/wordpress\/archives\/24060\/75155572-b7d3-4f85-a99d-7dbd8cb9c81e\" data-orig-file=\"https:\/\/i0.wp.com\/www.tuseichholzremmighausen.de\/wordpress\/wp-content\/uploads\/2026\/09\/75155572-b7d3-4f85-a99d-7dbd8cb9c81e-e1788366973444.jpeg?fit=1638%2C922&amp;ssl=1\" data-orig-size=\"1638,922\" data-comments-opened=\"0\" data-image-title=\"75155572-b7d3-4f85-a99d-7dbd8cb9c81e\" data-image-description=\"\" data-image-caption=\"\" data-large-file=\"https:\/\/i0.wp.com\/www.tuseichholzremmighausen.de\/wordpress\/wp-content\/uploads\/2026\/09\/75155572-b7d3-4f85-a99d-7dbd8cb9c81e-e1788366973444.jpeg?fit=800%2C450&amp;ssl=1\" class=\"aligncenter wp-image-24068 size-large\" src=\"https:\/\/i0.wp.com\/www.tuseichholzremmighausen.de\/wordpress\/wp-content\/uploads\/2026\/09\/75155572-b7d3-4f85-a99d-7dbd8cb9c81e.jpeg?resize=800%2C600&#038;ssl=1\" alt=\"\" width=\"800\" height=\"600\" \/><\/a><\/div>\n<div>Lasst uns die Saison 26\/27 noch besser gestalten.<\/div>\n<div><\/div>\n<div>Bericht von Maicie Harris<\/div>\n","protected":false},"excerpt":{"rendered":"<p>Samstag, der 4. Juli \u2013 Zeit f\u00fcr die Saisonabschlussfeier der F-Jugend. Wir trafen uns um 15:30 Uhr im Vereinsheim und<\/p>\n","protected":false},"author":62,"featured_media":24068,"comment_status":"closed","ping_status":"closed","sticky":false,"template":"","format":"standard","meta":{"colormag_page_container_layout":"default_layout","colormag_page_sidebar_layout":"default_layout","_jetpack_newsletter_access":"","_jetpack_dont_email_post_to_subs":false,"_jetpack_newsletter_tier_id":0,"_jetpack_memberships_contains_paywalled_content":false,"_jetpack_feature_clip_id":0,"_jetpack_memberships_contains_paid_content":false,"footnotes":"","jetpack_publicize_message":"Saisonabschlussfeier der F-Jugend","jetpack_publicize_feature_enabled":true,"jetpack_social_post_already_shared":true,"jetpack_social_options":{"image_generator_settings":{"template":"highway","default_image_id":0,"font":"","enabled":false},"version":2},"jetpack_post_was_ever_published":false},"categories":[157,202,158,165],"tags":[312,311,178],"class_list":["post-24060","post","type-post","status-publish","format-standard","has-post-thumbnail","hentry","category-archiv","category-f-junioren","category-fb-jugend-aktuell","category-startseite-ohne-fb","tag-eltern-kind-training","tag-f-jugend","tag-fussball"],"jetpack_publicize_connections":[],"jetpack_sharing_enabled":true,"jetpack_featured_media_url":"https:\/\/i0.wp.com\/www.tuseichholzremmighausen.de\/wordpress\/wp-content\/uploads\/2026\/09\/75155572-b7d3-4f85-a99d-7dbd8cb9c81e-e1788366973444.jpeg?fit=1638%2C922&ssl=1","_links":{"self":[{"href":"https:\/\/www.tuseichholzremmighausen.de\/wordpress\/wp-json\/wp\/v2\/posts\/24060","targetHints":{"allow":["GET"]}}],"collection":[{"href":"https:\/\/www.tuseichholzremmighausen.de\/wordpress\/wp-json\/wp\/v2\/posts"}],"about":[{"href":"https:\/\/www.tuseichholzremmighausen.de\/wordpress\/wp-json\/wp\/v2\/types\/post"}],"author":[{"embeddable":true,"href":"https:\/\/www.tuseichholzremmighausen.de\/wordpress\/wp-json\/wp\/v2\/users\/62"}],"replies":[{"embeddable":true,"href":"https:\/\/www.tuseichholzremmighausen.de\/wordpress\/wp-json\/wp\/v2\/comments?post=24060"}],"version-history":[{"count":0,"href":"https:\/\/www.tuseichholzremmighausen.de\/wordpress\/wp-json\/wp\/v2\/posts\/24060\/revisions"}],"wp:featuredmedia":[{"embeddable":true,"href":"https:\/\/www.tuseichholzremmighausen.de\/wordpress\/wp-json\/wp\/v2\/media\/24068"}],"wp:attachment":[{"href":"https:\/\/www.tuseichholzremmighausen.de\/wordpress\/wp-json\/wp\/v2\/media?parent=24060"}],"wp:term":[{"taxonomy":"category","embeddable":true,"href":"https:\/\/www.tuseichholzremmighausen.de\/wordpress\/wp-json\/wp\/v2\/categories?post=24060"},{"taxonomy":"post_tag","embeddable":true,"href":"https:\/\/www.tuseichholzremmighausen.de\/wordpress\/wp-json\/wp\/v2\/tags?post=24060"}],"curies":[{"name":"wp","href":"https:\/\/api.w.org\/{rel}","templated":true}]}}